{"id":273382,"date":"2025-07-25T18:21:12","date_gmt":"2025-07-25T18:21:12","guid":{"rendered":"https:\/\/www.europesays.com\/fr\/273382\/"},"modified":"2025-07-25T18:21:12","modified_gmt":"2025-07-25T18:21:12","slug":"il-y-en-a-partout-avant-de-partir-en-vacances-les-habitants-de-cette-commune-sorganisent-face-aux-cambriolages","status":"publish","type":"post","link":"https:\/\/www.europesays.com\/fr\/273382\/","title":{"rendered":"\u00ab\u00a0Il y en a partout\u00a0\u00bb\u00a0: avant de partir en vacances, les habitants de cette commune s\u2019organisent face aux cambriolages"},"content":{"rendered":"<p>En ce jeudi de fin juillet, Albert s\u2019affaire dans son fourgon am\u00e9nag\u00e9, gar\u00e9 devant son domicile d\u2019un quartier de Betton, au nord de Rennes. Ce jeudi, il part en vacances. Et outre les affaires de randonn\u00e9e et de plage, l\u2019une des \u00e9tapes des pr\u00e9paratifs consistera \u00e0 brancher son alarme. \u00ab On est aussi all\u00e9 remplir les formulaires Tranquillit\u00e9 vacances \u00e0 la mairie de Betton pour que la police municipale passe chez nous pendant notre absence et nos voisins sont vigilants \u00bb, explique le Bettonnais.<\/p>\n<p>Des pr\u00e9cautions n\u00e9cessaires selon cet habitant de la commune de 12 700 habitants pour limiter les risques de cambriolages. Car Betton est, selon les chiffres du Minist\u00e8re de l\u2019Int\u00e9rieur, une des communes en Ille-et-Vilaine o\u00f9 le taux de cambriolages est le plus \u00e9lev\u00e9. En 2024, la cit\u00e9 de Rennes M\u00e9tropole affichait un bilan de neuf cambriolages pour 1 000 logements. Seuls Cesson-S\u00e9vign\u00e9, \u00e0 l\u2019est de Rennes (19 cambriolages pour 1 000 logements) et Ch\u00e2teaugiron (11) \u00e0 20 km au sud-est de la capitale bretonne, affichent des taux plus \u00e9lev\u00e9s parmi les communes de plus de 10 000 habitants.<\/p>\n<p>\u00ab La porte de mon garage a \u00e9t\u00e9 forc\u00e9e \u00bb<\/p>\n<p>Si Albert ne tombe pas dans la psychose, il est d\u00e9sormais pr\u00e9voyant. Dans son quartier, ils sont nombreux dans son cas, et trois pavillons sur quatre sont dot\u00e9s de cam\u00e9ra de vid\u00e9osurveillance. C\u2019est le cas de Pierrick et Annie, une rue plus loin. \u00ab On a aussi install\u00e9 une lumi\u00e8re devant la porte d\u2019entr\u00e9e qui d\u00e9tecte les mouvements. Des voisins ont \u00e9t\u00e9 cambriol\u00e9s deux fois en deux ans, il y en a partout \u00e0 Betton \u00bb.<\/p>\n<p>\u00c0 quelques m\u00e8tres de l\u00e0, une autre habitante a failli \u00eatre cambriol\u00e9e, il y a quelques mois. \u00ab Je suis partie faire une course en ville, un samedi, et en rentrant, je me suis rendu compte que la porte de mon garage avait \u00e9t\u00e9 forc\u00e9e. Heureusement, les cambrioleurs n\u2019ont pas pu rentrer, mais j\u2019envisage de me doter d\u2019une cam\u00e9ra \u00bb. M\u00e9fiante, il faut montrer patte blanche en arrivant chez elle. Idem ailleurs. Par trois fois, la carte de presse est demand\u00e9e avant de pouvoir poser la moindre question aux habitants.<\/p>\n<p>\u00ab On a renforc\u00e9 nos liens avec nos voisins \u00bb<\/p>\n<p>Une centaine de m\u00e8tres en direction du bourg, une autre habitante, elle, ne veut pas acheter de cam\u00e9ra. Pourtant, elle aussi a subi un cambriolage, \u00ab en 2015. Mais j\u2019ai peur que la pr\u00e9sence d\u2019une alarme attire les voleurs. Pourtant, ce cambriolage m\u2019a marqu\u00e9. Aujourd\u2019hui encore, d\u00e8s que j\u2019entends un bruit pendant la nuit, je descends v\u00e9rifier les portes \u00bb. Dans son all\u00e9e qui m\u00e8ne \u00e0 sa porte d\u2019entr\u00e9e, elle a aussi install\u00e9 des lampes solaires, \u00ab qui restent allum\u00e9es toute la nuit. On a surtout renforc\u00e9 nos liens avec les voisins, on a relanc\u00e9 la f\u00eate des voisins pour se conna\u00eetre mieux et on surveille quand les uns et les autres partent en vacances \u00bb. Un groupe WhatsApp entre riverains a \u00e9galement \u00e9t\u00e9 cr\u00e9\u00e9.<\/p>\n<p>R\u00e9currents chez les particuliers, les cambriolages sont aussi fr\u00e9quents chez les commer\u00e7ants. Dans la nuit du 8 au 9 mai 2024, <a href=\"https:\/\/www.letelegramme.fr\/ille-et-vilaine\/rennes-35000\/pres-de-rennes-trois-mineurs-interpelles-pour-pres-de-15-vols-et-tentatives-6584750.php\" target=\"_blank\" rel=\"nofollow noopener\">trois mineurs ont, par exemple, \u00e9t\u00e9 interpell\u00e9s<\/a> pour une vague de cambriolages ou de tentatives de cambriolages dans des commerces du bourg et des v\u00e9hicules \u00e0 proximit\u00e9. Le salon de coiffure du centre commercial Le Tr\u00e9gor en fait partie. \u00ab C\u2019est la troisi\u00e8me fois qu\u2019on tente de me cambrioler, d\u00e9nonce la g\u00e9rante. J\u2019ai fait une demande \u00e0 la mairie pour avoir un \u00e9clairage toute la nuit sur la place, ou un d\u00e9tecteur de pr\u00e9sence. On attend la r\u00e9ponse, c\u2019est \u00e0 l\u2019\u00e9tude. \u00bb<\/p>\n<p>En attendant, la coiffeuse a investi dans un rideau de fer devant sa porte. Pr\u00e9sente dans le centre-ville de Betton depuis 15 ans, elle a \u00ab toujours entendu les clientes parler de cambriolages \u00e0 Betton, pas plus aujourd\u2019hui qu\u2019hier. \u00c0 Betton, il y a de jolies maisons, avec beaucoup d\u2019arbres qui cachent la vue, et surtout de nombreuses voies pour s\u2019\u00e9chapper, vers l\u2019A84 ou Saint-Malo notamment. \u00bb<\/p>\n<p>\u00ab Plus il y a de pavillons, plus il y a de chance d\u2019avoir un cambriolage \u00bb<\/p>\n<p>\u00ab Pour faire du cambriolage, il faut qu\u2019il y ait du gain. Ce n\u2019est pas compliqu\u00e9 de savoir quelles sont les villes les plus attrayantes autour de Rennes, confirme la gendarmerie de Rennes. Plus il y a de pavillons, plus il y a de chance d\u2019avoir des cambriolages. Il fait bon vivre \u00e0 Betton. \u00bb Conscientes du ph\u00e9nom\u00e8ne, les forces de l\u2019ordre du secteur ont \u00ab adapt\u00e9 \u00bb leurs patrouilles. \u00ab On intensifie la surveillance en fonction des donn\u00e9es qu\u2019on re\u00e7oit sur la d\u00e9linquance et les cr\u00e9neaux les plus \u00e0 risques. Sur Betton, nous avons \u00e9galement des patrouilles en VTT \u00e9lectrique. On se rend aussi sur les march\u00e9s pour faire de la pr\u00e9vention. \u00bb<\/p>\n<p>L\u2019id\u00e9e ? \u00ab Dire aux habitants qu\u2019on est l\u00e0, mais aussi leur rappeler les bons gestes. L\u2019id\u00e9e d\u2019abord, c\u2019est de bien fermer les fen\u00eatres quand on part de chez soi, ne pas laisser ses cl\u00e9s et son portefeuille en \u00e9vidence. L\u2019id\u00e9e n\u2019est pas de faire Fort Alamo, mais d\u2019\u00eatre acteur de sa s\u00e9curit\u00e9 car on ne peut pas mettre un gendarme devant chaque pavillon. \u00bb<\/p>\n","protected":false},"excerpt":{"rendered":"En ce jeudi de fin juillet, Albert s\u2019affaire dans son fourgon am\u00e9nag\u00e9, gar\u00e9 devant son domicile d\u2019un quartier&hellip;\n","protected":false},"author":2,"featured_media":273383,"comment_status":"","ping_status":"","sticky":false,"template":"","format":"standard","meta":{"footnotes":""},"categories":[2821],"tags":[1111,11,829,1777,674,3383,1011,27,848,12,584,25],"class_list":{"0":"post-273382","1":"post","2":"type-post","3":"status-publish","4":"format-standard","5":"has-post-thumbnail","7":"category-rennes","8":"tag-actu","9":"tag-actualites","10":"tag-bretagne","11":"tag-eu","12":"tag-europe","13":"tag-faits-divers-a-rennes","14":"tag-fr","15":"tag-france","16":"tag-ille-et-vilaine","17":"tag-news","18":"tag-rennes","19":"tag-republique-francaise"},"share_on_mastodon":{"url":"https:\/\/pubeurope.com\/@fr\/114915264665315957","error":""},"_links":{"self":[{"href":"https:\/\/www.europesays.com\/fr\/wp-json\/wp\/v2\/posts\/273382","targetHints":{"allow":["GET"]}}],"collection":[{"href":"https:\/\/www.europesays.com\/fr\/wp-json\/wp\/v2\/posts"}],"about":[{"href":"https:\/\/www.europesays.com\/fr\/wp-json\/wp\/v2\/types\/post"}],"author":[{"embeddable":true,"href":"https:\/\/www.europesays.com\/fr\/wp-json\/wp\/v2\/users\/2"}],"replies":[{"embeddable":true,"href":"https:\/\/www.europesays.com\/fr\/wp-json\/wp\/v2\/comments?post=273382"}],"version-history":[{"count":0,"href":"https:\/\/www.europesays.com\/fr\/wp-json\/wp\/v2\/posts\/273382\/revisions"}],"wp:featuredmedia":[{"embeddable":true,"href":"https:\/\/www.europesays.com\/fr\/wp-json\/wp\/v2\/media\/273383"}],"wp:attachment":[{"href":"https:\/\/www.europesays.com\/fr\/wp-json\/wp\/v2\/media?parent=273382"}],"wp:term":[{"taxonomy":"category","embeddable":true,"href":"https:\/\/www.europesays.com\/fr\/wp-json\/wp\/v2\/categories?post=273382"},{"taxonomy":"post_tag","embeddable":true,"href":"https:\/\/www.europesays.com\/fr\/wp-json\/wp\/v2\/tags?post=273382"}],"curies":[{"name":"wp","href":"https:\/\/api.w.org\/{rel}","templated":true}]}}