{"id":273384,"date":"2025-07-25T18:22:13","date_gmt":"2025-07-25T18:22:13","guid":{"rendered":"https:\/\/www.europesays.com\/fr\/273384\/"},"modified":"2025-07-25T18:22:13","modified_gmt":"2025-07-25T18:22:13","slug":"faut-il-que-les-surveillants-deviennent-psychiatres-a-la-prison-de-rennes-vezin-le-ras-le-bol-des-agents-apres-une-agression","status":"publish","type":"post","link":"https:\/\/www.europesays.com\/fr\/273384\/","title":{"rendered":"\u00ab\u00a0Faut-il que les surveillants deviennent psychiatres\u00a0?\u00a0\u00bb A la prison de Rennes-Vezin, le ras-le-bol des agents apr\u00e8s une agression"},"content":{"rendered":"<p>\u00ab Doit-on attendre qu\u2019un drame survienne pour que les d\u00e9cideurs prennent la mesure du danger ? \u00bb, r\u00e9agit le bureau local FO Justice apr\u00e8s l\u2019agression d\u2019un agent jeudi 24 juillet par un d\u00e9tenu du Centre p\u00e9nitentiaire Rennes-Vezin (CPRV). Le syndicat FO tire la sonnette d\u2019alarme face ce qu\u2019il appelle des profils jug\u00e9s \u00ab instables \u00bb.<\/p>\n<p>Plusieurs actes<\/p>\n<p>La nuit des faits, le d\u00e9tenu \u00ab connu pour ses troubles psychiatriques \u00bb, comme le d\u00e9crit Florian Adam du syndicat FO Justice, est plac\u00e9 dans le Quartier arrivant. Vers minuit, il s\u2019attaque au mat\u00e9riel de sa cellule. Le lendemain matin, les agents constatent que le d\u00e9tenu a \u00ab volontairement d\u00e9f\u00e9qu\u00e9 en plein milieu de sa cellule, posant imm\u00e9diatement un probl\u00e8me d\u2019hygi\u00e8ne et de salubrit\u00e9 \u00bb. Une heure plus tard, les surveillants \u00ab d\u00e9couvrent que l\u2019individu tente \u00e0 nouveau de casser sa fen\u00eatre \u00bb.<\/p>\n<p>Les agents interviennent. L\u2019individu r\u00e9plique alors en envoyant un coup de poing au visage du surveillant. Par la suite, le m\u00eame assaillant a \u00ab mit le feu au quartier disciplinaire. Puis, dans la nuit de jeudi \u00e0 vendredi, a fabriqu\u00e9 une corde pour se pendre, apprend le syndicaliste. Les agents du service ont d\u00fb le d\u00e9placer dans une nos cellules anti-suicide \u00bb.<\/p>\n<p>\u00ab Incapacit\u00e9 chronique \u00bb<\/p>\n<p>Cet acte n\u2019est pas isol\u00e9, rappelle le syndicat. Le 16 juillet dernier, <a href=\"https:\/\/www.letelegramme.fr\/ille-et-vilaine\/rennes-35000\/je-vais-te-faire-assassiner-un-surveillant-violemment-agresse-a-la-prison-de-rennes-6856979.php\" target=\"_blank\" rel=\"nofollow noopener\">un incident similaire<\/a> s\u2019\u00e9tait d\u00e9roul\u00e9 dans le quartier disciplinaire. Un autre d\u00e9tenu avait cette fois-ci crach\u00e9 au visage d\u2019un agent. Pour Florian Adam, ces diff\u00e9rents actes mesurent \u00ab l\u2019incapacit\u00e9 chronique de notre \u00e9tablissement \u00e0 g\u00e9rer les profils psychiatriques \u00bb.<\/p>\n<p>Le syndicat affirme m\u00eame : \u00ab Le CPRV devient progressivement un h\u00f4pital psychiatrique \u00bb avant de d\u00e9plorer : \u00ab Faut-il que les surveillants deviennent psychologues, psychiatres, infirmiers et agents p\u00e9nitentiaires \u00e0 la fois ? \u00bb<\/p>\n<p>\u00ab Pas magiciens \u00bb<\/p>\n<p>Sur les profils psychiatriques, la Direction interr\u00e9gionale des services p\u00e9nitentiaires du Grand Ouest explique qu\u2019une \u00ab prise en charge peut \u00eatre possible par les h\u00f4pitaux ext\u00e9rieurs \u00bb, avec un placement \u00ab dans une unit\u00e9 sp\u00e9cialis\u00e9e \u00bb. Elle rappelle \u00e9galement que le d\u00e9tenu ayant commis un acte de violence sera confront\u00e9 \u00e0 \u00ab une mesure disciplinaire \u00bb.<\/p>\n<p>Concernant les actes de violence, \u00ab les agents ont l\u2019habitude, mais ils ne sont pas magiciens \u00bb, pr\u00e9cise la direction. \u00ab Ils peuvent faire face \u00e0 des r\u00e9actions parfois violentes en r\u00e9action \u00e0 un \u00e9nervement ou un profil psy. Cette situation se produit dans un contexte de surpopulation ce qui est difficile pour mettre de la paix. \u00bb<\/p>\n","protected":false},"excerpt":{"rendered":"\u00ab Doit-on attendre qu\u2019un drame survienne pour que les d\u00e9cideurs prennent la mesure du danger ? \u00bb, r\u00e9agit&hellip;\n","protected":false},"author":2,"featured_media":273385,"comment_status":"","ping_status":"","sticky":false,"template":"","format":"standard","meta":{"footnotes":""},"categories":[2821],"tags":[1111,11,829,1777,674,3383,1011,27,848,12,584,25],"class_list":{"0":"post-273384","1":"post","2":"type-post","3":"status-publish","4":"format-standard","5":"has-post-thumbnail","7":"category-rennes","8":"tag-actu","9":"tag-actualites","10":"tag-bretagne","11":"tag-eu","12":"tag-europe","13":"tag-faits-divers-a-rennes","14":"tag-fr","15":"tag-france","16":"tag-ille-et-vilaine","17":"tag-news","18":"tag-rennes","19":"tag-republique-francaise"},"share_on_mastodon":{"url":"https:\/\/pubeurope.com\/@fr\/114915268585624158","error":""},"_links":{"self":[{"href":"https:\/\/www.europesays.com\/fr\/wp-json\/wp\/v2\/posts\/273384","targetHints":{"allow":["GET"]}}],"collection":[{"href":"https:\/\/www.europesays.com\/fr\/wp-json\/wp\/v2\/posts"}],"about":[{"href":"https:\/\/www.europesays.com\/fr\/wp-json\/wp\/v2\/types\/post"}],"author":[{"embeddable":true,"href":"https:\/\/www.europesays.com\/fr\/wp-json\/wp\/v2\/users\/2"}],"replies":[{"embeddable":true,"href":"https:\/\/www.europesays.com\/fr\/wp-json\/wp\/v2\/comments?post=273384"}],"version-history":[{"count":0,"href":"https:\/\/www.europesays.com\/fr\/wp-json\/wp\/v2\/posts\/273384\/revisions"}],"wp:featuredmedia":[{"embeddable":true,"href":"https:\/\/www.europesays.com\/fr\/wp-json\/wp\/v2\/media\/273385"}],"wp:attachment":[{"href":"https:\/\/www.europesays.com\/fr\/wp-json\/wp\/v2\/media?parent=273384"}],"wp:term":[{"taxonomy":"category","embeddable":true,"href":"https:\/\/www.europesays.com\/fr\/wp-json\/wp\/v2\/categories?post=273384"},{"taxonomy":"post_tag","embeddable":true,"href":"https:\/\/www.europesays.com\/fr\/wp-json\/wp\/v2\/tags?post=273384"}],"curies":[{"name":"wp","href":"https:\/\/api.w.org\/{rel}","templated":true}]}}