{"id":273391,"date":"2025-07-25T18:26:13","date_gmt":"2025-07-25T18:26:13","guid":{"rendered":"https:\/\/www.europesays.com\/fr\/273391\/"},"modified":"2025-07-25T18:26:13","modified_gmt":"2025-07-25T18:26:13","slug":"le-jour-ou-je-ne-kifferai-plus-jarreterai-on-a-rencontre-le-trompettiste-daoud-revelation-du-premier-soir-du-nice-jazz-fest","status":"publish","type":"post","link":"https:\/\/www.europesays.com\/fr\/273391\/","title":{"rendered":"\u00ab\u00a0Le jour o\u00f9 je ne kifferai plus, j\u2019arr\u00eaterai\u00a0\u00bb: on a rencontr\u00e9 le trompettiste Daoud, r\u00e9v\u00e9lation du premier soir du Nice Jazz Fest"},"content":{"rendered":"<p>Souvent, quand on fait les choses s\u00e9rieusement sans se prendre trop au s\u00e9rieux, c\u2019est encore mieux. Avant sa toute premi\u00e8re fois au Nice Jazz Fest, jeudi en ouverture au Th\u00e9\u00e2tre de Verdure, Daoud ne semblait pas trop se faire de mauvais sang.<\/p>\n<p>Apr\u00e8s avoir fait ses r\u00e9glages en fin d\u2019apr\u00e8s-midi, le trompettiste tombait dans les bras de la chanteuse China Moses, qui lui demandait s\u2019il \u00e9tait chaud pour venir jouer un morceau pendant son set. Banco. Malgr\u00e9 son pin\u2019s ironique I Don\u2019t Work Here (\u00ab\u00a0Je ne travaille pas ici\u00a0\u00bb, pour ceux qui auraient s\u00e9ch\u00e9 les cours d\u2019anglais) accroch\u00e9 sur son marcel, le trompettiste a accept\u00e9 le job, sans h\u00e9siter.<\/p>\n<p>\u00ab\u00a0Le jour o\u00f9 je ne kifferai plus, j\u2019arr\u00eaterai\u00a0\u00bb<\/p>\n<p>Tard dans la nuit, le duo remettra m\u00eame \u00e7a lors d\u2019une jam-session. \u00ab\u00a0Le jour o\u00f9 je ne kifferai plus, j\u2019arr\u00eaterai. Je l\u2019ai d\u00e9j\u00e0 fait. Dans ma communication, il y a une part de nonchalance, c\u2019est s\u00fbr. Mais la musique, c\u2019est s\u00e9rieux, c\u2019est ma vie\u00a0\u00bb, appuie-t-il.<\/p>\n<p>En ce moment, tout roule pour Daoud. Le magazine Jazz News l\u2019a mis en couverture de son dernier num\u00e9ro, les dates s\u2019encha\u00eenent et son nouvel album, ok, arrivera le 29 ao\u00fbt.<\/p>\n<p>\u00ab\u00a0Les gens commencent \u00e0 c\u00e9der\u00a0\u00bb, se marre l\u2019artiste originaire de Vandoeuvre, en Lorraine, derri\u00e8re sa barbe fournie. \u00ab\u00a0J\u2019ai concentr\u00e9 toute mon \u00e9nergie sur un seul projet [son premier album, Good boy, ndlr], pendant quatre ans. Quand on croise des artistes qui sont d\u00e9j\u00e0 arriv\u00e9s \u00e0 un certain niveau de reconnaissance, on se rend compte que notre impression de les voir arriver du jour au lendemain est fausse. Avant \u00e7a, il y a huit-dix ans \u00e0 bouffer de la merde\u00a0\u00bb, estime le souffleur.<\/p>\n<p>L\u2019\u00e2me d\u2019un clown<\/p>\n<p>Et pour lui alors, d\u2019o\u00f9 est venu le d\u00e9clic? \u00ab\u00a0Ma chance, c\u2019est que le public a r\u00e9pondu. Quand c\u2019est comme \u00e7a, m\u00eame ceux qui n\u2019ont pas envie de t\u2019aimer sont oblig\u00e9s de t\u2019appeler\u00a0\u00bb, ironise-t-il.<\/p>\n<p>Sur sc\u00e8ne, c\u2019est un peu la m\u00eame limonade. Daoud prend un malin plaisir \u00e0 chambouler son auditoire, en d\u00e9ambulant l\u2019air hagard ou poss\u00e9d\u00e9, en s\u2019aventurant dans toutes les directions qui lui semblent excitantes, entre jazz, hip-hop et musiques \u00e9lectroniques. Il ne se prive pas non plus d\u2019exp\u00e9dier des vannes, comme un stand-upper au bord du pr\u00e9cipice. \u00ab\u00a0J\u2019aime voir jusqu\u2019o\u00f9 je peux emmener le public dans la g\u00eane, sans qu\u2019il me d\u00e9teste\u00a0\u00bb, glisse Daoud.<\/p>\n<p>\u00ab\u00a0La trompette, aujourd\u2019hui encore, \u00e7a reste une excuse pour faire des conneries. J\u2019\u00e9tais obs\u00e9d\u00e9 par les clowns quand j\u2019\u00e9tais gamin. J\u2019ai d\u00fb en voir un qui en jouait un jour et j\u2019ai voulu l\u2019imiter. Et puis je suis super bavard. C\u2019est horrible, mais je pr\u00e9f\u00e8re \u00e7a \u00e0 un show hyper produit, hyper sc\u00e9nographi\u00e9.\u00a0\u00bb<\/p>\n","protected":false},"excerpt":{"rendered":"Souvent, quand on fait les choses s\u00e9rieusement sans se prendre trop au s\u00e9rieux, c\u2019est encore mieux. Avant sa&hellip;\n","protected":false},"author":2,"featured_media":273392,"comment_status":"","ping_status":"","sticky":false,"template":"","format":"standard","meta":{"footnotes":""},"categories":[2819],"tags":[1111,11,4156,251,1777,674,1011,27,873,12,2401,882,25],"class_list":{"0":"post-273391","1":"post","2":"type-post","3":"status-publish","4":"format-standard","5":"has-post-thumbnail","7":"category-nice","8":"tag-actu","9":"tag-actualites","10":"tag-concerts","11":"tag-culture","12":"tag-eu","13":"tag-europe","14":"tag-fr","15":"tag-france","16":"tag-musique","17":"tag-news","18":"tag-nice","19":"tag-provence-alpes-cote-dazur","20":"tag-republique-francaise"},"share_on_mastodon":{"url":"https:\/\/pubeurope.com\/@fr\/114915284391725863","error":""},"_links":{"self":[{"href":"https:\/\/www.europesays.com\/fr\/wp-json\/wp\/v2\/posts\/273391","targetHints":{"allow":["GET"]}}],"collection":[{"href":"https:\/\/www.europesays.com\/fr\/wp-json\/wp\/v2\/posts"}],"about":[{"href":"https:\/\/www.europesays.com\/fr\/wp-json\/wp\/v2\/types\/post"}],"author":[{"embeddable":true,"href":"https:\/\/www.europesays.com\/fr\/wp-json\/wp\/v2\/users\/2"}],"replies":[{"embeddable":true,"href":"https:\/\/www.europesays.com\/fr\/wp-json\/wp\/v2\/comments?post=273391"}],"version-history":[{"count":0,"href":"https:\/\/www.europesays.com\/fr\/wp-json\/wp\/v2\/posts\/273391\/revisions"}],"wp:featuredmedia":[{"embeddable":true,"href":"https:\/\/www.europesays.com\/fr\/wp-json\/wp\/v2\/media\/273392"}],"wp:attachment":[{"href":"https:\/\/www.europesays.com\/fr\/wp-json\/wp\/v2\/media?parent=273391"}],"wp:term":[{"taxonomy":"category","embeddable":true,"href":"https:\/\/www.europesays.com\/fr\/wp-json\/wp\/v2\/categories?post=273391"},{"taxonomy":"post_tag","embeddable":true,"href":"https:\/\/www.europesays.com\/fr\/wp-json\/wp\/v2\/tags?post=273391"}],"curies":[{"name":"wp","href":"https:\/\/api.w.org\/{rel}","templated":true}]}}