{"id":273413,"date":"2025-07-25T18:38:11","date_gmt":"2025-07-25T18:38:11","guid":{"rendered":"https:\/\/www.europesays.com\/fr\/273413\/"},"modified":"2025-07-25T18:38:11","modified_gmt":"2025-07-25T18:38:11","slug":"le-prevenu-identifie-par-son-sperme","status":"publish","type":"post","link":"https:\/\/www.europesays.com\/fr\/273413\/","title":{"rendered":"le pr\u00e9venu identifi\u00e9 par son sperme"},"content":{"rendered":"<p>\u00ab\u00a0Ce n\u2019est pas facile de dire, dans un tribunal, pour sa fiert\u00e9, qu\u2019il a \u00e9jacul\u00e9 sur une femme dans un tramway\u00a0\u00bb, a estim\u00e9 le procureur. Mais \u00ab\u00a0c\u2019est math\u00e9matique\u00a0\u00bb, il est l\u2019auteur d\u2019une agression sexuelle, commise le 7\u00a0mai 2023, \u00e0 Lyon, dans un transport en commun, a insist\u00e9 le minist\u00e8re public.<\/p>\n<p>Le pr\u00e9venu, jug\u00e9 vendredi par le tribunal de Lyon, a \u00e9t\u00e9 identifi\u00e9 via une analyse g\u00e9n\u00e9tique de sperme. Son ADN \u00e9tait pr\u00e9sent dans les fichiers de police, apr\u00e8s de pr\u00e9c\u00e9dentes infractions.<\/p>\n<p>L\u2019homme de 23 ans, un Alg\u00e9rien aux cheveux longs, en situation irr\u00e9guli\u00e8re et sous le coup d\u2019une&#8230;<\/p>\n","protected":false},"excerpt":{"rendered":"\u00ab\u00a0Ce n\u2019est pas facile de dire, dans un tribunal, pour sa fiert\u00e9, qu\u2019il a \u00e9jacul\u00e9 sur une femme&hellip;\n","protected":false},"author":2,"featured_media":273414,"comment_status":"","ping_status":"","sticky":false,"template":"","format":"standard","meta":{"footnotes":""},"categories":[1889],"tags":[1111,11,2430,271,272,2757,1777,674,274,107,1011,27,2428,2756,12,25,2429],"class_list":{"0":"post-273413","1":"post","2":"type-post","3":"status-publish","4":"format-standard","5":"has-post-thumbnail","7":"category-lyon","8":"tag-actu","9":"tag-actualites","10":"tag-auvergne-rhone-alpes","11":"tag-crime","12":"tag-delit-et-contravention","13":"tag-edition-lyon-villeurbanne","14":"tag-eu","15":"tag-europe","16":"tag-faits-divers-justice","17":"tag-fil-info","18":"tag-fr","19":"tag-france","20":"tag-lyon","21":"tag-lyon-bassin","22":"tag-news","23":"tag-republique-francaise","24":"tag-rhone"},"share_on_mastodon":{"url":"https:\/\/pubeurope.com\/@fr\/114915331582815765","error":""},"_links":{"self":[{"href":"https:\/\/www.europesays.com\/fr\/wp-json\/wp\/v2\/posts\/273413","targetHints":{"allow":["GET"]}}],"collection":[{"href":"https:\/\/www.europesays.com\/fr\/wp-json\/wp\/v2\/posts"}],"about":[{"href":"https:\/\/www.europesays.com\/fr\/wp-json\/wp\/v2\/types\/post"}],"author":[{"embeddable":true,"href":"https:\/\/www.europesays.com\/fr\/wp-json\/wp\/v2\/users\/2"}],"replies":[{"embeddable":true,"href":"https:\/\/www.europesays.com\/fr\/wp-json\/wp\/v2\/comments?post=273413"}],"version-history":[{"count":0,"href":"https:\/\/www.europesays.com\/fr\/wp-json\/wp\/v2\/posts\/273413\/revisions"}],"wp:featuredmedia":[{"embeddable":true,"href":"https:\/\/www.europesays.com\/fr\/wp-json\/wp\/v2\/media\/273414"}],"wp:attachment":[{"href":"https:\/\/www.europesays.com\/fr\/wp-json\/wp\/v2\/media?parent=273413"}],"wp:term":[{"taxonomy":"category","embeddable":true,"href":"https:\/\/www.europesays.com\/fr\/wp-json\/wp\/v2\/categories?post=273413"},{"taxonomy":"post_tag","embeddable":true,"href":"https:\/\/www.europesays.com\/fr\/wp-json\/wp\/v2\/tags?post=273413"}],"curies":[{"name":"wp","href":"https:\/\/api.w.org\/{rel}","templated":true}]}}