{"id":273415,"date":"2025-07-25T18:39:13","date_gmt":"2025-07-25T18:39:13","guid":{"rendered":"https:\/\/www.europesays.com\/fr\/273415\/"},"modified":"2025-07-25T18:39:13","modified_gmt":"2025-07-25T18:39:13","slug":"jusqua-deux-heures-de-retard-pour-les-voyageurs","status":"publish","type":"post","link":"https:\/\/www.europesays.com\/fr\/273415\/","title":{"rendered":"jusqu\u2019\u00e0 deux heures de retard pour les voyageurs"},"content":{"rendered":"<p>Alors que le chass\u00e9-crois\u00e9 des vacances bat son plein, la circulation ferroviaire est fortement ralentie autour de Lyon. Selon la SNCF, un incident technique impacte a actuellement un impact sur le trafic sur la ligne \u00e0 grande vitesse (LGV), provoquant d&rsquo;importants retards au d\u00e9part comme \u00e0 l\u2019arriv\u00e9e.<\/p>\n<p>\u00ab\u00a0Votre train a \u00e9t\u00e9 arr\u00eat\u00e9 en pleine voie suite \u00e0 un d\u00e9faut d&rsquo;alimentation \u00e9lectrique\u00a0qui touche la LGV Sud Est\u00a0sur votre parcours\u00a0\u00bb, signale la SNCF.<\/p>\n<p>Ce contenu est bloqu\u00e9 car vous n&rsquo;avez pas accept\u00e9 les cookies et autres traceurs.<\/p>\n<p>En cliquant sur \u00ab J\u2019accepte \u00bb, les cookies et autres traceurs seront d\u00e9pos\u00e9s et vous pourrez visualiser les contenus  (<a href=\"\" class=\"consentModule_policy\" target=\"_blank\" title=\"Consulter la politique de protection des donn\u00e9es du fournisseur\">plus d&rsquo;informations<\/a>).<\/p>\n<p>En cliquant sur \u00ab J\u2019accepte tous les cookies \u00bb, vous autorisez des d\u00e9p\u00f4ts de cookies et autres traceurs pour le stockage de vos donn\u00e9es sur nos sites et applications \u00e0 des fins de personnalisation et de ciblage publicitaire.<\/p>\n<p class=\"consentModule_secondaryText\">Vous gardez la possibilit\u00e9 de retirer votre consentement \u00e0 tout moment en consultant notre <a href=\"https:\/\/www.leprogres.fr\/protection-des-donnees\" target=\"_blank\" title=\"Consulter notre politique de protection des donn\u00e9es\" rel=\"nofollow noopener\">politique de protection des donn\u00e9es<\/a>. <br \/>&#13;<br \/>\n            <a href=\"https:\/\/www.leprogres.fr\/transport\/2025\/07\/25\/javascript:Didomi.notice.show()\" class=\"consentModule_cmp\" rel=\"nofollow noopener\" target=\"_blank\">G\u00e9rer mes choix<\/a>&#13;\n        <\/p>\n<p>&#13;<br \/>\n                        J&rsquo;accepte&#13;<br \/>\n            J&rsquo;accepte tous les cookies&#13;\n        <\/p>\n<p>  Jusqu&rsquo;\u00e0 140 minutes de retard<\/p>\n<p>\u00c0 18h, les quais de la Part-Dieu \u00e9taient bond\u00e9s de voyageurs en attente d\u2019informations. Parmi les trains les plus touch\u00e9s :<a href=\"https:\/\/www.leprogres.fr\/faits-divers-justice\/2025\/07\/01\/en-pleine-canicule-le-train-toulouse-lyon-accuse-plus-de-trois-heures-de-retard-le-wagon-bar-etait-devalise\" target=\"_blank\" rel=\"nofollow noopener\"> le TGV \u00e0 destination de Toulouse<\/a> accuse 140 minutes de retard, soit plus de deux heures. M\u00eame constat pour les liaisons vers Marseille Saint-Charles et Saint-\u00c9tienne, avec des retards avoisinant \u00e9galement les deux heures.<\/p>\n<p>Les arriv\u00e9es ne sont pas \u00e9pargn\u00e9es. Le train en provenance de Rennes, initialement attendu \u00e0 16h30, n\u2019est pas attendu avant plus de trois heures suppl\u00e9mentaires.<\/p>\n<p>D\u2019autres trains sont \u00e9galement affect\u00e9s, avec des retards plus mod\u00e9r\u00e9s, allant de 5 \u00e0 45 minutes. La SNCF recommande aux voyageurs de consulter l\u2019application SNCF Connect ou les panneaux d\u2019affichage en gare pour suivre l\u2019\u00e9volution du trafic en temps r\u00e9el.<\/p>\n","protected":false},"excerpt":{"rendered":"Alors que le chass\u00e9-crois\u00e9 des vacances bat son plein, la circulation ferroviaire est fortement ralentie autour de Lyon.&hellip;\n","protected":false},"author":2,"featured_media":273416,"comment_status":"","ping_status":"","sticky":false,"template":"","format":"standard","meta":{"footnotes":""},"categories":[1889],"tags":[1111,11,2430,3542,2757,1777,674,107,1011,27,3367,2428,12,25,2429,2803],"class_list":{"0":"post-273415","1":"post","2":"type-post","3":"status-publish","4":"format-standard","5":"has-post-thumbnail","7":"category-lyon","8":"tag-actu","9":"tag-actualites","10":"tag-auvergne-rhone-alpes","11":"tag-circulation","12":"tag-edition-lyon-villeurbanne","13":"tag-eu","14":"tag-europe","15":"tag-fil-info","16":"tag-fr","17":"tag-france","18":"tag-loire","19":"tag-lyon","20":"tag-news","21":"tag-republique-francaise","22":"tag-rhone","23":"tag-transport"},"share_on_mastodon":{"url":"https:\/\/pubeurope.com\/@fr\/114915335382825129","error":""},"_links":{"self":[{"href":"https:\/\/www.europesays.com\/fr\/wp-json\/wp\/v2\/posts\/273415","targetHints":{"allow":["GET"]}}],"collection":[{"href":"https:\/\/www.europesays.com\/fr\/wp-json\/wp\/v2\/posts"}],"about":[{"href":"https:\/\/www.europesays.com\/fr\/wp-json\/wp\/v2\/types\/post"}],"author":[{"embeddable":true,"href":"https:\/\/www.europesays.com\/fr\/wp-json\/wp\/v2\/users\/2"}],"replies":[{"embeddable":true,"href":"https:\/\/www.europesays.com\/fr\/wp-json\/wp\/v2\/comments?post=273415"}],"version-history":[{"count":0,"href":"https:\/\/www.europesays.com\/fr\/wp-json\/wp\/v2\/posts\/273415\/revisions"}],"wp:featuredmedia":[{"embeddable":true,"href":"https:\/\/www.europesays.com\/fr\/wp-json\/wp\/v2\/media\/273416"}],"wp:attachment":[{"href":"https:\/\/www.europesays.com\/fr\/wp-json\/wp\/v2\/media?parent=273415"}],"wp:term":[{"taxonomy":"category","embeddable":true,"href":"https:\/\/www.europesays.com\/fr\/wp-json\/wp\/v2\/categories?post=273415"},{"taxonomy":"post_tag","embeddable":true,"href":"https:\/\/www.europesays.com\/fr\/wp-json\/wp\/v2\/tags?post=273415"}],"curies":[{"name":"wp","href":"https:\/\/api.w.org\/{rel}","templated":true}]}}