{"id":273419,"date":"2025-07-25T18:44:10","date_gmt":"2025-07-25T18:44:10","guid":{"rendered":"https:\/\/www.europesays.com\/fr\/273419\/"},"modified":"2025-07-25T18:44:10","modified_gmt":"2025-07-25T18:44:10","slug":"mdr-la-reponse-cinglante-de-mbappe-sur-son-suppose-refus-de-porter-la-flamme-olympique-2","status":"publish","type":"post","link":"https:\/\/www.europesays.com\/fr\/273419\/","title":{"rendered":"\u00ab\u00a0MDR\u00a0\u00bb, la r\u00e9ponse cinglante de Mbapp\u00e9 sur son suppos\u00e9 refus de porter la flamme olympique"},"content":{"rendered":"<p class=\"mb-4 text-lg md:leading-8 break-words\">Au moins, \u00e7a l\u2019a fait rire. Kylian Mbapp\u00e9 ne s\u2019attendait sans doute pas \u00e0 devoir se justifier sur son absence \u00e0 Paris le 26 juillet 2024, date de la<a href=\"https:\/\/rmcsport.bfmtv.com\/jeux-olympiques\/la-ceremonie-d-ouverture-des-jo-2024-de-paris_DN-202312220436.html\" rel=\"nofollow noopener\" target=\"_blank\" data-ylk=\"slk:c\u00e9r\u00e9monie d\u2019ouverture des Jeux olympiques;elm:context_link;itc:0;sec:content-canvas\" class=\"link \"> c\u00e9r\u00e9monie d\u2019ouverture des Jeux olympiques<\/a> dans la capitale. Et pourtant\u2026 Dans sa derni\u00e8re \u00e9dition, le <a href=\"https:\/\/www.lecanardenchaine.fr\/sport\/51429-mbappe-avait-la-flemme-olympique\" rel=\"nofollow noopener\" target=\"_blank\" data-ylk=\"slk:Canard Encha\u00een\u00e9;elm:context_link;itc:0;sec:content-canvas\" class=\"link \">Canard Encha\u00een\u00e9 <\/a>assure que l\u2019attaquant du Real Madrid a \u00e9t\u00e9 sollicit\u00e9 par Tony Estanguet pour \u00eatre le porteur de la flamme masqu\u00e9. Mais selon l\u2019hebdomadaire \u00ab\u00a0le capitaine de l\u2019\u00e9quipe de France de foot, a d\u00e9clin\u00e9 la proposition, formul\u00e9e par Estanguet lui-m\u00eame, de brandir la torche sur quelques m\u00e8tres.\u00a0\u00bb<\/p>\n<p class=\"mb-4 text-lg md:leading-8 break-words\">Kylian Mbapp\u00e9 aurait refus\u00e9 la proposition du patron du Cojo au motif qu\u2019il voulait \u00eatre le dernier porteur, r\u00f4le qui est revenu \u00e0 Marie-Jos\u00e9 P\u00e9rec et Teddy Riner. Il \u00ab\u00a0voulait \u00eatre le dernier porteur\u00a0\u00bb mais \u00ab\u00a0la place avait d\u00e9j\u00e0 \u00e9t\u00e9 attribu\u00e9e \u00e0 Teddy Riner\u00a0\u00bb, peut-on lire dans cet article titr\u00e9 \u00ab\u00a0Mbapp\u00e9 avait la flemme olympique.\u00a0\u00bb<\/p>\n<p>\u00ab\u00a0Vous avez oubli\u00e9 de dire que je voulais aussi \u00eatre le meneur de l\u2019\u00e9quipe de France de basket\u00a0\u00bb<\/p>\n<p class=\"mb-4 text-lg md:leading-8 break-words\">La star du Real aurait donc \u00e9t\u00e9 absente de la c\u00e9r\u00e9monie d&rsquo;ouverture des JO pour une question d\u2019ego? Faux selon l\u2019int\u00e9ress\u00e9 qui a comment\u00e9 avec humour ce vendredi le post X du Canard Encha\u00een\u00e9: \u00ab\u00a0MDR vous avez oubli\u00e9 de dire que je voulais aussi \u00eatre le meneur de l\u2019\u00e9quipe de France de basket je pense\u00a0\u00bb, a ironis\u00e9 le joueur de 26 ans avant de se justifier. \u00ab\u00a0J\u2019\u00e9tais juste au calme en vacances \u00e0 l\u2019autre bout du globe. Aucune raison d\u2019\u00eatre dernier porteur de flamme vu que je n\u2019ai aucune histoire avec les JO\u00a0\u00bb, a clarifi\u00e9 Mbapp\u00e9 dans un post illustr\u00e9 par un gif o\u00f9 on le voit avec un casque de chantier et un manteau aux couleurs du&#8230; PSG.<\/p>\n<p class=\"mb-4 text-lg md:leading-8 break-words\"><a href=\"https:\/\/rmcsport.bfmtv.com\/football\/kylian-mbappe\/jo-de-paris-2024-mdr-la-reponse-cinglante-de-mbappe-sur-son-suppose-refus-de-porter-la-flamme-olympique_AN-202507250418.html#xtor=AL-68\" rel=\"nofollow noopener\" target=\"_blank\" data-ylk=\"slk:Article original publi\u00e9 sur RMC Sport;elm:context_link;itc:0;sec:content-canvas\" class=\"link \">Article original publi\u00e9 sur RMC Sport<\/a><\/p>\n","protected":false},"excerpt":{"rendered":"Au moins, \u00e7a l\u2019a fait rire. Kylian Mbapp\u00e9 ne s\u2019attendait sans doute pas \u00e0 devoir se justifier sur&hellip;\n","protected":false},"author":2,"featured_media":273420,"comment_status":"","ping_status":"","sticky":false,"template":"","format":"standard","meta":{"footnotes":""},"categories":[1888],"tags":[1111,1928,11,1927,14332,1777,674,1011,27,6477,33166,12,1926,626,1925,4790,25,23046,29441],"class_list":{"0":"post-273419","1":"post","2":"type-post","3":"status-publish","4":"format-standard","5":"has-post-thumbnail","7":"category-paris","8":"tag-actu","9":"tag-actu-paris","10":"tag-actualites","11":"tag-actualites-paris","12":"tag-ceremonie-douverture","13":"tag-eu","14":"tag-europe","15":"tag-fr","16":"tag-france","17":"tag-kylian-mbappe","18":"tag-marie-jose-perec","19":"tag-news","20":"tag-news-paris","21":"tag-paris","22":"tag-paris-news","23":"tag-real-madrid","24":"tag-republique-francaise","25":"tag-teddy-riner","26":"tag-tony-estanguet"},"share_on_mastodon":{"url":"https:\/\/pubeurope.com\/@fr\/114915355110979265","error":""},"_links":{"self":[{"href":"https:\/\/www.europesays.com\/fr\/wp-json\/wp\/v2\/posts\/273419","targetHints":{"allow":["GET"]}}],"collection":[{"href":"https:\/\/www.europesays.com\/fr\/wp-json\/wp\/v2\/posts"}],"about":[{"href":"https:\/\/www.europesays.com\/fr\/wp-json\/wp\/v2\/types\/post"}],"author":[{"embeddable":true,"href":"https:\/\/www.europesays.com\/fr\/wp-json\/wp\/v2\/users\/2"}],"replies":[{"embeddable":true,"href":"https:\/\/www.europesays.com\/fr\/wp-json\/wp\/v2\/comments?post=273419"}],"version-history":[{"count":0,"href":"https:\/\/www.europesays.com\/fr\/wp-json\/wp\/v2\/posts\/273419\/revisions"}],"wp:featuredmedia":[{"embeddable":true,"href":"https:\/\/www.europesays.com\/fr\/wp-json\/wp\/v2\/media\/273420"}],"wp:attachment":[{"href":"https:\/\/www.europesays.com\/fr\/wp-json\/wp\/v2\/media?parent=273419"}],"wp:term":[{"taxonomy":"category","embeddable":true,"href":"https:\/\/www.europesays.com\/fr\/wp-json\/wp\/v2\/categories?post=273419"},{"taxonomy":"post_tag","embeddable":true,"href":"https:\/\/www.europesays.com\/fr\/wp-json\/wp\/v2\/tags?post=273419"}],"curies":[{"name":"wp","href":"https:\/\/api.w.org\/{rel}","templated":true}]}}