{"id":273425,"date":"2025-07-25T18:47:15","date_gmt":"2025-07-25T18:47:15","guid":{"rendered":"https:\/\/www.europesays.com\/fr\/273425\/"},"modified":"2025-07-25T18:47:15","modified_gmt":"2025-07-25T18:47:15","slug":"thailande-cambodge-le-conflit-frontalier-degenere-regarder-le-documentaire-complet","status":"publish","type":"post","link":"https:\/\/www.europesays.com\/fr\/273425\/","title":{"rendered":"Tha\u00eflande-Cambodge : le conflit frontalier d\u00e9g\u00e9n\u00e8re &#8211; Regarder le documentaire complet"},"content":{"rendered":"<p>Tha\u00eflande-Cambodge : le conflit frontalier d\u00e9g\u00e9n\u00e8re &#8211; Regarder le documentaire complet | ARTE<\/p>\n<p class=\"ds-6406tu\">3 min<\/p>\n<p class=\"ds-6406tu\">Disponible jusqu&rsquo;au 27\/07\/2026<\/p>\n<p class=\"ds-nnhfob\">Le 24 juillet, des \u00e9changes de tirs meurtriers ont eu lieu \u00e0 la fronti\u00e8re entre la Tha\u00eflande et le Cambodge ; une r\u00e9gion revendiqu\u00e9e par les deux pays depuis des d\u00e9cennies. Les arm\u00e9es tha\u00eflandaises et cambodgiennes s\u2019accusent mutuellement d\u2019avoir tir\u00e9 en premier. Ces combats, tr\u00e8s violents, ont d\u00e9j\u00e0 fait au moins 15 morts c\u00f4t\u00e9 tha\u00eflandais. Pr\u00e8s de 138 000 civils ont fui la zone frontali\u00e8re : une crise humanitaire majeure se dessine.\u00a0<\/p>\n<p>Vous pourriez aimer aussi<\/p>\n<p>Les vid\u00e9os les plus vues sur ARTE<\/p>\n<p>arte.tv sur tous vos \u00e9crans<\/p>\n<p class=\"ds-934w7j\">Retrouvez nos programmes sur votre ordinateur, smartphone, tablette ou TV connect\u00e9e<\/p>\n<p><a class=\"ds-1sqfl0u\" href=\"https:\/\/apps.apple.com\/app\/apple-store\/id405028510?pt=398281&amp;ct=install-app-btn&amp;mt=8\" target=\"_self\" rel=\"nofollow noopener\"><img decoding=\"async\" class=\"ds-111g4a3\" alt=\"T\u00e9l\u00e9charger dans l'App Store\" loading=\"lazy\" src=\"https:\/\/www.europesays.com\/fr\/wp-content\/uploads\/2025\/04\/AppStore_fr.png\"\/><\/a><a class=\"ds-1sqfl0u\" href=\"https:\/\/play.google.com\/store\/apps\/details?id=tv.arte.plus7&amp;utm_campaign=install-app-btn\" target=\"_self\" rel=\"nofollow noopener\"><img decoding=\"async\" class=\"ds-111g4a3\" alt=\"Disponible sur Google Play\" loading=\"lazy\" src=\"https:\/\/www.europesays.com\/fr\/wp-content\/uploads\/2025\/04\/PlayStore_fr.png\"\/><\/a><\/p>\n<ul class=\"ds-6dci8q\">\n<li class=\"ds-7m7syb\">Sites<\/li>\n<li class=\"ds-1cscmpv\">Entreprise<\/li>\n<li class=\"ds-zl6jy0\">Infos l\u00e9gales<\/li>\n<li class=\"ds-1sbkvid\">R\u00e9seaux sociaux<\/li>\n<li class=\"ds-1f682iq\"\/>\n<li class=\"ds-1b8mr4m\" data-testid=\"newsletter\">NewsletterAdresse e-mail<\/li>\n<\/ul>\n<p class=\"ds-8tdfc6\">Tous droits de reproduction et de diffusion r\u00e9serv\u00e9s \u00a9 2025 ARTE G.E.I.E. &#8211; ARTE G.E.I.E. 4, quai du chanoine Winterer CS 20035 &#8211; 67080 Strasbourg Cedex<\/p>\n","protected":false},"excerpt":{"rendered":"Tha\u00eflande-Cambodge : le conflit frontalier d\u00e9g\u00e9n\u00e8re &#8211; Regarder le documentaire complet | ARTE 3 min Disponible jusqu&rsquo;au 27\/07\/2026&hellip;\n","protected":false},"author":2,"featured_media":273426,"comment_status":"","ping_status":"","sticky":false,"template":"","format":"standard","meta":{"footnotes":""},"categories":[1591],"tags":[11,1887,12,1885,1886,132],"class_list":{"0":"post-273425","1":"post","2":"type-post","3":"status-publish","4":"format-standard","5":"has-post-thumbnail","7":"category-russie","8":"tag-actualites","9":"tag-federation-de-russie","10":"tag-news","11":"tag-russia","12":"tag-russian-federation","13":"tag-russie"},"share_on_mastodon":{"url":"https:\/\/pubeurope.com\/@fr\/114915367195241383","error":""},"_links":{"self":[{"href":"https:\/\/www.europesays.com\/fr\/wp-json\/wp\/v2\/posts\/273425","targetHints":{"allow":["GET"]}}],"collection":[{"href":"https:\/\/www.europesays.com\/fr\/wp-json\/wp\/v2\/posts"}],"about":[{"href":"https:\/\/www.europesays.com\/fr\/wp-json\/wp\/v2\/types\/post"}],"author":[{"embeddable":true,"href":"https:\/\/www.europesays.com\/fr\/wp-json\/wp\/v2\/users\/2"}],"replies":[{"embeddable":true,"href":"https:\/\/www.europesays.com\/fr\/wp-json\/wp\/v2\/comments?post=273425"}],"version-history":[{"count":0,"href":"https:\/\/www.europesays.com\/fr\/wp-json\/wp\/v2\/posts\/273425\/revisions"}],"wp:featuredmedia":[{"embeddable":true,"href":"https:\/\/www.europesays.com\/fr\/wp-json\/wp\/v2\/media\/273426"}],"wp:attachment":[{"href":"https:\/\/www.europesays.com\/fr\/wp-json\/wp\/v2\/media?parent=273425"}],"wp:term":[{"taxonomy":"category","embeddable":true,"href":"https:\/\/www.europesays.com\/fr\/wp-json\/wp\/v2\/categories?post=273425"},{"taxonomy":"post_tag","embeddable":true,"href":"https:\/\/www.europesays.com\/fr\/wp-json\/wp\/v2\/tags?post=273425"}],"curies":[{"name":"wp","href":"https:\/\/api.w.org\/{rel}","templated":true}]}}