{"id":273427,"date":"2025-07-25T18:48:16","date_gmt":"2025-07-25T18:48:16","guid":{"rendered":"https:\/\/www.europesays.com\/fr\/273427\/"},"modified":"2025-07-25T18:48:16","modified_gmt":"2025-07-25T18:48:16","slug":"le-rendez-vous-entre-zelensky-et-poutine-nest-pas-pour-tout-de-suite","status":"publish","type":"post","link":"https:\/\/www.europesays.com\/fr\/273427\/","title":{"rendered":"Le rendez-vous entre Zelensky et Poutine n\u2019est pas pour tout de suite"},"content":{"rendered":"<p><strong>R\u00e9cap&rsquo; &#8211; \u00ab\u00a020 Minutes\u00a0\u00bb fait le point pour vous tous les soirs sur le conflit en Ukraine. Ce vendredi, la diplomatie ukrainienne r\u00e9p\u00e8te son souhait de voir une rencontre en Zelensky et Poutine<\/strong><\/p>\n<p>Vous avez rat\u00e9 les derniers \u00e9v\u00e9nements sur la <a href=\"https:\/\/www.20minutes.fr\/monde\/ukraine\/?at_medium=RSS%20feed&amp;at_campaign=ynews&amp;utm_source=yahoo&amp;utm_medium=rss&amp;utm_campaign=news_feed&amp;utm_content=in_article_link\" rel=\"nofollow noopener\" target=\"_blank\" data-ylk=\"slk:guerre en Ukraine;elm:context_link;itc:0;sec:content-canvas\" class=\"link \">guerre en Ukraine<\/a>\u00a0? 20 Minutes fait le point pour vous tous les soirs. Voici l\u2019essentiel de ce vendredi 25\u00a0juillet, 1.248e jour du conflit.<\/p>\n<p>Le fait du jour<\/p>\n<p>Le pr\u00e9sident ukrainien <a href=\"https:\/\/www.20minutes.fr\/monde\/volodymyr-zelensky\/?at_medium=RSS%20feed&amp;at_campaign=ynews&amp;utm_source=yahoo&amp;utm_medium=rss&amp;utm_campaign=news_feed&amp;utm_content=in_article_link\" rel=\"nofollow noopener\" target=\"_blank\" data-ylk=\"slk:Volodymyr Zelensky;elm:context_link;itc:0;sec:content-canvas\" class=\"link \">Volodymyr Zelensky<\/a> a assur\u00e9 ce vendredi que des discussions avec <a href=\"https:\/\/www.20minutes.fr\/monde\/moscou\/?at_medium=RSS%20feed&amp;at_campaign=ynews&amp;utm_source=yahoo&amp;utm_medium=rss&amp;utm_campaign=news_feed&amp;utm_content=in_article_link\" rel=\"nofollow noopener\" target=\"_blank\" data-ylk=\"slk:Moscou;elm:context_link;itc:0;sec:content-canvas\" class=\"link \">Moscou<\/a> sur une rencontre avec <a href=\"https:\/\/www.20minutes.fr\/monde\/vladimir_poutine\/?at_medium=RSS%20feed&amp;at_campaign=ynews&amp;utm_source=yahoo&amp;utm_medium=rss&amp;utm_campaign=news_feed&amp;utm_content=in_article_link\" rel=\"nofollow noopener\" target=\"_blank\" data-ylk=\"slk:Vladimir Poutine;elm:context_link;itc:0;sec:content-canvas\" class=\"link \">Vladimir Poutine<\/a> avaient \u00ab\u00a0commenc\u00e9\u00a0\u00bb, apr\u00e8s des n\u00e9gociations entre d\u00e9l\u00e9gations mercredi \u00e0 Istanbul. Le Kremlin, de son c\u00f4t\u00e9, a jug\u00e9 qu\u2019un tel entretien \u00e9tait \u00ab\u00a0peu probable\u00a0\u00bb dans les 30 prochains jours.<\/p>\n<p>L\u2019Ukraine a fait d\u2019une telle rencontre, \u00e0 laquelle elle souhaiterait voir participer le pr\u00e9sident am\u00e9ricain <a href=\"https:\/\/www.20minutes.fr\/dossier\/donald_trump?at_medium=RSS%20feed&amp;at_campaign=ynews&amp;utm_source=yahoo&amp;utm_medium=rss&amp;utm_campaign=news_feed&amp;utm_content=in_article_link\" rel=\"nofollow noopener\" target=\"_blank\" data-ylk=\"slk:Donald Trump;elm:context_link;itc:0;sec:content-canvas\" class=\"link \">Donald Trump<\/a>, un objectif des n\u00e9gociations pour mettre fin \u00e0 l\u2019invasion russe qui dure depuis plus de trois ans. Vladimir Poutine de son c\u00f4t\u00e9 a fait savoir qu\u2019il ne serait pr\u00eat \u00e0 cette r\u00e9union au sommet que dans une \u00ab\u00a0phase finale\u00a0\u00bb des n\u00e9gociations, jusqu\u2019\u00e0 pr\u00e9sent peu fructueuses.<\/p>\n<p>Le porte-parole du <a href=\"https:\/\/www.20minutes.fr\/dossier\/kremlin?at_medium=RSS%20feed&amp;at_campaign=ynews&amp;utm_source=yahoo&amp;utm_medium=rss&amp;utm_campaign=news_feed&amp;utm_content=in_article_link\" rel=\"nofollow noopener\" target=\"_blank\" data-ylk=\"slk:Kremlin;elm:context_link;itc:0;sec:content-canvas\" class=\"link \">Kremlin<\/a>, Dmitri Peskov, a r\u00e9p\u00e9t\u00e9 qu\u2019une \u00ab\u00a0r\u00e9union au plus haut\u00a0\u00bb ne peut avoir lieu que pour \u00ab\u00a0mettre un point final au r\u00e8glement\u00a0\u00bb du conflit en Ukraine, qui est dans l\u2019impasse. \u00ab\u00a0Est-il possible de mener \u00e0 bien un processus aussi complexe en trente jours\u00a0? Il est clair que cela semble peu probable\u00a0\u00bb, a-t-il ajout\u00e9, soulignant que les propositions de paix de Moscou et <a href=\"https:\/\/www.20minutes.fr\/dossier\/kiev?at_medium=RSS%20feed&amp;at_campaign=ynews&amp;utm_source=yahoo&amp;utm_medium=rss&amp;utm_campaign=news_feed&amp;utm_content=in_article_link\" rel=\"nofollow noopener\" target=\"_blank\" data-ylk=\"slk:Kiev;elm:context_link;itc:0;sec:content-canvas\" class=\"link \">Kiev<\/a> restent \u00ab\u00a0diam\u00e9tralement oppos\u00e9es\u00a0\u00bb.<\/p>\n<p>Le chiffre du jour<\/p>\n<p>1.000. C\u2019est le nombre de drones \u00e0 d\u00e9ployer quotidiennement qu\u2019a fix\u00e9 Volodymyr Zelensky, ce vendredi. Sur Telegram, le pr\u00e9sident(&#8230;)<\/p>\n<p><a href=\"https:\/\/www.20minutes.fr\/monde\/ukraine\/4165363-20250725-guerre-ukraine-rendez-entre-zelensky-poutine-tout-suite?at_medium=RSS%20feed&amp;at_campaign=ynews&amp;utm_source=yahoo&amp;utm_medium=rss&amp;utm_campaign=news_feed&amp;utm_content=read_more_link&quot;\" rel=\"nofollow noopener\" target=\"_blank\" data-ylk=\"slk:Lire la suite sur 20minutes;elm:context_link;itc:0;sec:content-canvas\" class=\"link \">Lire la suite sur 20minutes<\/a><\/p>\n<p>\u00c0 lire aussi :<br \/><a href=\"https:\/\/www.20minutes.fr\/monde\/ukraine\/4155301-20250525-guerre-ukraine-1-000-prisonniers-chaque-camp-echanges-nouvelles-attaques-meurtrieres-russes?at_medium=RSS%20feed&amp;at_campaign=ynews&amp;utm_source=yahoo&amp;utm_medium=rss&amp;utm_campaign=news_feed&amp;utm_content=related_content_link\" rel=\"nofollow noopener\" target=\"_blank\" data-ylk=\"slk:Guerre en Ukraine\u00a0: 1.000 prisonniers de chaque camp \u00e9chang\u00e9s et de nouvelles attaques meurtri\u00e8res russes;elm:context_link;itc:0;sec:content-canvas\" class=\"link \">Guerre en Ukraine\u00a0: 1.000 prisonniers de chaque camp \u00e9chang\u00e9s et de nouvelles attaques meurtri\u00e8res russes<\/a><br \/><a href=\"https:\/\/www.20minutes.fr\/monde\/ukraine\/4159674-20250620-guerre-ukraine-toute-ukraine-poutine-menace-emparer-soumy?at_medium=RSS%20feed&amp;at_campaign=ynews&amp;utm_source=yahoo&amp;utm_medium=rss&amp;utm_campaign=news_feed&amp;utm_content=related_content_link\" rel=\"nofollow noopener\" target=\"_blank\" data-ylk=\"slk:Guerre en Ukraine\u00a0: \u00ab\u00a0Toute l\u2019Ukraine est n\u00f4tre\u00a0\u00bb\u2026 Poutine menace de s\u2019emparer de Soumy;elm:context_link;itc:0;sec:content-canvas\" class=\"link \">Guerre en Ukraine\u00a0: \u00ab\u00a0Toute l\u2019Ukraine est n\u00f4tre\u00a0\u00bb\u2026 Poutine menace de s\u2019emparer de Soumy<\/a><\/p>\n","protected":false},"excerpt":{"rendered":"R\u00e9cap&rsquo; &#8211; \u00ab\u00a020 Minutes\u00a0\u00bb fait le point pour vous tous les soirs sur le conflit en Ukraine. Ce&hellip;\n","protected":false},"author":2,"featured_media":273428,"comment_status":"","ping_status":"","sticky":false,"template":"","format":"standard","meta":{"footnotes":""},"categories":[1590],"tags":[642,11,1777,674,12,2405,220,6746],"class_list":{"0":"post-273427","1":"post","2":"type-post","3":"status-publish","4":"format-standard","5":"has-post-thumbnail","7":"category-ukraine","8":"tag-20-minutes","9":"tag-actualites","10":"tag-eu","11":"tag-europe","12":"tag-news","13":"tag-poutine","14":"tag-ukraine","15":"tag-zelensky"},"share_on_mastodon":{"url":"https:\/\/pubeurope.com\/@fr\/114915370866051365","error":""},"_links":{"self":[{"href":"https:\/\/www.europesays.com\/fr\/wp-json\/wp\/v2\/posts\/273427","targetHints":{"allow":["GET"]}}],"collection":[{"href":"https:\/\/www.europesays.com\/fr\/wp-json\/wp\/v2\/posts"}],"about":[{"href":"https:\/\/www.europesays.com\/fr\/wp-json\/wp\/v2\/types\/post"}],"author":[{"embeddable":true,"href":"https:\/\/www.europesays.com\/fr\/wp-json\/wp\/v2\/users\/2"}],"replies":[{"embeddable":true,"href":"https:\/\/www.europesays.com\/fr\/wp-json\/wp\/v2\/comments?post=273427"}],"version-history":[{"count":0,"href":"https:\/\/www.europesays.com\/fr\/wp-json\/wp\/v2\/posts\/273427\/revisions"}],"wp:featuredmedia":[{"embeddable":true,"href":"https:\/\/www.europesays.com\/fr\/wp-json\/wp\/v2\/media\/273428"}],"wp:attachment":[{"href":"https:\/\/www.europesays.com\/fr\/wp-json\/wp\/v2\/media?parent=273427"}],"wp:term":[{"taxonomy":"category","embeddable":true,"href":"https:\/\/www.europesays.com\/fr\/wp-json\/wp\/v2\/categories?post=273427"},{"taxonomy":"post_tag","embeddable":true,"href":"https:\/\/www.europesays.com\/fr\/wp-json\/wp\/v2\/tags?post=273427"}],"curies":[{"name":"wp","href":"https:\/\/api.w.org\/{rel}","templated":true}]}}