{"id":273429,"date":"2025-07-25T18:49:10","date_gmt":"2025-07-25T18:49:10","guid":{"rendered":"https:\/\/www.europesays.com\/fr\/273429\/"},"modified":"2025-07-25T18:49:10","modified_gmt":"2025-07-25T18:49:10","slug":"les-etats-unis-et-la-chine-peuvent-ils-endiguer-le-phenomene","status":"publish","type":"post","link":"https:\/\/www.europesays.com\/fr\/273429\/","title":{"rendered":"les \u00c9tats-Unis et la Chine peuvent-ils endiguer le ph\u00e9nom\u00e8ne\u00a0?"},"content":{"rendered":"<p>C&rsquo;est la premi\u00e8re cause de mortalit\u00e9 chez les 18-45\u00a0ans sur le territoire am\u00e9ricain, avec <a class=\"Link\" href=\"https:\/\/www.lepoint.fr\/debats\/des-cartels-aux-campus-l-ombre-du-fentanyl-plane-sur-l-amerique-02-03-2025-2583681_2.php\" title=\"\" data-gtm=\"click:capsule\" data-capsule=\"Lien\" rel=\"nofollow noopener\" target=\"_blank\">quelque\u00a0200\u00a0\u00c9tats-uniens tu\u00e9s chaque jour<\/a>. Il est derri\u00e8re presque 70\u00a0% des morts par overdose du pays, selon la DEA, l&rsquo;agence anti-drogue. Et c&rsquo;est aussi lui qui est utilis\u00e9 par <a class=\"Link\" href=\"https:\/\/www.lepoint.fr\/tags\/donald-trump\" rel=\"nofollow noopener\" target=\"_blank\">Donald Trump<\/a> pour justifier les droits de douane qu&rsquo;il a impos\u00e9s \u00e0 la <a class=\"Link\" href=\"https:\/\/www.lepoint.fr\/tags\/chine\" rel=\"nofollow noopener\" target=\"_blank\">Chine<\/a> ces derniers mois. Le fentanyl, dont la consommation constitue la derni\u00e8re vague en date de la crise des opio\u00efdes que traversent les \u00c9tats-Unis, est devenu un v\u00e9ritable levier diplomatique entre les deux premi\u00e8res puissances mondiales.<\/p>\n<p>Impossible, malgr\u00e9 des avanc\u00e9es r\u00e9centes sur un dossier vieux de plusieurs ann\u00e9es, de compter sur une coop\u00e9ration chinoise stable, r\u00e9guli\u00e8re et inconditionnelle, d&rsquo;apr\u00e8s un article publi\u00e9 par nos confr\u00e8res de The Atlantic\u00a0jeudi 24\u00a0juillet. Pour le m\u00e9dia am\u00e9ricain, les dirigeants chinois, sans se pr\u00e9occuper des milliers de vies perdues, voient dans cette drogue un moyen de parvenir \u00e0 leurs objectifs politiques \u2013 \u00e0 savoir, notamment, se d\u00e9barrasser des 20\u00a0% des nouveaux droits de douane qui lui ont \u00e9t\u00e9 impos\u00e9s en f\u00e9vrier\u2026 Au motif, pr\u00e9cis\u00e9ment, du laxisme chinois sur le fentanyl.<\/p>\n<p>Pourtant, il y a quelques jours, Donald Trump lui-m\u00eame s&rsquo;adoucissait sur le dossier, affirmant devant des journalistes\u00a0: \u00ab\u00a0je pense que la Chine a apport\u00e9 son aide. La situation avec le fentanyl est terrible depuis des ann\u00e9es, mais depuis mon arriv\u00e9e ici, nous discutons avec eux et ils font de grands progr\u00e8s\u2026 Vous savez qu&rsquo;ils sont p\u00e9nalis\u00e9s par des droits de douane \u00e0 cause du fentanyl, mais ils veulent agir\u00a0\u00bb.<\/p>\n<p>Des efforts c\u00f4t\u00e9 Chine<\/p>\n<p>Il faut dire que le rival des \u00c9tats-Unis avait pris plusieurs actions contre l&rsquo;opio\u00efde\u00a050\u00a0fois plus puissant que l&rsquo;h\u00e9ro\u00efne ces derniers temps. Ce mois-ci, le pays ajoutait deux nouveaux pr\u00e9curseurs du fentanyl (le 4-pip\u00e9ridone et le 1-boc-4-pip\u00e9ridone) \u00e0 la liste des substances contr\u00f4l\u00e9es par les autorit\u00e9s.<\/p>\n<p>En juin, les services d&rsquo;immigration du pays annon\u00e7aient avoir saisi plus de deux tonnes de drogues, et arr\u00eat\u00e9\u00a0262\u00a0suspects pour trafic de stup\u00e9fiants depuis janvier. Quelque\u00a0700\u00a0personnes avaient \u00e9galement \u00e9t\u00e9 arr\u00eat\u00e9es par les autorit\u00e9s pour blanchiment d&rsquo;argent li\u00e9 au trafic de drogue entre janvier et mai \u2013 un chiffre en hausse de 2,1\u00a0% sur un an.<\/p>\n<p>Plusieurs ann\u00e9es de conflit<\/p>\n<p>Un changement d&rsquo;attitude r\u00e9cent. En effet, sous l&rsquo;administration Biden, la Chine avait laiss\u00e9 les trafiquants envoyer leurs pr\u00e9curseurs de fentanyl aux cartels mexicains sans chercher \u00e0 les contr\u00f4ler. Elle avait m\u00eame suspendu toute discussion sur le sujet avec son rival lorsque la pr\u00e9sidente de la Chambre des repr\u00e9sentants Nancy Pelosi s&rsquo;\u00e9tait rendue \u00e0 Ta\u00efwan. Un man\u00e8ge qui avait dur\u00e9 jusqu&rsquo;en 2023, ann\u00e9e o\u00f9 l&rsquo;ex-locataire de la Maison Blanche s&rsquo;\u00e9tait d\u00e9cid\u00e9 \u00e0 ajouter la Chine \u00e0 la liste officielle des principaux fournisseurs mondiaux de drogues illicites.<\/p>\n<p>\n\u00c0 D\u00e9couvrir<br \/>\n<strong class=\"discover-kangourou__line\"><br \/>\n<img decoding=\"async\" class=\"discover-kangourou__img\" src=\"https:\/\/static.lpnt.fr\/static\/img\/kangourou\/kangourou_filled.svg\"\/><br \/>\n<strong class=\"discover-kangourou__txt\"><br \/>\n<strong>Le Kangourou du jour<\/strong><br \/>\n<a href=\"https:\/\/kangourou.lepoint.fr\" title=\"kangourou\" data-gtm-cta=\"kangourou_article\" class=\"discover-kangourou__lnk\" rel=\"nofollow noopener\" target=\"_blank\"><br \/>\nR\u00e9pondre<br \/>\n<\/a><br \/>\n<\/strong><br \/>\n<\/strong><br \/>\nMais c&rsquo;est bien avant ces \u00e9pisodes, d\u00e8s 2019, que s&rsquo;\u00e9taient nou\u00e9es les tensions entre les deux \u00c9tats sur la question. En effet, \u00e0 l&rsquo;\u00e9poque, Donald Trump imposait une premi\u00e8re s\u00e9rie de droits de douane sur le pays et mena\u00e7ait d&rsquo;en ajouter d&rsquo;autres\u2026 Ce qui poussait alors la Chine, o\u00f9 est majoritairement synth\u00e9tis\u00e9 l&rsquo;opio\u00efde \u00e0 destination des \u00c9tats-Unis, \u00e0 interdire toute production de fentanyl.<\/p>\n<p>C&rsquo;est d&rsquo;ailleurs depuis ces premi\u00e8res mesures que les trafiquants envoient des pr\u00e9curseurs \u2013 des produits chimiques utilis\u00e9s pour fabriquer l&rsquo;opio\u00efde \u2013 plut\u00f4t que le produit fini aux cartels, qui se chargent de la pr\u00e9paration. Reste \u00e0 voir si l&rsquo;interdiction de certains de ces produits aura une incidence sur la consommation am\u00e9ricaine de fentanyl.<\/p>\n<p>Toute l\u2019actualit\u00e9 \u00e0 1\u20ac le premier mois<\/p>\n<p><a href=\"https:\/\/abo.lepoint.fr\/?provenance=21EDI020098\" class=\"btn\" title=\"S&#039;abonner\" data-gtm=\"click:abo|display:abo\" data-campaign=\"paywall_maison\" rel=\"nofollow noopener\" target=\"_blank\">S&rsquo;abonner<\/a><\/p>\n<p>ou<\/p>\n","protected":false},"excerpt":{"rendered":"C&rsquo;est la premi\u00e8re cause de mortalit\u00e9 chez les 18-45\u00a0ans sur le territoire am\u00e9ricain, avec quelque\u00a0200\u00a0\u00c9tats-uniens tu\u00e9s chaque jour.&hellip;\n","protected":false},"author":2,"featured_media":273430,"comment_status":"","ping_status":"","sticky":false,"template":"","format":"standard","meta":{"footnotes":""},"categories":[1589],"tags":[11,73,1866,12,1864,1865,1863,308],"class_list":{"0":"post-273429","1":"post","2":"type-post","3":"status-publish","4":"format-standard","5":"has-post-thumbnail","7":"category-etats-unis","8":"tag-actualites","9":"tag-etats-unis","10":"tag-etats-unis-damerique","11":"tag-news","12":"tag-united-states","13":"tag-united-states-of-america","14":"tag-us","15":"tag-usa"},"share_on_mastodon":{"url":"https:\/\/pubeurope.com\/@fr\/114915374748932367","error":""},"_links":{"self":[{"href":"https:\/\/www.europesays.com\/fr\/wp-json\/wp\/v2\/posts\/273429","targetHints":{"allow":["GET"]}}],"collection":[{"href":"https:\/\/www.europesays.com\/fr\/wp-json\/wp\/v2\/posts"}],"about":[{"href":"https:\/\/www.europesays.com\/fr\/wp-json\/wp\/v2\/types\/post"}],"author":[{"embeddable":true,"href":"https:\/\/www.europesays.com\/fr\/wp-json\/wp\/v2\/users\/2"}],"replies":[{"embeddable":true,"href":"https:\/\/www.europesays.com\/fr\/wp-json\/wp\/v2\/comments?post=273429"}],"version-history":[{"count":0,"href":"https:\/\/www.europesays.com\/fr\/wp-json\/wp\/v2\/posts\/273429\/revisions"}],"wp:featuredmedia":[{"embeddable":true,"href":"https:\/\/www.europesays.com\/fr\/wp-json\/wp\/v2\/media\/273430"}],"wp:attachment":[{"href":"https:\/\/www.europesays.com\/fr\/wp-json\/wp\/v2\/media?parent=273429"}],"wp:term":[{"taxonomy":"category","embeddable":true,"href":"https:\/\/www.europesays.com\/fr\/wp-json\/wp\/v2\/categories?post=273429"},{"taxonomy":"post_tag","embeddable":true,"href":"https:\/\/www.europesays.com\/fr\/wp-json\/wp\/v2\/tags?post=273429"}],"curies":[{"name":"wp","href":"https:\/\/api.w.org\/{rel}","templated":true}]}}