{"id":273431,"date":"2025-07-25T18:50:15","date_gmt":"2025-07-25T18:50:15","guid":{"rendered":"https:\/\/www.europesays.com\/fr\/273431\/"},"modified":"2025-07-25T18:50:15","modified_gmt":"2025-07-25T18:50:15","slug":"le-royaume-uni-et-laustralie-signent-un-traite-de-50-ans-pour-des-sous-marins","status":"publish","type":"post","link":"https:\/\/www.europesays.com\/fr\/273431\/","title":{"rendered":"Le Royaume-Uni et l&rsquo;Australie signent un trait\u00e9 de 50 ans pour des sous-marins"},"content":{"rendered":"<p>Le Royaume-Uni et l&rsquo;Australie ont annonc\u00e9 la signature d&rsquo;un trait\u00e9 de coop\u00e9ration pour la construction de sous-marins nucl\u00e9aires australiens et ont salu\u00e9 l&rsquo;examen par l&rsquo;administration du pr\u00e9sident am\u00e9ricain Donald Trump du r\u00f4le des \u00c9tats-Unis dans l&rsquo;accord de d\u00e9fense trilat\u00e9ral.<\/p>\n<p>Le secr\u00e9taire britannique \u00e0 la D\u00e9fense, John Healey, et le secr\u00e9taire aux Affaires \u00e9trang\u00e8res, David Lammy, ont rencontr\u00e9 vendredi leurs homologues australiens, Richard Marles et Penny Wong, \u00e0 Sydney pour une r\u00e9union bilat\u00e9rale annuelle.<\/p>\n<p>M. Marles a indiqu\u00e9 que lui et M. Healey signeraient samedi un trait\u00e9 de 50 ans qui consolidera la coop\u00e9ration bilat\u00e9rale pour la construction d&rsquo;une flotte australienne de sous-marins propuls\u00e9s par la technologie nucl\u00e9aire am\u00e9ricaine.<\/p>\n<p>\u00abIl s&rsquo;agit d&rsquo;un trait\u00e9 aussi important que ceux sign\u00e9s entre nos deux pays depuis la f\u00e9d\u00e9ration\u00bb, a soulign\u00e9 M. Marles, faisant r\u00e9f\u00e9rence \u00e0 l&rsquo;unification de plusieurs colonies britanniques pour former le gouvernement australien en 1901.<\/p>\n<p>L&rsquo;alliance tripartite a \u00e9t\u00e9 annonc\u00e9e en 2021 pour faire face \u00e0 la puissance militaire croissante de la Chine dans la r\u00e9gion Asie-Pacifique. Elle fournirait \u00e0 l&rsquo;Australie au moins huit sous-marins, dont trois \u00e0 cinq sous-marins am\u00e9ricains d&rsquo;occasion de classe Virginia. Le Royaume-Uni et l&rsquo;Australie coop\u00e9reraient pour construire leurs propres sous-marins SSN-AUKUS.<\/p>\n<p>Le secr\u00e9taire am\u00e9ricain \u00e0 la D\u00e9fense, Pete Hegseth, examine actuellement le pacte, connu sous l&rsquo;acronyme AUKUS, conclu par l&rsquo;administration du pr\u00e9sident am\u00e9ricain Joe Biden. On craint que les \u00c9tats-Unis ne fournissent pas \u00e0 l&rsquo;Australie leur premier sous-marin de classe Virginia d&rsquo;ici le d\u00e9but des ann\u00e9es 2030 comme pr\u00e9vu, en raison du retard pris dans la construction de leurs sous-marins.<\/p>\n<p>Interrog\u00e9s lors d&rsquo;une conf\u00e9rence de presse, MM. Marles et Healey ont refus\u00e9 de sp\u00e9culer sur la poursuite de la construction conjointe de sous-marins par le Royaume-Uni et l&rsquo;Australie si les \u00c9tats-Unis se retiraient.<\/p>\n<p>\u00abL&rsquo;Australie et le Royaume-Uni saluent cet examen, car nous y voyons une occasion pour une nouvelle administration de renouveler son engagement envers l&rsquo;AUKUS. Et c&rsquo;est ce que nous attendons\u00bb, a mentionn\u00e9 M. Healey.<\/p>\n<p>\u00abToutes les hypoth\u00e8ses que vous \u00e9voquez ne sont tout simplement pas pertinentes\u00bb, a-t-il ajout\u00e9, faisant r\u00e9f\u00e9rence \u00e0 la possibilit\u00e9 que le Royaume-Uni et l&rsquo;Australie proc\u00e8dent sans les \u00c9tats-Unis.<\/p>\n<p>Le gouvernement australien a confirm\u00e9 cette semaine avoir vers\u00e9 aux \u00c9tats-Unis une deuxi\u00e8me tranche de 500 millions $ US dans le cadre du contrat AUKUS. Les premiers 500 millions $ US ont \u00e9t\u00e9 vers\u00e9s en f\u00e9vrier.<\/p>\n<p>Le co\u00fbt des sous-marins devrait atteindre 245 milliards $ US pour l&rsquo;Australie.<\/p>\n<p>Cette r\u00e9union intervient alors que 3000 militaires britanniques participent au plus grand exercice militaire jamais organis\u00e9 en Australie.<\/p>\n<p>Plus de 35 000 militaires de 19 pays participent \u00e0 l&rsquo;exercice Talisman Sabre, lanc\u00e9 en 2005 comme exercice commun biennal entre les \u00c9tats-Unis et l&rsquo;Australie.<\/p>\n<p>MM. Marles et Healey inspecteront dimanche le porte-avions britannique HMS Prince of Wales dans le port de Darwin, au nord du pays. Le porte-avions est en Australie pour participer aux exercices militaires.<\/p>\n<p>Selon M. Lammy, l&rsquo;arriv\u00e9e du porte-avions \u00e0 Darwin visait \u00e0 envoyer un signal clair au monde.<\/p>\n<p>\u00abAvec l&rsquo;accostage de notre groupe a\u00e9ronaval \u00e0 Darwin, je pense que nous envoyons un signal clair, celui de l&rsquo;engagement du Royaume-Uni envers cette r\u00e9gion du monde. Notre d\u00e9termination \u00e0 pr\u00e9server la libert\u00e9 et l&rsquo;ouverture de l&rsquo;Indo-Pacifique, et notre solidarit\u00e9\u00bb, a-t-il avanc\u00e9.<\/p>\n<p>Rod Mcguirk, The Associated Press<\/p>\n","protected":false},"excerpt":{"rendered":"Le Royaume-Uni et l&rsquo;Australie ont annonc\u00e9 la signature d&rsquo;un trait\u00e9 de coop\u00e9ration pour la construction de sous-marins nucl\u00e9aires&hellip;\n","protected":false},"author":2,"featured_media":273432,"comment_status":"","ping_status":"","sticky":false,"template":"","format":"standard","meta":{"footnotes":""},"categories":[1588],"tags":[11,5035,73,1777,674,8163,12,41280,473,1853,20177,1851,1850,1852],"class_list":{"0":"post-273431","1":"post","2":"type-post","3":"status-publish","4":"format-standard","5":"has-post-thumbnail","7":"category-royaume-uni","8":"tag-actualites","9":"tag-australie","10":"tag-etats-unis","11":"tag-eu","12":"tag-europe","13":"tag-john-healey","14":"tag-news","15":"tag-richard-marles","16":"tag-royaume-uni","17":"tag-royaume-uni-de-grande-bretagne-et-dirlande-du-nord","18":"tag-traite-de-cooperation","19":"tag-uk","20":"tag-united-kingdom","21":"tag-united-kingdom-of-great-britain-and-northern-ireland"},"share_on_mastodon":{"url":"https:\/\/pubeurope.com\/@fr\/114915378621069159","error":""},"_links":{"self":[{"href":"https:\/\/www.europesays.com\/fr\/wp-json\/wp\/v2\/posts\/273431","targetHints":{"allow":["GET"]}}],"collection":[{"href":"https:\/\/www.europesays.com\/fr\/wp-json\/wp\/v2\/posts"}],"about":[{"href":"https:\/\/www.europesays.com\/fr\/wp-json\/wp\/v2\/types\/post"}],"author":[{"embeddable":true,"href":"https:\/\/www.europesays.com\/fr\/wp-json\/wp\/v2\/users\/2"}],"replies":[{"embeddable":true,"href":"https:\/\/www.europesays.com\/fr\/wp-json\/wp\/v2\/comments?post=273431"}],"version-history":[{"count":0,"href":"https:\/\/www.europesays.com\/fr\/wp-json\/wp\/v2\/posts\/273431\/revisions"}],"wp:featuredmedia":[{"embeddable":true,"href":"https:\/\/www.europesays.com\/fr\/wp-json\/wp\/v2\/media\/273432"}],"wp:attachment":[{"href":"https:\/\/www.europesays.com\/fr\/wp-json\/wp\/v2\/media?parent=273431"}],"wp:term":[{"taxonomy":"category","embeddable":true,"href":"https:\/\/www.europesays.com\/fr\/wp-json\/wp\/v2\/categories?post=273431"},{"taxonomy":"post_tag","embeddable":true,"href":"https:\/\/www.europesays.com\/fr\/wp-json\/wp\/v2\/tags?post=273431"}],"curies":[{"name":"wp","href":"https:\/\/api.w.org\/{rel}","templated":true}]}}