{"id":273435,"date":"2025-07-25T18:52:10","date_gmt":"2025-07-25T18:52:10","guid":{"rendered":"https:\/\/www.europesays.com\/fr\/273435\/"},"modified":"2025-07-25T18:52:10","modified_gmt":"2025-07-25T18:52:10","slug":"galatasaray-un-avant-gout-deurope-pour-le-racing","status":"publish","type":"post","link":"https:\/\/www.europesays.com\/fr\/273435\/","title":{"rendered":"Galatasaray, un avant-go\u00fbt d\u2019Europe pour le Racing"},"content":{"rendered":"<p>Depuis <a href=\"https:\/\/www.dna.fr\/sport\/2025\/07\/09\/le-racing-s-est-remis-en-action\" target=\"_blank\" rel=\"noopener\">la reprise de l\u2019entra\u00eenement, le 7 juillet<\/a>, le Racing ne s\u2019\u00e9tait \u00e9loign\u00e9 des terrains d\u2019entra\u00eenement de la Meinau que pour faire un saut de puce au Stadium de Colmar, <a href=\"https:\/\/www.dna.fr\/sport\/2025\/07\/22\/le-racing-convaincant-pour-son-premier-test\" target=\"_blank\" rel=\"noopener\">th\u00e9\u00e2tre du premier match amical contre l\u2019AS Nancy Lorraine (2-1)<\/a>.<\/p>\n<p>Ce vendredi, apr\u00e8s une ultime s\u00e9ance ouverte au public, les Bleus ont fait leurs valises et ralli\u00e9 les rives du Bosphore engourdies par un soleil de plomb et une chaleur caniculaire. Le retour en Alsace n\u2019est pr\u00e9vu que dans dix jours.<\/p>\n<p>\u00ab Que les joueurs apprennent \u00e0 se conna\u00eetre \u00bb<\/p>\n<p>Ce changement abrupt de cadre enchante <a href=\"https:\/\/www.dna.fr\/p\/liam-rosenior\" target=\"_blank\" rel=\"noopener\">Liam Rosenior<\/a>, adepte des voyages qui sont cens\u00e9s former la jeunesse.<\/p>\n<p>\u00ab On va \u00e0 Istanbul pendant trois jours, puis en Autriche une semaine pour notre stage o\u00f9 nous aurons deux autres matches amicaux (*), et durant ce s\u00e9jour, je veux que les joueurs apprennent \u00e0 se&#8230;<\/p>\n","protected":false},"excerpt":{"rendered":"Depuis la reprise de l\u2019entra\u00eenement, le 7 juillet, le Racing ne s\u2019\u00e9tait \u00e9loign\u00e9 des terrains d\u2019entra\u00eenement de la&hellip;\n","protected":false},"author":2,"featured_media":273436,"comment_status":"","ping_status":"","sticky":false,"template":"","format":"standard","meta":{"footnotes":""},"categories":[1586],"tags":[11,2880,1777,674,107,63,1011,27,12,41281,25,517,640,2879],"class_list":{"0":"post-273435","1":"post","2":"type-post","3":"status-publish","4":"format-standard","5":"has-post-thumbnail","7":"category-europe","8":"tag-actualites","9":"tag-edition-strasbourg","10":"tag-eu","11":"tag-europe","12":"tag-fil-info","13":"tag-football","14":"tag-fr","15":"tag-france","16":"tag-news","17":"tag-racing-club-strasbourg-masculin","18":"tag-republique-francaise","19":"tag-sport","20":"tag-strasbourg","21":"tag-strasbourg-ville"},"share_on_mastodon":{"url":"https:\/\/pubeurope.com\/@fr\/114915386580143692","error":""},"_links":{"self":[{"href":"https:\/\/www.europesays.com\/fr\/wp-json\/wp\/v2\/posts\/273435","targetHints":{"allow":["GET"]}}],"collection":[{"href":"https:\/\/www.europesays.com\/fr\/wp-json\/wp\/v2\/posts"}],"about":[{"href":"https:\/\/www.europesays.com\/fr\/wp-json\/wp\/v2\/types\/post"}],"author":[{"embeddable":true,"href":"https:\/\/www.europesays.com\/fr\/wp-json\/wp\/v2\/users\/2"}],"replies":[{"embeddable":true,"href":"https:\/\/www.europesays.com\/fr\/wp-json\/wp\/v2\/comments?post=273435"}],"version-history":[{"count":0,"href":"https:\/\/www.europesays.com\/fr\/wp-json\/wp\/v2\/posts\/273435\/revisions"}],"wp:featuredmedia":[{"embeddable":true,"href":"https:\/\/www.europesays.com\/fr\/wp-json\/wp\/v2\/media\/273436"}],"wp:attachment":[{"href":"https:\/\/www.europesays.com\/fr\/wp-json\/wp\/v2\/media?parent=273435"}],"wp:term":[{"taxonomy":"category","embeddable":true,"href":"https:\/\/www.europesays.com\/fr\/wp-json\/wp\/v2\/categories?post=273435"},{"taxonomy":"post_tag","embeddable":true,"href":"https:\/\/www.europesays.com\/fr\/wp-json\/wp\/v2\/tags?post=273435"}],"curies":[{"name":"wp","href":"https:\/\/api.w.org\/{rel}","templated":true}]}}