{"id":273437,"date":"2025-07-25T18:53:11","date_gmt":"2025-07-25T18:53:11","guid":{"rendered":"https:\/\/www.europesays.com\/fr\/273437\/"},"modified":"2025-07-25T18:53:11","modified_gmt":"2025-07-25T18:53:11","slug":"von-der-leyen-va-discuter-avec-trump-en-ecosse-dimanche-liberation","status":"publish","type":"post","link":"https:\/\/www.europesays.com\/fr\/273437\/","title":{"rendered":"Von der Leyen va discuter avec Trump en Ecosse dimanche \u2013 Lib\u00e9ration"},"content":{"rendered":"<p class=\"sc-ksZaOG ehjQrN text-element\">On va discuter <a href=\"https:\/\/www.liberation.fr\/international\/amerique\/droits-de-douane-accord-commercial-en-vue-entre-bruxelles-et-washington-mais-leurope-reste-prete-a-se-defendre-20250724_B76Q6V4H4NGA5N4CLUAE23UJPA\/\" target=\"_blank\" rel=\"noreferrer nofollow noopener\" title=\"https:\/\/www.liberation.fr\/international\/amerique\/droits-de-douane-accord-commercial-en-vue-entre-bruxelles-et-washington-mais-leurope-reste-prete-a-se-defendre-20250724_B76Q6V4H4NGA5N4CLUAE23UJPA\/\">droits de douane et accord commercial<\/a>, dimanche, pr\u00e8s des greens \u00e9cossais. La pr\u00e9sidente de la Commission europ\u00e9enne, Ursula von der Leyen, annonce sur X avoir convenu avec Donald Trump d\u2019une rencontre dimanche en Ecosse pour \u00e9voquer les droits de douane am\u00e9ricains de 30 % sur <a href=\"https:\/\/www.liberation.fr\/economie\/droits-de-douane-europe-et-etats-unis-iraient-vers-un-accord-de-15-sur-la-plupart-des-produits-20250723_LLZ3WFK5SBBJBKQZCJLTHYP7RE\/\" target=\"_blank\" rel=\"noreferrer nofollow noopener\" title=\"https:\/\/www.liberation.fr\/economie\/droits-de-douane-europe-et-etats-unis-iraient-vers-un-accord-de-15-sur-la-plupart-des-produits-20250723_LLZ3WFK5SBBJBKQZCJLTHYP7RE\/\">les importations europ\u00e9ennes<\/a>.<\/p>\n<p class=\"sc-ksZaOG ehjQrN text-element\">\u00abA la suite d\u2019un bon \u00e9change par t\u00e9l\u00e9phone avec @POTUS [le pr\u00e9sident des Etats-Unis, ndlr], nous sommes convenus de nous rencontrer dimanche en Ecosse pour discuter des relations commerciales transatlantiques et de la mani\u00e8re de les maintenir solides\u00bb, a \u00e9crit la dirigeante sur X.<\/p>\n<p class=\"sc-ksZaOG ehjQrN text-element\">Donald Trump avait d\u00e9j\u00e0 pr\u00e9vu de s\u2019y rendre pour un s\u00e9jour m\u00ealant golf et diplomatie. L\u2019UE a encore l\u2019espoir de n\u00e9gocier un accord commercial avec les Etats-Unis avant le 1er ao\u00fbt, date butoir \u00e0 partir de laquelle le pr\u00e9sident am\u00e9ricain menace d\u2019imposer des taxes douani\u00e8res de 30 % sur toutes les importations en provenance d\u2019Europe.<\/p>\n<p class=\"sc-ksZaOG ehjQrN text-element\">Donald Trump a estim\u00e9 vendredi \u00e0 \u00ab50-50\u00bb les chances de conclure un accord avec l\u2019Union europ\u00e9enne. \u00abNous travaillons de mani\u00e8re tr\u00e8s assidue avec l\u2019Europe\u00bb, a-t-il d\u00e9clar\u00e9, avant de se rendre en Ecosse. Jeudi, un porte-parole de la Commission europ\u00e9enne avait affirm\u00e9 qu\u2019un accord \u00e9tait \u00e0 \u00abport\u00e9e de main\u00bb.<\/p>\n<p class=\"sc-ksZaOG ehjQrN text-element\">Alors que les dirigeants europ\u00e9ens pensaient d\u00e9j\u00e0 un accord tout proche, Donald Trump les avait pris de court le 12 juillet en brandissant cette menace de droits de douane de 30 % sur tous les produits europ\u00e9ens d\u00e9but ao\u00fbt. Des n\u00e9gociations ont lieu depuis pour \u00e9viter ces mesures qui plongeraient ces deux g\u00e9ants de l\u2019\u00e9conomie mondiale dans un litige commercial \u00e0 l\u2019impact cons\u00e9quent.<\/p>\n<p class=\"sc-ksZaOG ehjQrN text-element\">Selon plusieurs sources europ\u00e9ennes, l\u2019accord en cours de n\u00e9gociation pr\u00e9voit des surtaxes douani\u00e8res de 15 % sur les exportations europ\u00e9ennes \u00e0 destination des Etats-Unis, avec des exemptions notamment sur l\u2019a\u00e9ronautique, les spiritueux ou certains m\u00e9dicaments. Un accord s\u00e9par\u00e9 concerne l\u2019acier. Les importations en provenance d\u2019Europe seraient encadr\u00e9es par des quotas et tout d\u00e9passement serait tax\u00e9 \u00e0 hauteur de 50 %, selon des diplomates.<\/p>\n<p class=\"sc-ksZaOG ehjQrN text-element\">Ce projet d\u2019accord global, qui ressemble \u00e0 celui annonc\u00e9 entre les Etats-Unis et le Japon en milieu de semaine, reste toutefois suspendu au feu vert du pr\u00e9sident am\u00e9ricain. Il avait d\u00e9j\u00e0 rejet\u00e9 une pr\u00e9c\u00e9dente version plus favorable \u00e0 l\u2019UE, avec des droits de douane fix\u00e9s \u00e0 10 %.<\/p>\n<p class=\"sc-ksZaOG ehjQrN text-element\">Et en cas d\u2019\u00e9chec des n\u00e9gociations, les Europ\u00e9ens ont annonc\u00e9 jeudi avoir mis la derni\u00e8re main \u00e0 d\u2019\u00e9ventuelles repr\u00e9sailles : une liste de marchandises am\u00e9ricaines qui seraient tax\u00e9es pour un total de 93 milliards d\u2019euros, \u00e0 partir du 7 ao\u00fbt et en plusieurs \u00e9tapes.<\/p>\n<p class=\"sc-ksZaOG ehjQrN text-element\"><b>Mis \u00e0 jour<\/b> \u00e0 20h28 avec davantage de contexte.<\/p>\n","protected":false},"excerpt":{"rendered":"On va discuter droits de douane et accord commercial, dimanche, pr\u00e8s des greens \u00e9cossais. La pr\u00e9sidente de la&hellip;\n","protected":false},"author":2,"featured_media":273438,"comment_status":"","ping_status":"","sticky":false,"template":"","format":"standard","meta":{"footnotes":""},"categories":[1586],"tags":[11,75,73,1777,674,1779,1011,27,1074,12,25,1778,364,2544],"class_list":{"0":"post-273437","1":"post","2":"type-post","3":"status-publish","4":"format-standard","5":"has-post-thumbnail","7":"category-europe","8":"tag-actualites","9":"tag-donald-trump","10":"tag-etats-unis","11":"tag-eu","12":"tag-europe","13":"tag-european-union","14":"tag-fr","15":"tag-france","16":"tag-guerre-commerciale","17":"tag-news","18":"tag-republique-francaise","19":"tag-ue","20":"tag-union-europeenne","21":"tag-ursula-von-der-leyen"},"share_on_mastodon":{"url":"https:\/\/pubeurope.com\/@fr\/114915390513905135","error":""},"_links":{"self":[{"href":"https:\/\/www.europesays.com\/fr\/wp-json\/wp\/v2\/posts\/273437","targetHints":{"allow":["GET"]}}],"collection":[{"href":"https:\/\/www.europesays.com\/fr\/wp-json\/wp\/v2\/posts"}],"about":[{"href":"https:\/\/www.europesays.com\/fr\/wp-json\/wp\/v2\/types\/post"}],"author":[{"embeddable":true,"href":"https:\/\/www.europesays.com\/fr\/wp-json\/wp\/v2\/users\/2"}],"replies":[{"embeddable":true,"href":"https:\/\/www.europesays.com\/fr\/wp-json\/wp\/v2\/comments?post=273437"}],"version-history":[{"count":0,"href":"https:\/\/www.europesays.com\/fr\/wp-json\/wp\/v2\/posts\/273437\/revisions"}],"wp:featuredmedia":[{"embeddable":true,"href":"https:\/\/www.europesays.com\/fr\/wp-json\/wp\/v2\/media\/273438"}],"wp:attachment":[{"href":"https:\/\/www.europesays.com\/fr\/wp-json\/wp\/v2\/media?parent=273437"}],"wp:term":[{"taxonomy":"category","embeddable":true,"href":"https:\/\/www.europesays.com\/fr\/wp-json\/wp\/v2\/categories?post=273437"},{"taxonomy":"post_tag","embeddable":true,"href":"https:\/\/www.europesays.com\/fr\/wp-json\/wp\/v2\/tags?post=273437"}],"curies":[{"name":"wp","href":"https:\/\/api.w.org\/{rel}","templated":true}]}}