{"id":273443,"date":"2025-07-25T18:56:10","date_gmt":"2025-07-25T18:56:10","guid":{"rendered":"https:\/\/www.europesays.com\/fr\/273443\/"},"modified":"2025-07-25T18:56:10","modified_gmt":"2025-07-25T18:56:10","slug":"il-etait-temps-liberation","status":"publish","type":"post","link":"https:\/\/www.europesays.com\/fr\/273443\/","title":{"rendered":"il \u00e9tait temps \u2013 Lib\u00e9ration"},"content":{"rendered":"<p class=\"sc-ksZaOG ehjQrN text-element\">Devant <a href=\"https:\/\/www.liberation.fr\/international\/moyen-orient\/je-ne-me-contente-plus-de-couvrir-la-catastrophe-je-la-vis-tenailles-par-la-faim-les-journalistes-de-lafp-a-gaza-racontent-leur-quotidien-de-plus-en-plus-difficile-20250723_U47Q7IUJ3FHLHDHNZSI4NCMI3E\/\" target=\"_blank\" rel=\"noopener\" title=\"https:\/\/www.liberation.fr\/international\/moyen-orient\/je-ne-me-contente-plus-de-couvrir-la-catastrophe-je-la-vis-tenailles-par-la-faim-les-journalistes-de-lafp-a-gaza-racontent-leur-quotidien-de-plus-en-plus-difficile-20250723_U47Q7IUJ3FHLHDHNZSI4NCMI3E\/\">l\u2019aggravation de la situation \u00e0 Gaza<\/a>, la paralysie des instances mondiales, les <a href=\"https:\/\/www.liberation.fr\/international\/moyen-orient\/une-famine-de-masse-se-propage-a-gaza-lalerte-dune-centaine-dong-20250723_4UTYIH35XNHNZBBDB2WT4X3IZQ\/\" target=\"_blank\" rel=\"noopener\" title=\"https:\/\/www.liberation.fr\/international\/moyen-orient\/une-famine-de-masse-se-propage-a-gaza-lalerte-dune-centaine-dong-20250723_4UTYIH35XNHNZBBDB2WT4X3IZQ\/\">cris d\u2019alarme des ONG<\/a> et m\u00e9dias internationaux, et l\u2019ampleur de l\u2019\u00e9moi populaire, Emmanuel Macron a fini par comprendre qu\u2019il y avait urgence. S\u2019il y avait un mini-espoir d\u2019enclencher une <a href=\"https:\/\/www.liberation.fr\/international\/moyen-orient\/reconnaissance-de-letat-de-palestine-lidee-francaise-est-de-creer-une-dynamique-20250725_NMETEJCJCFHHLH7U4KPLSMPTAY\/\" target=\"_blank\" rel=\"noopener\" title=\"https:\/\/www.liberation.fr\/international\/moyen-orient\/reconnaissance-de-letat-de-palestine-lidee-francaise-est-de-creer-une-dynamique-20250725_NMETEJCJCFHHLH7U4KPLSMPTAY\/\">\u00abdynamique collective\u00bb<\/a> pour tenter de contrer les projets isra\u00e9liens d\u2019an\u00e9antissement de Gaza et d\u2019annexion totale de la Cisjordanie, c\u2019\u00e9tait maintenant, \u00e0 la veille de la tr\u00eave estivale, qu\u2019il devait r\u00e9affirmer <a href=\"https:\/\/www.liberation.fr\/international\/moyen-orient\/macron-et-la-reconnaissance-dun-etat-palestinien-recit-dune-valse-hesitation-20250612_FFOUHQCEGBAIPBSTRBEBYCOYFE\/\" target=\"_blank\" rel=\"noopener\" title=\"https:\/\/www.liberation.fr\/international\/moyen-orient\/macron-et-la-reconnaissance-dun-etat-palestinien-recit-dune-valse-hesitation-20250612_FFOUHQCEGBAIPBSTRBEBYCOYFE\/\">sa volont\u00e9 de reconna\u00eetre un Etat palestinien<\/a>. Afin que l\u2019id\u00e9e infuse d\u2019ici \u00e0 l\u2019Assembl\u00e9e g\u00e9n\u00e9rale de l\u2019ONU, en septembre \u00e0 New York.<\/p>\n<p class=\"sc-ksZaOG ehjQrN text-element\">Il \u00e9tait temps. Le chef de l\u2019Etat avait pr\u00e9vu d\u2019en faire l\u2019annonce en juin mais ce projet avait \u00e9t\u00e9 stopp\u00e9 net par l\u2019offensive d\u2019Isra\u00ebl sur l\u2019Iran. <a href=\"https:\/\/www.liberation.fr\/international\/moyen-orient\/macron-et-la-reconnaissance-dun-etat-palestinien-recit-dune-valse-hesitation-20250612_FFOUHQCEGBAIPBSTRBEBYCOYFE\/\" target=\"_blank\" rel=\"noopener\" title=\"https:\/\/www.liberation.fr\/international\/moyen-orient\/macron-et-la-reconnaissance-dun-etat-palestinien-recit-dune-valse-hesitation-20250612_FFOUHQCEGBAIPBSTRBEBYCOYFE\/\">Et il est probable que les choses auraient continu\u00e9 \u00e0 tra\u00eener<\/a> si cette semaine n\u2019avait marqu\u00e9 un tournant dans les conditions de vie d\u00e9j\u00e0 tragiques des Palestiniens de Gaza avec ces images insoutenables d\u2019enfants et d\u2019adultes mourant litt\u00e9ralement de faim dans l\u2019enclave.<\/p>\n<p class=\"sc-ksZaOG ehjQrN text-element\">Soyons clairs : cette annonce ne va en rien all\u00e9ger les souffrances des Gazaouis et des Palestiniens de Cisjordanie. Pour cela, il faut obtenir un cessez-le-feu, la lib\u00e9ration des otages et le d\u00e9blocage de l\u2019aide alimentaire. Il est m\u00eame possible qu\u2019elle attise la col\u00e8re des plus extr\u00e9mistes des Isra\u00e9liens, et notamment des colons. Benyamin N\u00e9tanyahou \u2013 qui s\u2019est toujours battu contre la cr\u00e9ation d\u2019un Etat palestinien \u2013 a estim\u00e9 que Macron, ce faisant, <a href=\"https:\/\/www.liberation.fr\/international\/moyen-orient\/reconnaissance-de-letat-de-palestine-pour-netanyahou-macron-recompense-la-terreur-le-hamas-appelle-dautres-etats-a-suivre-paris-20250725_HUHIOZXXFVFLTOH2KJOEMYTWBI\/\" target=\"_blank\" rel=\"noopener\" title=\"https:\/\/www.liberation.fr\/international\/moyen-orient\/reconnaissance-de-letat-de-palestine-pour-netanyahou-macron-recompense-la-terreur-le-hamas-appelle-dautres-etats-a-suivre-paris-20250725_HUHIOZXXFVFLTOH2KJOEMYTWBI\/\">\u00abr\u00e9compense la terreur\u00bb<\/a>. Accusations prof\u00e9r\u00e9es aussi par les dirigeants am\u00e9ricains et par\u2026 <a href=\"https:\/\/www.liberation.fr\/politique\/elections\/reconnaissance-de-letat-de-palestine-pourquoi-le-pen-et-bardella-reprennent-inlassablement-les-elements-de-langage-de-lextreme-droite-israelienne-20250725_4Q5T2VFG6BBN5KZDPMMARPRJ7A\/\" target=\"_blank\" rel=\"noopener\" title=\"https:\/\/www.liberation.fr\/politique\/elections\/reconnaissance-de-letat-de-palestine-pourquoi-le-pen-et-bardella-reprennent-inlassablement-les-elements-de-langage-de-lextreme-droite-israelienne-20250725_4Q5T2VFG6BBN5KZDPMMARPRJ7A\/\">Marine Le Pen<\/a> en France. Ce qui est une contrev\u00e9rit\u00e9 totale. Le Hamas se nourrit de la haine et de la violence, le moindre espoir de paix impliquerait sa disparition. C\u2019est pr\u00e9cis\u00e9ment pour sortir les Palestiniens de l\u2019\u00e9tau dans lequel ils se trouvent, entre l\u2019oppression isra\u00e9lienne et le jusqu\u2019au-boutisme mortif\u00e8re du Hamas, que la France tente cette op\u00e9ration. Sur le terrain, elle ne changera rien \u00e0 court terme mais, politiquement, elle peut enclencher un cercle vertueux en ralliant \u00e0 elle tous ces Etats qui se t\u00e2tent, paralys\u00e9s par leurs liens avec les Etats-Unis, alli\u00e9s d\u2019Isra\u00ebl : la puissante Arabie Saoudite mais aussi <a href=\"https:\/\/www.liberation.fr\/international\/europe\/royaume-uni-la-reconnaissance-dun-etat-palestinien-nest-pas-une-evidence-pour-keir-starmer-20250725_O2J5CRBIK5HD7FFVFOAJSUKUOE\/\" target=\"_blank\" rel=\"noreferrer noopener\" title=\"https:\/\/www.liberation.fr\/international\/europe\/royaume-uni-la-reconnaissance-dun-etat-palestinien-nest-pas-une-evidence-pour-keir-starmer-20250725_O2J5CRBIK5HD7FFVFOAJSUKUOE\/\">le Royaume-Uni<\/a> qui pourrait entra\u00eener le Canada. Le rapport de force en serait chang\u00e9 car la reconnaissance en tant qu\u2019Etat donne une l\u00e9gitimit\u00e9 et des droits dont les Palestiniens manquent cruellement. Certes, on ne voit pas sur quel territoire pourrait vivre cet Etat ni avec quel dirigeant alors que le pr\u00e9sident de l\u2019Autorit\u00e9 palestinienne, d\u00e9cr\u00e9dibilis\u00e9 aux yeux de son peuple, s\u2019accroche \u00e0 son poste. Mais il faut bien un d\u00e9but. Mahmoud Abbas s\u2019est engag\u00e9 \u00e0 organiser enfin des \u00e9lections et \u00e0 d\u00e9sarmer le Hamas. A voir. Le chemin est encore long et il reste de nombreux obstacles mais quelle est l\u2019alternative ? Abandonner les Palestiniens \u00e0 leur sort ? L\u2019annonce de Macron, pr\u00e9sent\u00e9e dans son entourage comme un \u00abdevoir moral\u00bb, vise \u00e0 offrir un horizon \u00e0 un peuple qui n\u2019en a plus. Mais, derri\u00e8re, il faudra assurer. Le pire serait de se contenter du coup politique.<\/p>\n","protected":false},"excerpt":{"rendered":"Devant l\u2019aggravation de la situation \u00e0 Gaza, la paralysie des instances mondiales, les cris d\u2019alarme des ONG et&hellip;\n","protected":false},"author":2,"featured_media":273444,"comment_status":"","ping_status":"","sticky":false,"template":"","format":"standard","meta":{"footnotes":""},"categories":[4],"tags":[11,1011,27,3522,664,12,3518,25],"class_list":{"0":"post-273443","1":"post","2":"type-post","3":"status-publish","4":"format-standard","5":"has-post-thumbnail","7":"category-france","8":"tag-actualites","9":"tag-fr","10":"tag-france","11":"tag-guerre-hamas-israel","12":"tag-israel","13":"tag-news","14":"tag-palestine","15":"tag-republique-francaise"},"share_on_mastodon":{"url":"https:\/\/pubeurope.com\/@fr\/114915402347181308","error":""},"_links":{"self":[{"href":"https:\/\/www.europesays.com\/fr\/wp-json\/wp\/v2\/posts\/273443","targetHints":{"allow":["GET"]}}],"collection":[{"href":"https:\/\/www.europesays.com\/fr\/wp-json\/wp\/v2\/posts"}],"about":[{"href":"https:\/\/www.europesays.com\/fr\/wp-json\/wp\/v2\/types\/post"}],"author":[{"embeddable":true,"href":"https:\/\/www.europesays.com\/fr\/wp-json\/wp\/v2\/users\/2"}],"replies":[{"embeddable":true,"href":"https:\/\/www.europesays.com\/fr\/wp-json\/wp\/v2\/comments?post=273443"}],"version-history":[{"count":0,"href":"https:\/\/www.europesays.com\/fr\/wp-json\/wp\/v2\/posts\/273443\/revisions"}],"wp:featuredmedia":[{"embeddable":true,"href":"https:\/\/www.europesays.com\/fr\/wp-json\/wp\/v2\/media\/273444"}],"wp:attachment":[{"href":"https:\/\/www.europesays.com\/fr\/wp-json\/wp\/v2\/media?parent=273443"}],"wp:term":[{"taxonomy":"category","embeddable":true,"href":"https:\/\/www.europesays.com\/fr\/wp-json\/wp\/v2\/categories?post=273443"},{"taxonomy":"post_tag","embeddable":true,"href":"https:\/\/www.europesays.com\/fr\/wp-json\/wp\/v2\/tags?post=273443"}],"curies":[{"name":"wp","href":"https:\/\/api.w.org\/{rel}","templated":true}]}}