{"id":273445,"date":"2025-07-25T18:57:10","date_gmt":"2025-07-25T18:57:10","guid":{"rendered":"https:\/\/www.europesays.com\/fr\/273445\/"},"modified":"2025-07-25T18:57:10","modified_gmt":"2025-07-25T18:57:10","slug":"trump-sarrete-a-passer-quatre-jours-en-ecosse-a-jouer-au-golf","status":"publish","type":"post","link":"https:\/\/www.europesays.com\/fr\/273445\/","title":{"rendered":"Trump s&rsquo;arr\u00eate \u00e0 passer quatre jours en \u00c9cosse \u00e0 jouer au golf"},"content":{"rendered":"<dl class=\"post-meta-box flex flex-wrap items-top border-grey-lighter border-b post-meta relative z-20\">&#13;<br \/>\n                                  &#13;<br \/>\n                                  &#13;<br \/>\n                                  &#13;<\/p>\n<dt class=\"inline-block py-1 leading-5 w-1\/5 sm:1\/6 xl:w-3\/10 flex items-top font-sans text-3xs text-grey tracking-wider uppercase border-grey-lighter border-t\">&#13;<br \/>\n                                    Date                                  <\/dt>\n<p>&#13;<\/p>\n<dd class=\"inline-block w-4\/5 sm:5\/6 xl:w-7\/10 pl-1u lg:pl-0 flex-grow  py-1 font-sans text-xs leading-5 border-grey-lighter border-t\">&#13;<br \/>\n                                    25 juillet 2025&#13;\n                                  <\/dd>\n<p>&#13;\n                                <\/dl>\n<p>                                      &#13;<br \/>\n        &#13;<br \/>\n            &#13;<br \/>\n        &#13;<br \/>\n        &#13;<br \/>\n            &#13;<br \/>\n            &#13;<br \/>\n        &#13;<br \/>\n        Ajouter&#13;<br \/>\n        Article ajout\u00e9&#13;<\/p>\n<p>    &#13;<br \/>\n        T\u00e9l\u00e9charger le PDF&#13;<br \/>\n        &#13;<br \/>\n            &#13;<br \/>\n            &#13;<br \/>\n            &#13;<br \/>\n        &#13;<br \/>\n&#13;<br \/>\n&#13;<\/p>\n<dl class=\"post-meta-box flex flex-wrap items-top border-grey-lighter border-b post-meta relative z-20 mt-4\">&#13;<\/p>\n<dt class=\"partager inline-block py-1 leading-5 w-1\/5 sm:1\/6 xl:w-3\/10 flex items-top font-sans text-3xs text-grey tracking-wider uppercase border-grey-lighter border-t\">&#13;<br \/>\n                                    Partager                                  <\/dt>\n<p>&#13;<\/p>\n<dd class=\"partager inline-block w-4\/5 sm:5\/6 xl:w-7\/10 pl-1u lg:pl-0 flex-grow  py-1 font-sans text-xs leading-5 border-grey-lighter border-t\">&#13;<br \/>\n                                    <a target=\"_blank\" data-social=\"twitter\" class=\"text-red no-underline inline-block w-4 h-4 mr-2\" href=\"https:\/\/twitter.com\/intent\/tweet\/?text=En+%C3%89cosse%2C+Trump+devrait+passer+la+plupart+de+son+temps+sur+les+terrains+de+golf&amp;url=https%3A%2F%2Flegrandcontinent.eu%2Ffr%2F2025%2F07%2F25%2Fen-ecosse-trump-devrait-passer-la-plupart-de-son-temps-sur-les-terrains-de-golf%2F\" rel=\"nofollow noopener\">&#13;<br \/>\n                                        &#13;<br \/>\n                                      <\/a>&#13;<br \/>\n                                    <a target=\"_blank\" data-social=\"facebook\" class=\"text-red no-underline inline-block w-4 h-4 mr-2\" href=\"https:\/\/facebook.com\/sharer\/sharer.php?u=https%3A%2F%2Flegrandcontinent.eu%2Ffr%2F2025%2F07%2F25%2Fen-ecosse-trump-devrait-passer-la-plupart-de-son-temps-sur-les-terrains-de-golf%2F\" rel=\"nofollow noopener\">&#13;<br \/>\n                                        &#13;<br \/>\n                                      <\/a>&#13;<br \/>\n                                    <a target=\"_blank\" data-social=\"linkedin\" class=\"text-red no-underline inline-block w-4 h-4 mr-2\" href=\"https:\/\/www.linkedin.com\/shareArticle?title=En+%C3%89cosse%2C+Trump+devrait+passer+la+plupart+de+son+temps+sur+les+terrains+de+golf&amp;url=https%3A%2F%2Flegrandcontinent.eu%2Ffr%2F2025%2F07%2F25%2Fen-ecosse-trump-devrait-passer-la-plupart-de-son-temps-sur-les-terrains-de-golf%2F\" rel=\"nofollow noopener\">&#13;<br \/>\n                                        &#13;<br \/>\n                                      <\/a>&#13;<br \/>\n&#13;<br \/>\n&#13;\n                                  <\/dd>\n<p>&#13;<br \/>\n                                  &#13;\n                                <\/dl>\n<p>Aujourd\u2019hui, vendredi 25 juillet, Donald Trump atterrira dans la soir\u00e9e en \u00c9cosse pour une visite \u00ab\u00a0priv\u00e9e\u00a0\u00bb de quatre jours. Le pr\u00e9sident am\u00e9ricain passera trois jours dans son club de golf de Turnberry, sur la c\u00f4te ouest, avant de se rendre \u00e0 Balmedie, dans un autre complexe sportif de la Trump Organization sur le mer du Nord.<\/p>\n<ul class=\"wp-block-list\">\n<li>Le voyage de Trump en \u00c9cosse est pr\u00e9sent\u00e9 par la Maison-Blanche comme une \u00ab\u00a0visite de travail\u00a0\u00bb, qui devrait notamment inclure une rencontre avec Keir Starmer ainsi que des discussions sur <a href=\"https:\/\/legrandcontinent.eu\/fr\/2025\/05\/08\/que-contient-laccord-historique-entre-le-royaume-uni-et-les-etats-unis\/\" rel=\"nofollow noopener\" target=\"_blank\">l\u2019accord commercial<\/a> annonc\u00e9 en mai.<\/li>\n<li>Le Premier ministre britannique devrait saisir cette opportunit\u00e9 pour tenter d\u2019obtenir de Trump une baisse des tarifs sur l\u2019acier, qui n\u2019avaient pas fait l\u2019objet d\u2019un accord d\u00e9finitif.<\/li>\n<li>L\u2019acier britannique est actuellement soumis \u00e0 des <a href=\"https:\/\/legrandcontinent.eu\/fr\/trump-et-la-guerre-commerciale-x\/\" rel=\"nofollow noopener\" target=\"_blank\">droits de douane<\/a> de 25\u00a0%, soit un taux inf\u00e9rieur aux 50\u00a0% impos\u00e9s sur le reste du monde.<\/li>\n<li>Une rencontre avec le Premier ministre \u00e9cossais John Swinney devrait \u00e9galement avoir lieu, bien qu\u2019aucun d\u00e9tail n\u2019ait pour l\u2019heure \u00e9t\u00e9 annonc\u00e9.<\/li>\n<\/ul>\n<p>Le pr\u00e9sident am\u00e9ricain passera toutefois la plupart de son temps dans ses propri\u00e9t\u00e9s \u00e0 jouer au golf. \u00c0 Balmedie, dans l\u2019Aberdeenshire, Trump inaugurera un nouveau parcours de 18 trous qui portera le nom de jeune fille de sa m\u00e8re, MacLeod, n\u00e9e sur l\u2019\u00eele de Lewis en 1912 avant d\u2019\u00e9migrer aux \u00c9tats-Unis. Celui-ci disposera du \u00ab\u00a0plus grand bunker naturel au monde, de dunes de sable montagneuses et de greens qui s\u2019\u00e9tendent \u00e0 l\u2019infini\u00a0\u00bb\u00a0.<\/p>\n<ul class=\"wp-block-list\">\n<li>Contraint par un agenda marqu\u00e9 par la mont\u00e9e des tensions au Moyen-Orient, le bombardement de l\u2019Iran puis les n\u00e9gociations sur sa loi budg\u00e9taire dont le vote a requis une importante implication personnelle, Trump n\u2019a gu\u00e8re eu le temps de jouer au golf ces derni\u00e8res semaines.<\/li>\n<li>Sa derni\u00e8re visite sur un green remonte au 21 juin, lorsqu\u2019il s\u2019\u00e9tait rendu dans son club de Bedminster, dans le New Jersey, quelques heures avant que des B-2 am\u00e9ricains ne larguent des bombes sur des sites nucl\u00e9aires iraniens.<\/li>\n<li>Ainsi, depuis le 20 janvier, Trump a consacr\u00e9 au 25 juillet 20,4\u00a0% de son temps \u00e0 jouer au golf. Apr\u00e8s sa visite en \u00c9cosse, ce chiffre devrait remonter \u00e0 22,1\u00a0% (en supposant qu\u2019il jouera chaque jour).<\/li>\n<\/ul>\n<p>Trump mettra fin demain, samedi 26, \u00e0 sa plus longue p\u00e9riode pass\u00e9e sans jouer au golf depuis son retour \u00e0 la Maison-Blanche le 20 janvier (34 jours). Malgr\u00e9 tout, le pr\u00e9sident am\u00e9ricain a jusqu\u2019\u00e0 pr\u00e9sent r\u00e9ussi \u00e0 plus jouer au golf qu\u2019au cours de la m\u00eame p\u00e9riode lors de son premier mandat\u00a0: 38 jours contre 33 en 2017\u00a0. C\u2019est d\u2019ordinaire au cours du mois d\u2019ao\u00fbt que Trump passe la plupart de son temps sur le green.<\/p>\n<p>                          <script async src=\"https:\/\/platform.twitter.com\/widgets.js\" charset=\"utf-8\"><\/script><\/p>\n","protected":false},"excerpt":{"rendered":"&#13; &#13; &#13; &#13; &#13; Date &#13; &#13; 25 juillet 2025&#13; &#13; &#13; &#13; &#13; &#13; &#13; &#13;&hellip;\n","protected":false},"author":2,"featured_media":273446,"comment_status":"","ping_status":"","sticky":false,"template":"","format":"standard","meta":{"footnotes":""},"categories":[1418],"tags":[1011,27,1472,60],"class_list":{"0":"post-273445","1":"post","2":"type-post","3":"status-publish","4":"format-standard","5":"has-post-thumbnail","7":"category-golf","8":"tag-fr","9":"tag-france","10":"tag-golf","11":"tag-sports"},"share_on_mastodon":{"url":"https:\/\/pubeurope.com\/@fr\/114915406140888749","error":""},"_links":{"self":[{"href":"https:\/\/www.europesays.com\/fr\/wp-json\/wp\/v2\/posts\/273445","targetHints":{"allow":["GET"]}}],"collection":[{"href":"https:\/\/www.europesays.com\/fr\/wp-json\/wp\/v2\/posts"}],"about":[{"href":"https:\/\/www.europesays.com\/fr\/wp-json\/wp\/v2\/types\/post"}],"author":[{"embeddable":true,"href":"https:\/\/www.europesays.com\/fr\/wp-json\/wp\/v2\/users\/2"}],"replies":[{"embeddable":true,"href":"https:\/\/www.europesays.com\/fr\/wp-json\/wp\/v2\/comments?post=273445"}],"version-history":[{"count":0,"href":"https:\/\/www.europesays.com\/fr\/wp-json\/wp\/v2\/posts\/273445\/revisions"}],"wp:featuredmedia":[{"embeddable":true,"href":"https:\/\/www.europesays.com\/fr\/wp-json\/wp\/v2\/media\/273446"}],"wp:attachment":[{"href":"https:\/\/www.europesays.com\/fr\/wp-json\/wp\/v2\/media?parent=273445"}],"wp:term":[{"taxonomy":"category","embeddable":true,"href":"https:\/\/www.europesays.com\/fr\/wp-json\/wp\/v2\/categories?post=273445"},{"taxonomy":"post_tag","embeddable":true,"href":"https:\/\/www.europesays.com\/fr\/wp-json\/wp\/v2\/tags?post=273445"}],"curies":[{"name":"wp","href":"https:\/\/api.w.org\/{rel}","templated":true}]}}