{"id":273451,"date":"2025-07-25T19:01:17","date_gmt":"2025-07-25T19:01:17","guid":{"rendered":"https:\/\/www.europesays.com\/fr\/273451\/"},"modified":"2025-07-25T19:01:17","modified_gmt":"2025-07-25T19:01:17","slug":"basket-ball-les-clubs-amateurs-equipes-en-jordan","status":"publish","type":"post","link":"https:\/\/www.europesays.com\/fr\/273451\/","title":{"rendered":"Basket-ball. Les clubs amateurs \u00e9quip\u00e9s en Jordan"},"content":{"rendered":"<p class=\"mb-4\"><strong>\u00c9quipementiers<\/strong>. La F\u00e9d\u00e9ration Fran\u00e7aise de Basketball (FFBB) invite ses clubs \u00e0 s\u2019\u00e9quiper en Jordan, son \u00e9quipementier officiel. <a href=\"https:\/\/www.ffbb.com\/actualites\/equipez-votre-en-club-en-jordan\" target=\"_blank\" rel=\"noreferrer noopener nofollow\">Un communiqu\u00e9<\/a> publi\u00e9 mardi 13 mai 2025 pr\u00e9cise que les clubs affili\u00e9s peuvent b\u00e9n\u00e9ficier de 20% de r\u00e9duction sur les produits Jordan Brand. Ils ont aussi la possibilit\u00e9 de personnaliser leurs tenues de match avec leurs couleurs et logos. Jordan, marque du groupe Nike, est partenaire de la FFBB depuis 2017.<\/p>\n<p class=\"mb-4\">\u00a9 SportBusiness.Club Mai 2025 <\/p>\n","protected":false},"excerpt":{"rendered":"\u00c9quipementiers. La F\u00e9d\u00e9ration Fran\u00e7aise de Basketball (FFBB) invite ses clubs \u00e0 s\u2019\u00e9quiper en Jordan, son \u00e9quipementier officiel. Un&hellip;\n","protected":false},"author":2,"featured_media":273452,"comment_status":"","ping_status":"","sticky":false,"template":"","format":"standard","meta":{"footnotes":""},"categories":[1414],"tags":[1465,1464,1011,27,60],"class_list":{"0":"post-273451","1":"post","2":"type-post","3":"status-publish","4":"format-standard","5":"has-post-thumbnail","7":"category-basket","8":"tag-basket","9":"tag-basketball","10":"tag-fr","11":"tag-france","12":"tag-sports"},"share_on_mastodon":{"url":"https:\/\/pubeurope.com\/@fr\/114915421929702739","error":""},"_links":{"self":[{"href":"https:\/\/www.europesays.com\/fr\/wp-json\/wp\/v2\/posts\/273451","targetHints":{"allow":["GET"]}}],"collection":[{"href":"https:\/\/www.europesays.com\/fr\/wp-json\/wp\/v2\/posts"}],"about":[{"href":"https:\/\/www.europesays.com\/fr\/wp-json\/wp\/v2\/types\/post"}],"author":[{"embeddable":true,"href":"https:\/\/www.europesays.com\/fr\/wp-json\/wp\/v2\/users\/2"}],"replies":[{"embeddable":true,"href":"https:\/\/www.europesays.com\/fr\/wp-json\/wp\/v2\/comments?post=273451"}],"version-history":[{"count":0,"href":"https:\/\/www.europesays.com\/fr\/wp-json\/wp\/v2\/posts\/273451\/revisions"}],"wp:featuredmedia":[{"embeddable":true,"href":"https:\/\/www.europesays.com\/fr\/wp-json\/wp\/v2\/media\/273452"}],"wp:attachment":[{"href":"https:\/\/www.europesays.com\/fr\/wp-json\/wp\/v2\/media?parent=273451"}],"wp:term":[{"taxonomy":"category","embeddable":true,"href":"https:\/\/www.europesays.com\/fr\/wp-json\/wp\/v2\/categories?post=273451"},{"taxonomy":"post_tag","embeddable":true,"href":"https:\/\/www.europesays.com\/fr\/wp-json\/wp\/v2\/tags?post=273451"}],"curies":[{"name":"wp","href":"https:\/\/api.w.org\/{rel}","templated":true}]}}