{"id":273453,"date":"2025-07-25T19:02:10","date_gmt":"2025-07-25T19:02:10","guid":{"rendered":"https:\/\/www.europesays.com\/fr\/273453\/"},"modified":"2025-07-25T19:02:10","modified_gmt":"2025-07-25T19:02:10","slug":"motogp-2025-en-vacances-lorenzo-detonne-marquez-cramponne","status":"publish","type":"post","link":"https:\/\/www.europesays.com\/fr\/273453\/","title":{"rendered":"MotoGP 2025 en vacances : Lorenzo d\u00e9tonne, Marquez cramponne"},"content":{"rendered":"<p>Lorenzo, un pilote dont on a vu l&rsquo;extr\u00eame \u00e9l\u00e9gance, change de registre sur ses vieux jours&#8230; Il est donc all\u00e9 parler avec les italiens de \u00ab <strong>Mig Babol<\/strong> \u00bb. Une cha\u00eene qui assure assez bien, c&rsquo;est tellement rare de nos jours. A <strong>Motoservices<\/strong> on peut en t\u00e9moigner, on fait de tr\u00e8s belles vid\u00e9os et je suis un ancien de TF1, on sait comment \u00e7a marche. \u00ab<strong> Mig Babol \u00bb<\/strong> est un jeu de mot avec l&rsquo;am\u00e9ricain \u00ab <strong>Big Bubble<\/strong> \u00bb qui est la grosse bulle que l&rsquo;on fait avec un chewing-gum. C&rsquo;est d\u00e8gue mais si \u00e7a les fait marrer&#8230; Lorenzo se d\u00e9brouille plut\u00f4t bien en italien, on sait que Marc Marquez, Zarco et Quartararo sont des as en italien et\/ou en espagnol, c&rsquo;est logique, ils ont boss\u00e9 avec les uns et les autres. En revanche je vois peu d&rsquo;Italiens se mettre \u00e0 l&rsquo;espagnol, ils devraient&#8230; Lorenzo rappelle qu&rsquo;il est le seul \u00e0 avoir battu tous les grands de l&rsquo;\u00e9poque d&rsquo;or, Rossi, Stoner, Marquez, Pedrosa. Bon, on peut contrer, Pedrosa a arr\u00eat\u00e9 sa carri\u00e8re sportive comme lui mais avec un podium de plus&#8230; Allez, on jette les chiffres au foss\u00e9, l\u00e0 on est dans le gros calibre. Lorenzo ajoute que ce qui lui manque aujourd&rsquo;hui le plus c&rsquo;est de gagner. Il a arr\u00eat\u00e9 sa carri\u00e8re au bout de trente ans et en avait marre parce qu&rsquo;en plus les r\u00e9sultats n&rsquo;\u00e9taient plus l\u00e0. Sur les titres, il est le seul \u00e0 en avoir remport\u00e9 contre les quatre grands de l&rsquo;\u00e9poque. Alors que Rossi n&rsquo;a pas battu Marquez et Stoner et Pedrosa n&rsquo;a jamais \u00e9t\u00e9 titr\u00e9. Argumentation r\u00e9elle mais me semble t&rsquo;il tr\u00e8s inopportune&#8230; Il est clair que Jorge supporte mal ce retour de Marquez, du coup il devient un fervent supporter de Bagnaia, qui, dit-il, n&rsquo;abandonne jamais. il est vrai aussi que leurs pilotages se ressemblent et que sur ce dernier point le d\u00e9but de saison 2025 lui donne tort, on a vu Bagnaia partir \u00e0 la d\u00e9rive bien des fois. Mais bon, ce qui est clair c&rsquo;est qu&rsquo;avec Rossi, pourtant aussi son vieil ennemi, ils ont mal aux dents \u00e0 force de les serrer quand Marquez re-triomphe. En plus, Marquez a aujourd&rsquo;hui l&rsquo;\u00e2ge de Lorenzo quand il a arr\u00eat\u00e9, \u00e7a aussi \u00e7a \u00e9nerve. Bon, Jorge, tu es encore le sixi\u00e8me meilleur scorer de l&rsquo;histoire des GP moto, c&rsquo;est vrai que tu nous manques&#8230;<\/p>\n","protected":false},"excerpt":{"rendered":"Lorenzo, un pilote dont on a vu l&rsquo;extr\u00eame \u00e9l\u00e9gance, change de registre sur ses vieux jours&#8230; Il est&hellip;\n","protected":false},"author":2,"featured_media":273454,"comment_status":"","ping_status":"","sticky":false,"template":"","format":"standard","meta":{"footnotes":""},"categories":[1413],"tags":[17,41285,41284,1011,27,36318,1461,1457,7841,1456,1458,60,41283],"class_list":{"0":"post-273453","1":"post","2":"type-post","3":"status-publish","4":"format-standard","5":"has-post-thumbnail","7":"category-moto","8":"tag-17","9":"tag-deraille","10":"tag-ducati-450","11":"tag-fr","12":"tag-france","13":"tag-jorge-lorenzo","14":"tag-marc-marquez","15":"tag-moto","16":"tag-motocross","17":"tag-motocycle","18":"tag-motogp","19":"tag-sports","20":"tag-yamaha-factory-2014"},"share_on_mastodon":{"url":"https:\/\/pubeurope.com\/@fr\/114915425911808930","error":""},"_links":{"self":[{"href":"https:\/\/www.europesays.com\/fr\/wp-json\/wp\/v2\/posts\/273453","targetHints":{"allow":["GET"]}}],"collection":[{"href":"https:\/\/www.europesays.com\/fr\/wp-json\/wp\/v2\/posts"}],"about":[{"href":"https:\/\/www.europesays.com\/fr\/wp-json\/wp\/v2\/types\/post"}],"author":[{"embeddable":true,"href":"https:\/\/www.europesays.com\/fr\/wp-json\/wp\/v2\/users\/2"}],"replies":[{"embeddable":true,"href":"https:\/\/www.europesays.com\/fr\/wp-json\/wp\/v2\/comments?post=273453"}],"version-history":[{"count":0,"href":"https:\/\/www.europesays.com\/fr\/wp-json\/wp\/v2\/posts\/273453\/revisions"}],"wp:featuredmedia":[{"embeddable":true,"href":"https:\/\/www.europesays.com\/fr\/wp-json\/wp\/v2\/media\/273454"}],"wp:attachment":[{"href":"https:\/\/www.europesays.com\/fr\/wp-json\/wp\/v2\/media?parent=273453"}],"wp:term":[{"taxonomy":"category","embeddable":true,"href":"https:\/\/www.europesays.com\/fr\/wp-json\/wp\/v2\/categories?post=273453"},{"taxonomy":"post_tag","embeddable":true,"href":"https:\/\/www.europesays.com\/fr\/wp-json\/wp\/v2\/tags?post=273453"}],"curies":[{"name":"wp","href":"https:\/\/api.w.org\/{rel}","templated":true}]}}