{"id":273463,"date":"2025-07-25T19:08:23","date_gmt":"2025-07-25T19:08:23","guid":{"rendered":"https:\/\/www.europesays.com\/fr\/273463\/"},"modified":"2025-07-25T19:08:23","modified_gmt":"2025-07-25T19:08:23","slug":"la-bibliomobile-prend-la-route-a-granby","status":"publish","type":"post","link":"https:\/\/www.europesays.com\/fr\/273463\/","title":{"rendered":"La Bibliomobile prend la route \u00e0 Granby"},"content":{"rendered":"<p class=\"sc-fedTIj dHQWkM\">Se rassembler, partager le plaisir de lire et sortir de la routine avec une activit\u00e9 ext\u00e9rieure, voil\u00e0 ce que les Granbyens appr\u00e9cient du nouveau projet de la biblioth\u00e8que Paul-O. Tr\u00e9panier. L\u2019activit\u00e9 Livres en cavale \u2013 qui tra\u00eenait d\u00e9j\u00e0 son fan-club \u00e0 travers la Ville \u2013 a eu un nouveau souffle avec l\u2019ajout de la Bibliomobile.<\/p>\n<p class=\"sc-fedTIj dHQWkM\">Depuis un mois, la fourgonnette \u00e9lectrique de la Bibliomobile parcourt les parcs de Granby pour offrir des pr\u00eats de livres. Karine L\u00e9vesque, chef de division pour la biblioth\u00e8que Paul-O. Tr\u00e9panier, pr\u00e9sente avec enthousiasme ce projet qui d\u00e9mocratise l\u2019acc\u00e8s aux livres.<\/p>\n<p><img decoding=\"async\" alt=\"L'int\u00e9rieur d'une fourgonnette, am\u00e9nag\u00e9e avec des \u00e9tag\u00e8res en m\u00e9tal o\u00f9 sont pr\u00e9sent\u00e9s des livres.  \" class=\"absolute left-0 top-0 size-full object-cover transition-opacity ease-out print:relative html-dark:brightness-[.8]\" loading=\"lazy\" src=\"https:\/\/www.europesays.com\/fr\/wp-content\/uploads\/2025\/07\/livres-bibliomobile-bibliotheque-granby-collection.jpg\"\/>Ouvrir en mode plein \u00e9cran<\/p>\n<p class=\"sc-cvBxsj fbwuLG\">La collection de la Bibliomobile compte environ 2500 livres, autant pour enfants que pour adultes. <\/p>\n<p class=\"sc-frWhYi iczfiR text-gray600 light:text-gray600 dark:text-gray400\">Photo : Radio-Canada \/ S\u00e9bastien Prieur <\/p>\n<p class=\"sc-fedTIj dHQWkM\">Il s\u2019agit d\u2019un ajout \u00e0 l\u2019activit\u00e9 Livres en cavale, lanc\u00e9e en 2022, qui attirait d\u00e9j\u00e0 une trentaine de participants dans les parcs deux fois par semaine. Lors de ces soir\u00e9es, les animatrices lisent un conte aux enfants, puis proposent un jeu et un bricolage en lien avec l\u2019histoire.<\/p>\n<p><img decoding=\"async\" alt=\"Portrait de Laura Horrocks-Denis et Jessika St-Onge.\" class=\"absolute left-0 top-0 size-full object-cover transition-opacity ease-out print:relative html-dark:brightness-[.8]\" loading=\"lazy\" src=\"https:\/\/www.europesays.com\/fr\/wp-content\/uploads\/2025\/07\/animatrice-bibliomobile-bibliotheque-laura-jessika.jpg\"\/>Ouvrir en mode plein \u00e9cran<\/p>\n<p class=\"sc-cvBxsj fbwuLG\">Laura Horrocks-Denis et Jessika St-Onge animent les activit\u00e9s de Livres en cavale. Pour elles, c\u2019est un \u00ab moment magique \u00bb cr\u00e9\u00e9 autour du livre. <\/p>\n<p class=\"sc-frWhYi iczfiR text-gray600 light:text-gray600 dark:text-gray400\">Photo : Radio-Canada \/ S\u00e9bastien Prieur <\/p>\n<blockquote class=\"sc-gQSkpc gEGzue text-gray700 light:text-gray700 dark:text-gray200\">\n<p class=\"sc-evdWiO YQeFE !font-display text-6 leading-5 xsToSm:text-5 font-bold text-gray700 light:text-gray700 dark:text-gray200 font-medium\">Les familles d\u00e9couvrent des livres autrement, dans les parcs pr\u00e8s de chez eux.<\/p>\n<p>Une citation de Laura Horrocks-Denis, animatrice pour Livres en cavale<\/p><\/blockquote>\n<p class=\"sc-fedTIj dHQWkM\">Maintenant que la Bibliomobile est de la partie, ces soir\u00e9es sont encore plus populaires\u00a0: entre 45 et 80\u00a0personnes se sont pr\u00e9sent\u00e9es lors des derni\u00e8res activit\u00e9s.<\/p>\n<p><img decoding=\"async\" alt=\"Des familles, assises sur des chaises de camping ou des couvertes au sol, assistent \u00e0 la lecture d'un conte. \" class=\"absolute left-0 top-0 size-full object-cover transition-opacity ease-out print:relative html-dark:brightness-[.8]\" loading=\"lazy\" src=\"https:\/\/www.europesays.com\/fr\/wp-content\/uploads\/2025\/07\/bibliomobile-livres-cavale-granby-conte.jpg\"\/>Ouvrir en mode plein \u00e9cran<\/p>\n<p class=\"sc-cvBxsj fbwuLG\">Une soixantaine de personnes \u00e9taient rassembl\u00e9es au parc Barr\u00e9, \u00e0 Granby, jeudi soir. <\/p>\n<p class=\"sc-frWhYi iczfiR text-gray600 light:text-gray600 dark:text-gray400\">Photo : Radio-Canada \/ S\u00e9bastien Prieur <\/p>\n<p>La lecture pour tous<\/p>\n<p class=\"sc-fedTIj dHQWkM\">Les parcs choisis se trouvent dans des quartiers familiaux, pour cibler des enfants, mais aussi dans des quartiers plus d\u00e9favoris\u00e9s, pour rejoindre une client\u00e8le qui fr\u00e9quente habituellement moins la biblioth\u00e8que, explique Karine L\u00e9vesque.<\/p>\n<blockquote class=\"sc-gQSkpc gEGzue text-gray700 light:text-gray700 dark:text-gray200\">\n<p class=\"sc-evdWiO YQeFE !font-display text-6 leading-5 xsToSm:text-5 font-bold text-gray700 light:text-gray700 dark:text-gray200 font-medium\">C\u2019est un concept qui se veut de l\u2019inclusion. Donc, d\u2019aller rejoindre le citoyen o\u00f9 il est pour lui donner acc\u00e8s aux services de la biblioth\u00e8que.<\/p>\n<p>Une citation de Karine L\u00e9vesque, chef de division, biblioth\u00e8que Paul-O. Tr\u00e9panier<\/p><\/blockquote>\n<p><img decoding=\"async\" alt=\"Portrait de Karine L\u00e9vesque. \" class=\"absolute left-0 top-0 size-full object-cover transition-opacity ease-out print:relative html-dark:brightness-[.8]\" loading=\"lazy\" src=\"https:\/\/www.europesays.com\/fr\/wp-content\/uploads\/2025\/07\/karine-levesque-bibliomobile-bibliotheque-granby.jpg\"\/>Ouvrir en mode plein \u00e9cran<\/p>\n<p class=\"sc-cvBxsj fbwuLG\">Karine L\u00e9vesque travaillait sur le projet de Bibliomobile depuis 2022.<\/p>\n<p class=\"sc-frWhYi iczfiR text-gray600 light:text-gray600 dark:text-gray400\">Photo : Radio-Canada \/ Laurence Frappier <\/p>\n<p class=\"sc-fedTIj dHQWkM\">Cet automne et cet hiver, la Bibliomobile visitera des RPA, des CHSLD et des organismes \u00e0 vocation sociale.<\/p>\n<p>Bo\u00eete \u00e0 livres<\/p>\n<p class=\"sc-fedTIj dHQWkM\">En plus de sa nouveaut\u00e9 \u00e0 quatre roues, la Ville de Granby a rejoint le r\u00e9seau Croque-livres qui propose des bo\u00eetes pour le libre-\u00e9change gratuit de livres. On en compte pr\u00e8s de 3300 \u00e0 travers le Qu\u00e9bec.<\/p>\n<p class=\"sc-fedTIj dHQWkM\">On retrouvait d\u00e9j\u00e0 sur le territoire de la ville 11\u00a0bo\u00eetes \u00c0lire-Retour, offrant un concept similaire. En plus d\u2019arborer \u00e0 pr\u00e9sent les couleurs du Croque-livres, trois bo\u00eetes seront ajout\u00e9es, notamment au centre aquatique Desjardins et au pavillon Roger-B\u00e9dard.<\/p>\n","protected":false},"excerpt":{"rendered":"Se rassembler, partager le plaisir de lire et sortir de la routine avec une activit\u00e9 ext\u00e9rieure, voil\u00e0 ce&hellip;\n","protected":false},"author":2,"featured_media":273464,"comment_status":"","ping_status":"","sticky":false,"template":"","format":"standard","meta":{"footnotes":""},"categories":[1357],"tags":[1379,58,59,1011,27,1380],"class_list":{"0":"post-273463","1":"post","2":"type-post","3":"status-publish","4":"format-standard","5":"has-post-thumbnail","7":"category-livres","8":"tag-books","9":"tag-divertissement","10":"tag-entertainment","11":"tag-fr","12":"tag-france","13":"tag-livres"},"share_on_mastodon":{"url":"https:\/\/pubeurope.com\/@fr\/114915449671097201","error":""},"_links":{"self":[{"href":"https:\/\/www.europesays.com\/fr\/wp-json\/wp\/v2\/posts\/273463","targetHints":{"allow":["GET"]}}],"collection":[{"href":"https:\/\/www.europesays.com\/fr\/wp-json\/wp\/v2\/posts"}],"about":[{"href":"https:\/\/www.europesays.com\/fr\/wp-json\/wp\/v2\/types\/post"}],"author":[{"embeddable":true,"href":"https:\/\/www.europesays.com\/fr\/wp-json\/wp\/v2\/users\/2"}],"replies":[{"embeddable":true,"href":"https:\/\/www.europesays.com\/fr\/wp-json\/wp\/v2\/comments?post=273463"}],"version-history":[{"count":0,"href":"https:\/\/www.europesays.com\/fr\/wp-json\/wp\/v2\/posts\/273463\/revisions"}],"wp:featuredmedia":[{"embeddable":true,"href":"https:\/\/www.europesays.com\/fr\/wp-json\/wp\/v2\/media\/273464"}],"wp:attachment":[{"href":"https:\/\/www.europesays.com\/fr\/wp-json\/wp\/v2\/media?parent=273463"}],"wp:term":[{"taxonomy":"category","embeddable":true,"href":"https:\/\/www.europesays.com\/fr\/wp-json\/wp\/v2\/categories?post=273463"},{"taxonomy":"post_tag","embeddable":true,"href":"https:\/\/www.europesays.com\/fr\/wp-json\/wp\/v2\/tags?post=273463"}],"curies":[{"name":"wp","href":"https:\/\/api.w.org\/{rel}","templated":true}]}}