{"id":273465,"date":"2025-07-25T19:09:25","date_gmt":"2025-07-25T19:09:25","guid":{"rendered":"https:\/\/www.europesays.com\/fr\/273465\/"},"modified":"2025-07-25T19:09:25","modified_gmt":"2025-07-25T19:09:25","slug":"laetitia-quitte-une-nouvelle-fois-linstitut-florence-coste-reviendra-t-elle-elle-nous-repond","status":"publish","type":"post","link":"https:\/\/www.europesays.com\/fr\/273465\/","title":{"rendered":"Laetitia quitte une nouvelle fois l&rsquo;institut, Florence Coste reviendra-t-elle ? Elle nous r\u00e9pond"},"content":{"rendered":"<p>Vendredi 25 juillet, La\u00ebtitia Rigaut, personnage embl\u00e9matique de la quotidienne de TF1 Ici tout commence, quitte \u00e0 nouveau l&rsquo;Institut Auguste Armand apr\u00e8s un retour surprise il y a quelques jours. Florence Coste revient sur ce nouveau d\u00e9part, marqu\u00e9e par une sc\u00e8ne particuli\u00e8rement \u00e9mouvante qu&rsquo;elle a tourn\u00e9e avec Axelle Dodier, l&rsquo;interpr\u00e8te de sa fille, Kelly, et sur un \u00e9ventuel retour&#8230;<\/p>\n<p>Vendredi 25 juillet, <b>La\u00ebtitia Rigaut, personnage phare d<\/b><b>\u2019Ici tout commence<\/b><b> interpr\u00e9t\u00e9e par Florence Coste, fait une fois encore ses adieux au ch\u00e2teau<\/b>. En effet, <a href=\"https:\/\/www.programme-tv.net\/news\/series-tv\/363089-ici-tout-commence-laetitia-rigaut-quitte-la-serie-de-tf1-ce-vendredi-18-octobre-2024-le-depart-de-florence-coste-est-il-definitif\/\" data-api-deeplink=\"teleloisirs:\/\/news\/363089\" target=\"_blank\" rel=\"noopener\">en octobre 2024, l\u2019assistante de direction de l\u2019Institut Auguste Armand l\u00e2chait son poste <\/a>pour int\u00e9grer un palace parisien. Elle n\u2019avait pas pr\u00e9vu que les auteurs de la quotidienne imaginerait que sa fille, <a href=\"https:\/\/www.programme-tv.net\/news\/series-tv\/382275-ici-tout-commence-qui-est-le-pere-de-l-enfant-de-kelly-axelle-dodier-la-reponse-spoilers\/\" data-api-deeplink=\"teleloisirs:\/\/news\/382275\" target=\"_blank\" rel=\"noopener\">Kelly, alias Axelle Dodier, tomberait enceinte<\/a>. D\u00e8s lors, comment envisager que sa maman ne vienne pas assister \u00e0 l\u2019accouchement et d\u00e9couvrir la frimousse de son premier petit enfant, dont le p\u00e8re n&rsquo;est autre que Souleymane, le fils d&rsquo;Antoine Myriel&#8230; ?<\/p>\n<p>\u00ab \u00c7a me paraissait normal de revenir&#8230; \u00bb Florence Coste s\u2019explique sur son retour dans Ici tout commence<\/p>\n<p>Ainsi, le 16 juillet dernier, les fid\u00e8les de la quotidienne ont eu le plaisir de voir revenir leur Laetitia pr\u00e9f\u00e9r\u00e9e \u00e0 la toute fin de l\u2019\u00e9pisode : \u00ab\u00a0Le retour de Laetitia, mon personnage, est li\u00e9 avant-tout \u00e0 l\u2019arche d\u2019Axelle [Dodier, interpr\u00e8te de Kelly, fille de Laetitia, ndlr], confiait-elle \u00e0 T\u00e9l\u00e9 Loisirs. La productrice m&rsquo;a appel\u00e9e car <a href=\"https:\/\/www.programme-tv.net\/news\/series-tv\/382275-ici-tout-commence-qui-est-le-pere-de-l-enfant-de-kelly-axelle-dodier-la-reponse-spoilers\/\" data-api-deeplink=\"teleloisirs:\/\/news\/382275\" target=\"_blank\" rel=\"noopener\">il n\u2019\u00e9tait pas imaginable que Kelly ait un enfant<\/a> et que sa m\u00e8re ne soit pas pr\u00e9sente pour la soutenir. Quant \u00e0 moi, cela me paraissait normal et super de revenir faire un clin d\u2019\u0153il dans la s\u00e9rie. Nous avons eu beaucoup de sc\u00e8nes de com\u00e9dies, c&rsquo;\u00e9tait tr\u00e8s joyeux, avec, en plus, l&rsquo;\u00e9motion inh\u00e9rente \u00e0 la d\u00e9couverte d\u2019un nouvel \u00eatre qui vient au monde.\u00a0\u00bb<\/p>\n<p>                        Ici tout commence : Laetitia quitte une nouvelle fois l&rsquo;institut, Florence Coste reviendra-t-elle ? Elle nous r\u00e9pond<\/p>\n<p>Ce retour aura \u00e9t\u00e9 marqu\u00e9 par une sc\u00e8ne que Florence Coste n\u2019est pas pr\u00eate d\u2019oublier : \u00ab\u00a0Il y a une tr\u00e8s belle sc\u00e8ne o\u00f9 Kelly craque totalement. Je n\u2019oublierai jamais ce moment, particuli\u00e8rement \u00e9mouvant aussi \u00e0 tourner, car Axelle et moi partageons une vraie complicit\u00e9 dans le jeu. On se regarde et on se laisse porter\u00a0\u00bb. Quant \u00e0 savoir si elle pourrait revenir une troisi\u00e8me fois, elle r\u00e9pond par l&rsquo;affirmative : \u00ab\u00a0D\u00e9sormais, je sais que je pourrais ponctuellement revenir \u00e0 l&rsquo;Institut !\u00a0\u00bb<\/p>\n","protected":false},"excerpt":{"rendered":"Vendredi 25 juillet, La\u00ebtitia Rigaut, personnage embl\u00e9matique de la quotidienne de TF1 Ici tout commence, quitte \u00e0 nouveau&hellip;\n","protected":false},"author":2,"featured_media":273466,"comment_status":"","ping_status":"","sticky":false,"template":"","format":"standard","meta":{"footnotes":""},"categories":[1356],"tags":[4548,244,58,59,41286,1011,27,41287,620,41293,41291,41292,41289,41290,2173,252,199,1364,41288],"class_list":{"0":"post-273465","1":"post","2":"type-post","3":"status-publish","4":"format-standard","5":"has-post-thumbnail","7":"category-television","8":"tag-channel_tl-story","9":"tag-commentaire","10":"tag-divertissement","11":"tag-entertainment","12":"tag-florence-coste","13":"tag-fr","14":"tag-france","15":"tag-guid_6225909585001","16":"tag-ici-tout-commence","17":"tag-ici-tout-commence-01022021-095500-tf1","18":"tag-ici-tout-commence-25012021-095500-tf1","19":"tag-ici-tout-commence-26012021-095500-tf1","20":"tag-ici-tout-commence-28012021-095500-tf1","21":"tag-ici-tout-commence-29012021-095500-tf1","22":"tag-interview","23":"tag-television","24":"tag-tf1","25":"tag-tv","26":"tag-uuid_c32debaa-2bc1-408c-9943-90e2d08d78f7"},"share_on_mastodon":{"url":"https:\/\/pubeurope.com\/@fr\/114915453479962059","error":""},"_links":{"self":[{"href":"https:\/\/www.europesays.com\/fr\/wp-json\/wp\/v2\/posts\/273465","targetHints":{"allow":["GET"]}}],"collection":[{"href":"https:\/\/www.europesays.com\/fr\/wp-json\/wp\/v2\/posts"}],"about":[{"href":"https:\/\/www.europesays.com\/fr\/wp-json\/wp\/v2\/types\/post"}],"author":[{"embeddable":true,"href":"https:\/\/www.europesays.com\/fr\/wp-json\/wp\/v2\/users\/2"}],"replies":[{"embeddable":true,"href":"https:\/\/www.europesays.com\/fr\/wp-json\/wp\/v2\/comments?post=273465"}],"version-history":[{"count":0,"href":"https:\/\/www.europesays.com\/fr\/wp-json\/wp\/v2\/posts\/273465\/revisions"}],"wp:featuredmedia":[{"embeddable":true,"href":"https:\/\/www.europesays.com\/fr\/wp-json\/wp\/v2\/media\/273466"}],"wp:attachment":[{"href":"https:\/\/www.europesays.com\/fr\/wp-json\/wp\/v2\/media?parent=273465"}],"wp:term":[{"taxonomy":"category","embeddable":true,"href":"https:\/\/www.europesays.com\/fr\/wp-json\/wp\/v2\/categories?post=273465"},{"taxonomy":"post_tag","embeddable":true,"href":"https:\/\/www.europesays.com\/fr\/wp-json\/wp\/v2\/tags?post=273465"}],"curies":[{"name":"wp","href":"https:\/\/api.w.org\/{rel}","templated":true}]}}