{"id":273471,"date":"2025-07-25T19:12:14","date_gmt":"2025-07-25T19:12:14","guid":{"rendered":"https:\/\/www.europesays.com\/fr\/273471\/"},"modified":"2025-07-25T19:12:14","modified_gmt":"2025-07-25T19:12:14","slug":"vacances-en-france-que-faut-il-savoir-du-chikungunya-rtbf","status":"publish","type":"post","link":"https:\/\/www.europesays.com\/fr\/273471\/","title":{"rendered":"Vacances en France : que faut-il savoir du chikungunya ? &#8211; RTBF"},"content":{"rendered":"<ol>\n<li><a href=\"https:\/\/news.google.com\/rss\/articles\/CBMikwFBVV95cUxPM1BsTmlSbzhmR1laa0FNdlV3Q01BdVJqQTU3cmZsSmY5T1B6YmVka3c0Ry01bjN2Q1JmRVpNajBWbUQ0eF8weF9tSlZNQzJaajNaRXdfN25OLU41eF9BZzdDY1hVd2RhUVhvTmxPMUhfUkx6dzVNd1N3SENaWGl3VFppRjdNbkpDUjdtcWItaE5BcXc?oc=5\" target=\"_blank\" rel=\"nofollow noopener\">Vacances en France : que faut-il savoir du chikungunya ?<\/a>&nbsp;&nbsp;RTBF<\/li>\n<li><a href=\"https:\/\/news.google.com\/rss\/articles\/CBMijgJBVV95cUxPRkRDT0Z4LV9VZzdFMmpqWkt2cVpfQ01DdDBGS3E2Z0pUckktSV9xclBmRkpzZnd4V3AyQkRoN0xBYnBzdWtpNnhWTEYxUHVkdzdSeVZNLVFtQXF2d2JhNlphSW1ReUJKSDhXb096QWVoSno0UXR1S2RFUUN2c1E4aVQwanlMSmEyUklBd01wSEN1WnFFVC1yNW93MXJGb05pSkpVUmdfbXlqZ0N0cFpHOFljQ3gzU0JfSTFyQ0tYUXJ4NmZSLVhIMk1BVVNJVktER09Vc050X3NpemVXTW1IUk5QTndGSUdSQlE0N1lZSlNRYXExUERsLVJhMUxmUFdYdFE5a1hnbnpXSWJkSGc?oc=5\" target=\"_blank\" rel=\"nofollow noopener\">Cinq cas de chikungunya aux portes de Montpellier : quels sont les premiers sympt\u00f4mes et les bons r\u00e9flexes si vous pensez \u00eatre infect\u00e9<\/a>&nbsp;&nbsp;Midi Libre<\/li>\n<li><a href=\"https:\/\/news.google.com\/rss\/articles\/CBMiuAFBVV95cUxNTGZQcmkyTnZYc2tzWjNfM1R4ZkVQNHMyOC1RNUZXLXZwOWc0VDEweWxLb3h6RGVrWVR0LWF1akpMRXhSQ21RM21fTjlRX2RkczY0Y2h1RGRJOFNhaGhFalFhM294NTlBNm9VS24xQ0VtWFpuOFJpblNjVnV1c19WM0JVRzVPTVVycGItT0ZITWluVjVpLW9JOFFXeVZLbVQwOE54SDF2Q3JmaXlaWk5mWGs3MVlXODJ5?oc=5\" target=\"_blank\" rel=\"nofollow noopener\">Chikungunya : dans l&rsquo;Hexagone, le nombre de cas import\u00e9s de La R\u00e9union diminue<\/a>&nbsp;&nbsp;Outre-mer la 1\u00e8re<\/li>\n<li><a href=\"https:\/\/news.google.com\/rss\/articles\/CBMi1gFBVV95cUxNSl9EQTB4YjJfVmhMZUQ0cGlIdmVocGs1ZEp5cjRuRWNrczhyM1dmMFlWQVVGc2pjVEJEa0NoaXhvdDIweE1UT3ZES193SnlRZExSZVpiTWxTUHM5UjR5NGR4U1kwbEU0MHRwU1lUTm9VVGJvMmxfYW1aUlNpSDFDOG85VjdCZFkzZ2hMb1JUZDBqR1lLcktkZnpqYTdZandqUUZuYjdlT3lhOHlQZmg0QnhjcjZvcnY3VnJMaEIxeEs5TE9jOEpRTGFZQUQ5WnRnNVVOdFhB?oc=5\" target=\"_blank\" rel=\"nofollow noopener\">Grenoble. Un nouveau cas de chikungunya d\u00e9tect\u00e9 dans cette commune : l&rsquo;ARS agit<\/a>&nbsp;&nbsp;Actu.fr<\/li>\n<li><a href=\"https:\/\/news.google.com\/rss\/articles\/CBMiogFBVV95cUxNWTNXYnVVUXZtcjZWWVZhbVpxWDB4ZGctTXRiOU05VWVpQW9XcG9yTEYxZGxjdGItc01NMVVkN3hXcUxMbGMwSlNNakpjVmFpRnNGU0xzMzU3djNVYXA0eVJWRnVPVjNCSjYwenBPWWVXRHo3U3Jibld1UncxY1A3NVdiMzE3b0dhS2V5UTRpSU0tUFV3Tk5oQmQ3eXZUNWEyYXc?oc=5\" target=\"_blank\" rel=\"nofollow noopener\">Chikungunya : 5 cas autochtones \u00e0 Castries<\/a>&nbsp;&nbsp;Pourquoi Docteur<\/li>\n<\/ol>\n","protected":false},"excerpt":{"rendered":"Vacances en France : que faut-il savoir du chikungunya ?&nbsp;&nbsp;RTBF Cinq cas de chikungunya aux portes de Montpellier&hellip;\n","protected":false},"author":2,"featured_media":273472,"comment_status":"","ping_status":"","sticky":false,"template":"","format":"standard","meta":{"footnotes":""},"categories":[10],"tags":[1011,27,72,71],"class_list":{"0":"post-273471","1":"post","2":"type-post","3":"status-publish","4":"format-standard","5":"has-post-thumbnail","7":"category-sante","8":"tag-fr","9":"tag-france","10":"tag-health","11":"tag-sante"},"share_on_mastodon":{"url":"https:\/\/pubeurope.com\/@fr\/114915465289461790","error":""},"_links":{"self":[{"href":"https:\/\/www.europesays.com\/fr\/wp-json\/wp\/v2\/posts\/273471","targetHints":{"allow":["GET"]}}],"collection":[{"href":"https:\/\/www.europesays.com\/fr\/wp-json\/wp\/v2\/posts"}],"about":[{"href":"https:\/\/www.europesays.com\/fr\/wp-json\/wp\/v2\/types\/post"}],"author":[{"embeddable":true,"href":"https:\/\/www.europesays.com\/fr\/wp-json\/wp\/v2\/users\/2"}],"replies":[{"embeddable":true,"href":"https:\/\/www.europesays.com\/fr\/wp-json\/wp\/v2\/comments?post=273471"}],"version-history":[{"count":0,"href":"https:\/\/www.europesays.com\/fr\/wp-json\/wp\/v2\/posts\/273471\/revisions"}],"wp:featuredmedia":[{"embeddable":true,"href":"https:\/\/www.europesays.com\/fr\/wp-json\/wp\/v2\/media\/273472"}],"wp:attachment":[{"href":"https:\/\/www.europesays.com\/fr\/wp-json\/wp\/v2\/media?parent=273471"}],"wp:term":[{"taxonomy":"category","embeddable":true,"href":"https:\/\/www.europesays.com\/fr\/wp-json\/wp\/v2\/categories?post=273471"},{"taxonomy":"post_tag","embeddable":true,"href":"https:\/\/www.europesays.com\/fr\/wp-json\/wp\/v2\/tags?post=273471"}],"curies":[{"name":"wp","href":"https:\/\/api.w.org\/{rel}","templated":true}]}}