{"id":273493,"date":"2025-07-25T19:23:21","date_gmt":"2025-07-25T19:23:21","guid":{"rendered":"https:\/\/www.europesays.com\/fr\/273493\/"},"modified":"2025-07-25T19:23:21","modified_gmt":"2025-07-25T19:23:21","slug":"lautrice-nancy-huston-rencontre-ses-lecteurs-a-la-librairie-le-bleuet-a-banon","status":"publish","type":"post","link":"https:\/\/www.europesays.com\/fr\/273493\/","title":{"rendered":"L\u2019autrice Nancy Huston rencontre ses lecteurs \u00e0 la librairie Le Bleuet, \u00e0 Banon"},"content":{"rendered":"<p>C\u2019est une petite centaine de lecteurs qui sont venus boire les paroles d\u2019une autrice charismatique. Nancy Huston \u00e9tait dans les jardins du Bleuet, \u00e0 Banon, ce vendredi 25\u00a0juillet 2025 pour \u00e9voquer \u00ab\u00a0Adam et les nymphes\u00a0\u00bb.<\/p>\n<p>\u00c0 ses c\u00f4t\u00e9s, Francis Jolly et Fran\u00e7ois Marillier : c\u2019est avec ses deux artistes que la Franco-Canadienne pr\u00e9sentait le soir du vendredi 25 juillet, \u00e0 Viens, dans le cadre du festival Art et Hospitalit\u00e9, un spectacle \u00e9ponyme, bas\u00e9 sur ce double texte et croisant lecture, images et musique.<\/p>\n<p>Trois artistes pour une cr\u00e9ation<\/p>\n<p>\u00ab\u00a0Tout est parti des textes de Nancy\u00a0\u00bb, a ainsi expos\u00e9 \u00e0 l\u2019assistance Francis Jolly.<\/p>\n<p>Photographe depuis\u00a01979, ce dernier travaille autour de trois axes depuis plusieurs ann\u00e9es\u00a0: \u00ab\u00a0transmission, cr\u00e9ation, construction\u00a0\u00bb.<\/p>\n","protected":false},"excerpt":{"rendered":"C\u2019est une petite centaine de lecteurs qui sont venus boire les paroles d\u2019une autrice charismatique. Nancy Huston \u00e9tait&hellip;\n","protected":false},"author":2,"featured_media":273494,"comment_status":"","ping_status":"","sticky":false,"template":"","format":"standard","meta":{"footnotes":""},"categories":[9635],"tags":[17,1111,11,251,1777,674,1011,27,775,41294,38429,10066,14783,1702,12,5486,25,2407],"class_list":{"0":"post-273493","1":"post","2":"type-post","3":"status-publish","4":"format-standard","5":"has-post-thumbnail","7":"category-nancy","8":"tag-17","9":"tag-actu","10":"tag-actualites","11":"tag-culture","12":"tag-eu","13":"tag-europe","14":"tag-fr","15":"tag-france","16":"tag-grand-est","17":"tag-huston","18":"tag-lautrice","19":"tag-lecteurs","20":"tag-librairie","21":"tag-nancy","22":"tag-news","23":"tag-rencontre","24":"tag-republique-francaise","25":"tag-ses"},"share_on_mastodon":{"url":"https:\/\/pubeurope.com\/@fr\/114915508451403133","error":""},"_links":{"self":[{"href":"https:\/\/www.europesays.com\/fr\/wp-json\/wp\/v2\/posts\/273493","targetHints":{"allow":["GET"]}}],"collection":[{"href":"https:\/\/www.europesays.com\/fr\/wp-json\/wp\/v2\/posts"}],"about":[{"href":"https:\/\/www.europesays.com\/fr\/wp-json\/wp\/v2\/types\/post"}],"author":[{"embeddable":true,"href":"https:\/\/www.europesays.com\/fr\/wp-json\/wp\/v2\/users\/2"}],"replies":[{"embeddable":true,"href":"https:\/\/www.europesays.com\/fr\/wp-json\/wp\/v2\/comments?post=273493"}],"version-history":[{"count":0,"href":"https:\/\/www.europesays.com\/fr\/wp-json\/wp\/v2\/posts\/273493\/revisions"}],"wp:featuredmedia":[{"embeddable":true,"href":"https:\/\/www.europesays.com\/fr\/wp-json\/wp\/v2\/media\/273494"}],"wp:attachment":[{"href":"https:\/\/www.europesays.com\/fr\/wp-json\/wp\/v2\/media?parent=273493"}],"wp:term":[{"taxonomy":"category","embeddable":true,"href":"https:\/\/www.europesays.com\/fr\/wp-json\/wp\/v2\/categories?post=273493"},{"taxonomy":"post_tag","embeddable":true,"href":"https:\/\/www.europesays.com\/fr\/wp-json\/wp\/v2\/tags?post=273493"}],"curies":[{"name":"wp","href":"https:\/\/api.w.org\/{rel}","templated":true}]}}