{"id":273495,"date":"2025-07-25T19:24:10","date_gmt":"2025-07-25T19:24:10","guid":{"rendered":"https:\/\/www.europesays.com\/fr\/273495\/"},"modified":"2025-07-25T19:24:10","modified_gmt":"2025-07-25T19:24:10","slug":"les-soirees-dj-sont-de-retour-sur-la-plage-du-mourillon","status":"publish","type":"post","link":"https:\/\/www.europesays.com\/fr\/273495\/","title":{"rendered":"Les soir\u00e9es DJ sont de retour sur la plage du Mourillon"},"content":{"rendered":"<p>Le soleil est encore loin d\u2019\u00eatre couch\u00e9 lorsqu\u2019\u00e0 19h, les premi\u00e8res notes de musique viennent accompagner l\u2019ap\u00e9ro aux abords de deux \u00e9tablissements du Mourillon.<\/p>\n<p>Sur les plages priv\u00e9es du Cabanon et du Petit sud, au niveau de l\u2019anse Mistral, un bar central et des tables debout ont \u00e9t\u00e9 dispos\u00e9s sur le sable. Le DJ s\u2019est install\u00e9 derri\u00e8re les platines et un son qui sent bon l\u2019\u00e9t\u00e9 vient accompagner les premiers venus, tandis que tapas, cocktails et bouteilles de vin sont command\u00e9s au fur et \u00e0 mesure. Pour le plus grand bonheur de la jeunesse des environs.<\/p>\n<p>Le samedi 5 juillet dernier, <a href=\"https:\/\/www.varmatin.com\/vie-locale\/-avant-on-pouvait-aller-au-cabanon-ou-encore-au-petit-sud-cette-annee-plus-rien-si-ce-n-est-pour-diner-je-ne-comprends-pas-ce-qu-il-se-passe-a-toulon-finies-les-soirees-les-pieds-dans-l-eau-au-mourillon-865189\" rel=\"nofollow noopener\" target=\"_blank\">apr\u00e8s plus de six ans d\u2019arr\u00eat<\/a>, les Toulonnais ont retrouv\u00e9 les soir\u00e9es festives qui ont un temps fait le succ\u00e8s du Cabanon. Elles se tiennent d\u00e9sormais chaque samedi ou veille de jour f\u00e9ri\u00e9, dans un format \u00ab\u00a0DJ ap\u00e9ro\u00a0\u00bb, afin \u00ab\u00a0d\u2019offrir \u00e0 la jeunesse toulonnaise un lieu qui lui ressemble, festif mais respectueux, vivant mais encadr\u00e9\u00a0\u00bb.<\/p>\n<p><strong>\u00ab\u00a0Dans l\u2019esprit du lieu et des r\u00e8gles\u00a0\u00bb<\/strong><\/p>\n<p>Conscient de marcher sur des \u0153ufs dans ce quartier, Armand Fabien, g\u00e9rant des deux restaurants, assure avoir travaill\u00e9 \u00ab\u00a0en bonne intelligence\u00a0\u00bb avec les autorit\u00e9s locales: \u00ab\u00a0On essaye de faire en sorte qu\u2019\u00e0 Toulon, les jeunes aient un coin pour venir boire un coup sur la plage durant l\u2019\u00e9t\u00e9. Apr\u00e8s, on sait qu\u2019il y a un cadre. Cet \u00e9t\u00e9, on a donc choisi de faire \u00e9voluer les choses, dans le respect de l\u2019esprit du lieu et des r\u00e8gles qui encadrent son usage.\u00a0\u00bb<\/p>\n<p>Et si certains f\u00eatards ne diraient sans doute pas non \u00e0 une ou deux heures de rab (la musique est stopp\u00e9e vers 23h et la soir\u00e9e prend fin \u00e0 minuit (1)), ce format semble convenir \u00e0 la client\u00e8le, venue en nombre lors des trois premi\u00e8res \u00e9ditions de l\u2019\u00e9t\u00e9. \u00ab\u00a0Il y a de l\u2019ambiance et du beau monde. On se r\u00e9gale toujours, assure Emma, une habitu\u00e9e. Le fait qu\u2019il y ait une r\u00e9sidence, c\u2019est cool. Au moins, le samedi soir, on sait ce qu\u2019on fait!\u00a0\u00bb<\/p>\n<blockquote>\n<p><strong>\u00ab\u00a0Refaire un peu bouger Toulon\u00a0\u00bb<\/strong><\/p>\n<\/blockquote>\n<p>Sur les plages du Mourillon, les clients sont \u00e0 chaque fois accueillis par le collectif toulonnais Damn Peach, qui g\u00e8re l\u2019organisation de la soir\u00e9e. \u00ab\u00a0Le but est de refaire un peu bouger Toulon avec de la musique urbaine et g\u00e9n\u00e9raliste, pr\u00e9sente Anthony, le fondateur. On am\u00e8ne nos DJ locaux, on fait venir des artistes invit\u00e9s, on a nos danseuses r\u00e9currentes, puis notre show particulier\u2026\u00a0\u00bb<\/p>\n<p>Et pour les int\u00e9ress\u00e9s qui auraient manqu\u00e9 \u00e7a, pas de stress. Ces soir\u00e9es \u00ab\u00a0DJ ap\u00e9ro\u00a0\u00bb les pieds dans le sable sont pr\u00e9vues jusqu\u2019\u00e0 la fin du mois d\u2019ao\u00fbt.<\/p>\n<p>1. \u00c0 l\u2019exception des jours f\u00e9ri\u00e9s, o\u00f9 un assouplissement ponctuel de la r\u00e9glementation permet de fermer un peu plus tard.<\/p>\n","protected":false},"excerpt":{"rendered":"Le soleil est encore loin d\u2019\u00eatre couch\u00e9 lorsqu\u2019\u00e0 19h, les premi\u00e8res notes de musique viennent accompagner l\u2019ap\u00e9ro aux&hellip;\n","protected":false},"author":2,"featured_media":273496,"comment_status":"","ping_status":"","sticky":false,"template":"","format":"standard","meta":{"footnotes":""},"categories":[9619],"tags":[1111,11,215,1777,674,1011,27,873,12,882,25,2310,3366],"class_list":{"0":"post-273495","1":"post","2":"type-post","3":"status-publish","4":"format-standard","5":"has-post-thumbnail","7":"category-toulon","8":"tag-actu","9":"tag-actualites","10":"tag-commerce","11":"tag-eu","12":"tag-europe","13":"tag-fr","14":"tag-france","15":"tag-musique","16":"tag-news","17":"tag-provence-alpes-cote-dazur","18":"tag-republique-francaise","19":"tag-toulon","20":"tag-vie-locale"},"share_on_mastodon":{"url":"https:\/\/pubeurope.com\/@fr\/114915512406796188","error":""},"_links":{"self":[{"href":"https:\/\/www.europesays.com\/fr\/wp-json\/wp\/v2\/posts\/273495","targetHints":{"allow":["GET"]}}],"collection":[{"href":"https:\/\/www.europesays.com\/fr\/wp-json\/wp\/v2\/posts"}],"about":[{"href":"https:\/\/www.europesays.com\/fr\/wp-json\/wp\/v2\/types\/post"}],"author":[{"embeddable":true,"href":"https:\/\/www.europesays.com\/fr\/wp-json\/wp\/v2\/users\/2"}],"replies":[{"embeddable":true,"href":"https:\/\/www.europesays.com\/fr\/wp-json\/wp\/v2\/comments?post=273495"}],"version-history":[{"count":0,"href":"https:\/\/www.europesays.com\/fr\/wp-json\/wp\/v2\/posts\/273495\/revisions"}],"wp:featuredmedia":[{"embeddable":true,"href":"https:\/\/www.europesays.com\/fr\/wp-json\/wp\/v2\/media\/273496"}],"wp:attachment":[{"href":"https:\/\/www.europesays.com\/fr\/wp-json\/wp\/v2\/media?parent=273495"}],"wp:term":[{"taxonomy":"category","embeddable":true,"href":"https:\/\/www.europesays.com\/fr\/wp-json\/wp\/v2\/categories?post=273495"},{"taxonomy":"post_tag","embeddable":true,"href":"https:\/\/www.europesays.com\/fr\/wp-json\/wp\/v2\/tags?post=273495"}],"curies":[{"name":"wp","href":"https:\/\/api.w.org\/{rel}","templated":true}]}}