{"id":273497,"date":"2025-07-25T19:25:31","date_gmt":"2025-07-25T19:25:31","guid":{"rendered":"https:\/\/www.europesays.com\/fr\/273497\/"},"modified":"2025-07-25T19:25:31","modified_gmt":"2025-07-25T19:25:31","slug":"basket-nikola-mirotic-signe-pour-deux-ans-a-monaco-sport","status":"publish","type":"post","link":"https:\/\/www.europesays.com\/fr\/273497\/","title":{"rendered":"Basket. Nikola Mirotic signe pour deux ans \u00e0 Monaco . Sport"},"content":{"rendered":"<p>Nikola Mirotic s\u2019engage jusqu\u2019en 2024 avec l\u2019AS Monaco. L\u2019ailier-fort hispano-mont\u00e9n\u00e9grin de 34\u00a0ans \u00e9voluait \u00e0 l\u2019Olimpia Milan la saison derni\u00e8re. R\u00e9v\u00e9l\u00e9 aux d\u00e9buts des ann\u00e9es 2010, au Real Madrid, avec lequel il est all\u00e9 en finale de l\u2019Euroligue en 2014, Nikola Mirotic, ailier-fort de 2,08m, s\u2019est ensuite \u00e9panoui durant six ann\u00e9es en NBA.<\/p>\n<p>Sous les couleurs des Bulls de Chicago, puis celles des Pelicans de la Nouvelle Orl\u00e9ans et des Bucks de Milwaukee, il a disput\u00e9 359\u00a0rencontres dans la ligue nord-am\u00e9ricaine, dont 40 en play-offs, avec un record \u00e0 36\u00a0points inscrits contre Sacramento Kings en octobre\u00a02018. \u00c0 son retour en Europe, il a \u00e9volu\u00e9 quatre saisons \u00e0 Barcelone, puis deux \u00e0 Milan.<\/p>\n<p>MVP de l\u2019Euroligue en 2022<\/p>\n<p>Ce Mont\u00e9n\u00e9grin d\u2019origine est international espagnol. Il a \u00e9t\u00e9 champion d\u2019Europe des nations en 2015 et m\u00e9daill\u00e9 de bronze aux Jeux olympiques de Rio de Janeiro en 2016, avec la s\u00e9lection espagnole.<\/p>\n<p>En club, il a \u00e9t\u00e9 trois fois champion d\u2019Espagne et une fois champion d\u2019Italie, mais n\u2019a jamais remport\u00e9 l\u2019Euroligue. \u00c9lu deux fois MVP du championnat d\u2019Espagne ainsi que des finales, une fois MVP des finales du championnat d\u2019Italie en 2024, Mirotic a \u00e9galement \u00e9t\u00e9 d\u00e9sign\u00e9 MVP de l\u2019Euroligue en 2022.<\/p>\n<p><strong>\u00ab\u00a0Monaco est au sommet de l\u2019Euroligue et a le potentiel de se d\u00e9velopper encore plus,\u00a0\u00bb <\/strong>a indiqu\u00e9 le joueur sur le site du club. \u00ab <strong>Je voulais un nouveau d\u00e9fi, j\u2019en ai encore les capacit\u00e9s, et c\u2019est pourquoi j\u2019ai d\u00e9cid\u00e9 de signer ici.\u00a0\u00bb<\/strong><\/p>\n<p>Apr\u00e8s le pivot am\u00e9ricain Kevarrius Hayes, en provenance de Paris, et l\u2019international fran\u00e7ais Yoan Makoundou, de retour de pr\u00eat du club Turk Telecom d\u2019Ankara, Mirotic est la troisi\u00e8me recrue mon\u00e9gasque de l\u2019\u00e9t\u00e9.<\/p>\n<p><strong>Lire aussi\u00a0: <\/strong> <a href=\"https:\/\/rennes.maville.com\/sport\/detail_-monaco-basket.-retour-de-yoan-makoundou-daniel-theis-reste-au-club-_54135-6912138_actu.Htm\" target=\"_self\" rel=\"noopener\">Monaco Basket. Retour de Yoan Makoundou, Daniel Theis reste au club<\/a><\/p>\n<p>La Roca Team, d\u00e9faite par le Fenerbah\u00e7e Istanbul en finale d\u2019Euroligue en 2025, d\u00e9butera sa saison dans la comp\u00e9tition le 1er\u00a0octobre prochain avec la r\u00e9ception de Kaunas dans sa salle Gaston-M\u00e9decin.<\/p>\n<p>\u00a0<\/p>\n","protected":false},"excerpt":{"rendered":"Nikola Mirotic s\u2019engage jusqu\u2019en 2024 avec l\u2019AS Monaco. L\u2019ailier-fort hispano-mont\u00e9n\u00e9grin de 34\u00a0ans \u00e9voluait \u00e0 l\u2019Olimpia Milan la saison&hellip;\n","protected":false},"author":2,"featured_media":273498,"comment_status":"","ping_status":"","sticky":false,"template":"","format":"standard","meta":{"footnotes":""},"categories":[9619],"tags":[1111,11,3809,1465,1777,674,63,1011,27,1792,1922,12,882,25,479,517,2310,1470],"class_list":{"0":"post-273497","1":"post","2":"type-post","3":"status-publish","4":"format-standard","5":"has-post-thumbnail","7":"category-toulon","8":"tag-actu","9":"tag-actualites","10":"tag-ball","11":"tag-basket","12":"tag-eu","13":"tag-europe","14":"tag-football","15":"tag-fr","16":"tag-france","17":"tag-handball","18":"tag-info","19":"tag-news","20":"tag-provence-alpes-cote-dazur","21":"tag-republique-francaise","22":"tag-rugby","23":"tag-sport","24":"tag-toulon","25":"tag-volley"},"share_on_mastodon":{"url":"https:\/\/pubeurope.com\/@fr\/114915516371125049","error":""},"_links":{"self":[{"href":"https:\/\/www.europesays.com\/fr\/wp-json\/wp\/v2\/posts\/273497","targetHints":{"allow":["GET"]}}],"collection":[{"href":"https:\/\/www.europesays.com\/fr\/wp-json\/wp\/v2\/posts"}],"about":[{"href":"https:\/\/www.europesays.com\/fr\/wp-json\/wp\/v2\/types\/post"}],"author":[{"embeddable":true,"href":"https:\/\/www.europesays.com\/fr\/wp-json\/wp\/v2\/users\/2"}],"replies":[{"embeddable":true,"href":"https:\/\/www.europesays.com\/fr\/wp-json\/wp\/v2\/comments?post=273497"}],"version-history":[{"count":0,"href":"https:\/\/www.europesays.com\/fr\/wp-json\/wp\/v2\/posts\/273497\/revisions"}],"wp:featuredmedia":[{"embeddable":true,"href":"https:\/\/www.europesays.com\/fr\/wp-json\/wp\/v2\/media\/273498"}],"wp:attachment":[{"href":"https:\/\/www.europesays.com\/fr\/wp-json\/wp\/v2\/media?parent=273497"}],"wp:term":[{"taxonomy":"category","embeddable":true,"href":"https:\/\/www.europesays.com\/fr\/wp-json\/wp\/v2\/categories?post=273497"},{"taxonomy":"post_tag","embeddable":true,"href":"https:\/\/www.europesays.com\/fr\/wp-json\/wp\/v2\/tags?post=273497"}],"curies":[{"name":"wp","href":"https:\/\/api.w.org\/{rel}","templated":true}]}}