{"id":273503,"date":"2025-07-25T19:28:12","date_gmt":"2025-07-25T19:28:12","guid":{"rendered":"https:\/\/www.europesays.com\/fr\/273503\/"},"modified":"2025-07-25T19:28:12","modified_gmt":"2025-07-25T19:28:12","slug":"voici-le-programme-du-weekend","status":"publish","type":"post","link":"https:\/\/www.europesays.com\/fr\/273503\/","title":{"rendered":"voici le programme du weekend"},"content":{"rendered":"<p>            Par<br \/>\n        <strong><br \/>\n            <a href=\"https:\/\/actu.fr\/auteur\/fmass\" title=\"Consulter tous les articles de Fabien Massin\" target=\"_blank\" rel=\"noopener\">Fabien Massin<\/a><br \/>\n        <\/strong><\/p>\n<p>        Publi\u00e9 le<\/p>\n<p>            25 juil. 2025 \u00e0 19h34        <\/p>\n<p>Chineurs de l\u2019\u00e9t\u00e9, voici arriv\u00e9 le dernier weekend du mois de juillet. Braderies,<a href=\"https:\/\/actu.fr\/tag\/foires-a-tout\" target=\"_blank\" rel=\"noopener\"> foires \u00e0 tout<\/a>, <a href=\"https:\/\/actu.fr\/tag\/vide-greniers\" target=\"_blank\" rel=\"noopener\">vide-greniers<\/a>, voici les rendez-vous de samedi 26 et dimanche 27 juillet 2025.\u00a0<\/p>\n<p>Les rendez-vous de samedi\u00a0<\/p>\n<p class=\" wall-content\"><strong>\u2022 Cauville-sur-Mer :<\/strong> braderie sp\u00e9ciale vintage et osier \u00e0 Emma\u00fcs, 28, hameau du Tronquay\u00a0 de 14h \u00e0 17h30. Entr\u00e9e gratuite.\u00a0<\/p>\n<p class=\" wall-content\"><strong>\u2022 Millebosc :<\/strong> foire \u00e0 tout \u00e0 la salle des f\u00eates de 8 heures \u00e0 18 heures, moins de 50 exposants.\u00a0<\/p>\n<p class=\" wall-content\"><strong>\u2022 Oissel :<\/strong> foire \u00e0 tout place Francisco-Ferrer de 6 heures \u00e0 18h30. Entr\u00e9e gratuite, plus de 300 exposants.\u00a0<\/p>\n<p class=\" wall-content\"><strong>\u2022 R\u00e9alcamp :<\/strong> vide-greniers rue des P\u00e2tures de 6 heures \u00e0 17 heures. Entr\u00e9e gratuite, entre 100 et 200 exposants.\u00a0<\/p>\n<p>Les rendez-vous de dimanche<\/p>\n<p class=\" wall-content\"><strong>\u2022 Canteleu :<\/strong> foire \u00e0 tout place du march\u00e9 du 8 heures \u00e0 18 heures. Entre 50 et 100 exposants.\u00a0<\/p>\n<p class=\" wall-content\"><strong>\u2022 Conteville :<\/strong> foire \u00e0 tout dans le c\u0153ur village de 7 heures \u00e0 22 heures, entre 100 et 200 exposants.\u00a0<\/p>\n<p class=\" wall-content\"><strong>\u2022 Dieppe :<\/strong> march\u00e9 \u00e0 la brocante et aux collections boulevard du Mar\u00e9chal-Joffre \u00e0 partir de 9 heures. Entr\u00e9e gratuite, moins de 50 exposants.\u00a0<\/p>\n<p class=\" wall-content\"><strong>\u2022 Doudeville :<\/strong> foire \u00e0 tout du hameau de Vautuit. Entr\u00e9e gratuite, moins de 50 exposants.\u00a0<\/p>\n<p class=\" wall-content\"><strong>\u2022 Ernemont-sur-Buchy :<\/strong> foire \u00e0 tout devant la salle des f\u00eates de 7 heures \u00e0 18 heures, entre 50 et 100 exposants.\u00a0<\/p>\n<p class=\" wall-content\"><strong>\u2022 Gournay-en-Bray :<\/strong> foire \u00e0 tout du hameau de Saint-Clair de 6h30 \u00e0 18 heures. Entr\u00e9e gratuite, entre 50 et 100 exposants.<\/p>\n<p class=\" wall-content\"><strong>\u2022 Grumesnil :<\/strong> brocante rue de la Lib\u00e9ration de 6 heures \u00e0 19 heures. Entr\u00e9e gratuite, entre 100 et 200 exposants.\u00a0<\/p>\n<p class=\" wall-content\"><strong>\u2022 Gueutteville-les-Gr\u00e8s :<\/strong> foire \u00e0 tout sur le terrain communal de 7 heures \u00e0 18 heures. Entr\u00e9e gratuite, entre 50 et 100 exposants.\u00a0<\/p>\n<p class=\" wall-content\"><strong>\u2022 Houdetot :<\/strong> foire \u00e0 tout dans la rue principale de 7 heures \u00e0 18 heures. Entr\u00e9e gratuite, moins de 50 exposants.\u00a0<\/p>\n<p class=\" wall-content\"><strong>\u2022 Incheville :<\/strong> brocante du comit\u00e9 des f\u00eates place du cin\u00e9ma de 6 heures \u00e0 18 heures. Entr\u00e9e gratuite, moins de 50 exposants.\u00a0<\/p>\n<p class=\" wall-content\"><strong>\u2022 La Chapelle-sur-Dun :<\/strong> foire \u00e0 tout dans les jardins de la mairie de 7h30 \u00e0 17h30. Entr\u00e9e gratuite, entre 50 et 100 exposants.\u00a0<\/p>\n<p class=\" wall-content\"><strong>\u2022 Le Havre :<\/strong> vide-greniers \u00e0 la salle des f\u00eates de Graville de 8 heures \u00e0 17 heures. Entr\u00e9e 1 euro, entre 50 et 100 exposants.\u00a0<\/p>\n<p class=\" wall-content\"><strong>\u2022 Mathonville :<\/strong> foire \u00e0 tout sur le parking de la salle des f\u00eates de 6 heures \u00e0 18 heures. Entr\u00e9e gratuite, entre 50 et 100 exposants.\u00a0<\/p>\n<p class=\" wall-content\"><strong>\u2022 Oissel :<\/strong> foire \u00e0 tout place Francisco-Ferrer de 6 heures \u00e0 18h30. Entr\u00e9e gratuite, plus de 300 exposants.\u00a0<\/p>\n<p class=\" wall-content\"><strong>\u2022 Serqueux :<\/strong> vide-greniers au stade de foot de 7 heures \u00e0 18 heures. Entr\u00e9e gratuite, entre 50 et 100 exposants.\u00a0<\/p>\n<p class=\" wall-content\"><strong>\u2022 Valmont :<\/strong> vide-greniers au stade de 8 heures \u00e0 18 heures. Entr\u00e9e 1 euro, entre 50 et 100 exposants.\u00a0<\/p>\n<p class=\" wall-content\"><strong>\u2022 Y\u00e9bleron :<\/strong> foire \u00e0 tout au stade de 7 heures \u00e0 18 heures, entre 100 et 200 exposants.\u00a0<\/p>\n<p>Vous souhaitez annoncer un \u00e9v\u00e9nement festif ou associatif, une initiative locale ? Rendez-vous sur notre plateforme <a href=\"https:\/\/www.infolocale.fr\/decouvrir\/actu\/\" target=\"_blank\" rel=\"noopener\">Infolocale<\/a>.<\/p>\n<p class=\" wall-content\">Suivez toute l\u2019actualit\u00e9 de vos villes et m\u00e9dias favoris en vous inscrivant \u00e0 <a href=\"https:\/\/moncompte.actu.fr\" title=\"D\u00e9couvez Mon Actu\" rel=\"nofollow noopener\" data-trk=\"{&quot;cta&quot;:{&quot;action&quot;:&quot;https:\\\/\\\/moncompte.actu.fr&quot;,&quot;category&quot;:&quot;mon compte&quot;,&quot;from&quot;:&quot;article footer&quot;,&quot;name&quot;:&quot;Mon actu&quot;,&quot;type&quot;:&quot;cta&quot;}}\" target=\"_blank\">Mon Actu<\/a>.<\/p>\n<ul class=\"ac-article-tag wall-content\">\n<li><a href=\"https:\/\/actu.fr\/tag\/foires-a-tout\" data-trk=\"{&quot;cta&quot;:{&quot;action&quot;:&quot;Foires \\u00e0 tout&quot;,&quot;category&quot;:&quot;tag&quot;,&quot;from&quot;:&quot;article footer&quot;,&quot;name&quot;:&quot;Foires \\u00e0 tout&quot;,&quot;type&quot;:&quot;cta&quot;}}\" target=\"_blank\" rel=\"noopener\">#Foires \u00e0 tout<\/a><\/li>\n<li><a href=\"https:\/\/actu.fr\/tag\/vide-greniers\" data-trk=\"{&quot;cta&quot;:{&quot;action&quot;:&quot;Vide-greniers&quot;,&quot;category&quot;:&quot;tag&quot;,&quot;from&quot;:&quot;article footer&quot;,&quot;name&quot;:&quot;Vide-greniers&quot;,&quot;type&quot;:&quot;cta&quot;}}\" target=\"_blank\" rel=\"noopener\">#Vide-greniers<\/a><\/li>\n<\/ul>\n","protected":false},"excerpt":{"rendered":"Par Fabien Massin Publi\u00e9 le 25 juil. 2025 \u00e0 19h34 Chineurs de l\u2019\u00e9t\u00e9, voici arriv\u00e9 le dernier weekend&hellip;\n","protected":false},"author":2,"featured_media":273504,"comment_status":"","ping_status":"","sticky":false,"template":"","format":"standard","meta":{"footnotes":""},"categories":[9587],"tags":[1111,11,1777,674,10087,1011,27,1652,12,5161,25,9590,3365],"class_list":{"0":"post-273503","1":"post","2":"type-post","3":"status-publish","4":"format-standard","5":"has-post-thumbnail","7":"category-rouen","8":"tag-actu","9":"tag-actualites","10":"tag-eu","11":"tag-europe","12":"tag-foires-a-tout","13":"tag-fr","14":"tag-france","15":"tag-loisirs-culture","16":"tag-news","17":"tag-normandie","18":"tag-republique-francaise","19":"tag-rouen","20":"tag-vide-greniers"},"share_on_mastodon":{"url":"https:\/\/pubeurope.com\/@fr\/114915528069135248","error":""},"_links":{"self":[{"href":"https:\/\/www.europesays.com\/fr\/wp-json\/wp\/v2\/posts\/273503","targetHints":{"allow":["GET"]}}],"collection":[{"href":"https:\/\/www.europesays.com\/fr\/wp-json\/wp\/v2\/posts"}],"about":[{"href":"https:\/\/www.europesays.com\/fr\/wp-json\/wp\/v2\/types\/post"}],"author":[{"embeddable":true,"href":"https:\/\/www.europesays.com\/fr\/wp-json\/wp\/v2\/users\/2"}],"replies":[{"embeddable":true,"href":"https:\/\/www.europesays.com\/fr\/wp-json\/wp\/v2\/comments?post=273503"}],"version-history":[{"count":0,"href":"https:\/\/www.europesays.com\/fr\/wp-json\/wp\/v2\/posts\/273503\/revisions"}],"wp:featuredmedia":[{"embeddable":true,"href":"https:\/\/www.europesays.com\/fr\/wp-json\/wp\/v2\/media\/273504"}],"wp:attachment":[{"href":"https:\/\/www.europesays.com\/fr\/wp-json\/wp\/v2\/media?parent=273503"}],"wp:term":[{"taxonomy":"category","embeddable":true,"href":"https:\/\/www.europesays.com\/fr\/wp-json\/wp\/v2\/categories?post=273503"},{"taxonomy":"post_tag","embeddable":true,"href":"https:\/\/www.europesays.com\/fr\/wp-json\/wp\/v2\/tags?post=273503"}],"curies":[{"name":"wp","href":"https:\/\/api.w.org\/{rel}","templated":true}]}}