{"id":273505,"date":"2025-07-25T19:31:11","date_gmt":"2025-07-25T19:31:11","guid":{"rendered":"https:\/\/www.europesays.com\/fr\/273505\/"},"modified":"2025-07-25T19:31:11","modified_gmt":"2025-07-25T19:31:11","slug":"grenoble-naissance-armel","status":"publish","type":"post","link":"https:\/\/www.europesays.com\/fr\/273505\/","title":{"rendered":"Grenoble | Naissance. Armel"},"content":{"rendered":"<p>Tiffany Rey et Thomas Saintenoy sont heureux d\u2019annoncer l\u2019arriv\u00e9e, le vendredi 18\u00a0juillet\u00a02025, de leur petit prince Armel. Il a point\u00e9 le bout de son nez \u00e0 2\u00a0h\u00a055 \u00e0 la maternit\u00e9 de la clinique Belledonne, \u00e0 Saint-Martin-d\u2019H\u00e8res. Une nouvelle aventure qui ravit l\u2019ensemble de la famille. \u00c0 la naissance, Armel pesait 3,175\u00a0kg pour 50 centim\u00e8tres. La famille habite \u00e0 Grenoble.<\/p>\n","protected":false},"excerpt":{"rendered":"Tiffany Rey et Thomas Saintenoy sont heureux d\u2019annoncer l\u2019arriv\u00e9e, le vendredi 18\u00a0juillet\u00a02025, de leur petit prince Armel. Il&hellip;\n","protected":false},"author":2,"featured_media":273506,"comment_status":"","ping_status":"","sticky":false,"template":"","format":"standard","meta":{"footnotes":""},"categories":[9566],"tags":[1111,11,2430,9223,112,1777,674,1011,27,2731,2732,108,198,12,25,104],"class_list":{"0":"post-273505","1":"post","2":"type-post","3":"status-publish","4":"format-standard","5":"has-post-thumbnail","7":"category-grenoble","8":"tag-actu","9":"tag-actualites","10":"tag-auvergne-rhone-alpes","11":"tag-carnet-du-jour","12":"tag-edition-grenoble-agglomeration","13":"tag-eu","14":"tag-europe","15":"tag-fr","16":"tag-france","17":"tag-grenoble","18":"tag-grenoble-bassin","19":"tag-isere","20":"tag-naissance","21":"tag-news","22":"tag-republique-francaise","23":"tag-societe"},"share_on_mastodon":{"url":"https:\/\/pubeurope.com\/@fr\/114915539952964004","error":""},"_links":{"self":[{"href":"https:\/\/www.europesays.com\/fr\/wp-json\/wp\/v2\/posts\/273505","targetHints":{"allow":["GET"]}}],"collection":[{"href":"https:\/\/www.europesays.com\/fr\/wp-json\/wp\/v2\/posts"}],"about":[{"href":"https:\/\/www.europesays.com\/fr\/wp-json\/wp\/v2\/types\/post"}],"author":[{"embeddable":true,"href":"https:\/\/www.europesays.com\/fr\/wp-json\/wp\/v2\/users\/2"}],"replies":[{"embeddable":true,"href":"https:\/\/www.europesays.com\/fr\/wp-json\/wp\/v2\/comments?post=273505"}],"version-history":[{"count":0,"href":"https:\/\/www.europesays.com\/fr\/wp-json\/wp\/v2\/posts\/273505\/revisions"}],"wp:featuredmedia":[{"embeddable":true,"href":"https:\/\/www.europesays.com\/fr\/wp-json\/wp\/v2\/media\/273506"}],"wp:attachment":[{"href":"https:\/\/www.europesays.com\/fr\/wp-json\/wp\/v2\/media?parent=273505"}],"wp:term":[{"taxonomy":"category","embeddable":true,"href":"https:\/\/www.europesays.com\/fr\/wp-json\/wp\/v2\/categories?post=273505"},{"taxonomy":"post_tag","embeddable":true,"href":"https:\/\/www.europesays.com\/fr\/wp-json\/wp\/v2\/tags?post=273505"}],"curies":[{"name":"wp","href":"https:\/\/api.w.org\/{rel}","templated":true}]}}