{"id":273509,"date":"2025-07-25T19:33:19","date_gmt":"2025-07-25T19:33:19","guid":{"rendered":"https:\/\/www.europesays.com\/fr\/273509\/"},"modified":"2025-07-25T19:33:19","modified_gmt":"2025-07-25T19:33:19","slug":"ce-chat-est-reste-bloque-9-jours-entre-deux-rayons-dune-superette","status":"publish","type":"post","link":"https:\/\/www.europesays.com\/fr\/273509\/","title":{"rendered":"ce chat est rest\u00e9 bloqu\u00e9 9 jours entre deux rayons d&rsquo;une sup\u00e9rette"},"content":{"rendered":"<p>            Par<br \/>\n        <strong><br \/>\n            <a href=\"https:\/\/actu.fr\/auteur\/clemence-pays02-actu-fr\" title=\"Consulter tous les articles de Cl\u00e9mence Pays\" rel=\"nofollow noopener\" target=\"_blank\">Cl\u00e9mence Pays<\/a><br \/>\n        <\/strong><\/p>\n<p>        Publi\u00e9 le<\/p>\n<p>            25 juil. 2025 \u00e0 15h41        <\/p>\n<p>C\u2019est une <strong>belle frayeur<\/strong> qu\u2019a eue Maryam. Samedi 5\u00a0juillet 2025, cette Rennaise a entendu <a href=\"https:\/\/actu.fr\/bretagne\/rennes_35238\/tombee-du-3e-etage-d-un-immeuble-a-rennes-la-chatte-gojo-a-disparu-depuis-plusieurs-jours_62881802.html\" rel=\"nofollow noopener\" target=\"_blank\">sa chatte Gojo tomber de la fen\u00eatre de son appartement, situ\u00e9 au 3\u1d49\u00a0\u00e9tage<\/a> d\u2019un immeuble de Br\u00e9quigny, alors qu\u2019elle jouait.<\/p>\n<p class=\" wall-content\">Une chute qui a fait paniquer l\u2019animal, qui s\u2019est <strong>enfuie.<\/strong> Apr\u00e8s plusieurs jours de recherches, sa propri\u00e9taire l\u2019a finalement <strong>retrouv\u00e9e,<\/strong> dans un lieu plut\u00f4t inattendu.<\/p>\n<p>Retrouv\u00e9e gr\u00e2ce \u00e0 un papillon de nuit<\/p>\n<p class=\" wall-content\">Lundi 14\u00a0juillet, quelqu\u2019un sonne \u00e0 la porte de Maryam. \u00ab\u2009C\u2019\u00e9taient des personnes de Carrefour, qui m\u2019ont dit <strong>\u2018on croit que votre chat est dans le magasin\u2019<\/strong>\u00bb, raconte la Rennaise.<\/p>\n<p class=\" wall-content\">Ni une, ni deux, direction la sup\u00e9rette du quartier pour en avoir le c\u0153ur net. \u00ab\u2009Un employ\u00e9 de Carrefour nous a dit qu\u2019il chassait des gu\u00eapes qui entraient dans le magasin. Et <strong>un papillon de nuit est entr\u00e9<\/strong> et s\u2019est gliss\u00e9 sous une \u00e9tag\u00e8re.\u2009\u00bb<\/p>\n<p class=\" wall-content\">Le salari\u00e9 s\u2019est donc baiss\u00e9 pour retrouver l\u2019insecte. \u00ab\u2009Il m\u2019a dit, <strong>\u2018j\u2019ai vu deux yeux verts et une queue\u2019<\/strong>\u00bb, se souvient Maryam.<\/p>\n<p>Coinc\u00e9e entre deux rayons<\/p>\n<p class=\" wall-content\">Malheureusement, Gojo se trouvait <strong>sous une \u00e9tag\u00e8re<\/strong> qui ne pouvait pas \u00eatre d\u00e9plac\u00e9e et l\u2019espace entre celle-ci et le sol \u00e9tait insuffisant pour permettre de r\u00e9cup\u00e9rer la chatte de 2\u00a0ans.<\/p>\n<p class=\" wall-content\">La solution a donc \u00e9t\u00e9 de la r\u00e9cup\u00e9rer par le haut. \u00ab\u2009Ma s\u0153ur a <strong>attach\u00e9 son pull \u00e0 un petit chariot<\/strong> roulant pour le descendre entre les \u00e9tag\u00e8res qui \u00e9taient dos \u00e0 dos\u2009\u00bb, explique Maryam.<\/p>\n<blockquote class=\"ac-article-quote wall-content\">\n<p>Gojo a saut\u00e9 dans le chariot.<\/p>\n<p>    <strong>Maryam<\/strong><br \/>\n        Propri\u00e9taire de Gojo    <\/p><\/blockquote>\n<p>De nombreux jours sans boire en pleine canicule<\/p>\n<p class=\" wall-content\">Soulag\u00e9e d\u2019avoir retrouv\u00e9 Gojo, Maryam constate tout de m\u00eame qu\u2019<strong>\u00ab\u2009elle a perdu beaucoup de poids\u2009\u00bb.<\/strong><\/p>\n<blockquote class=\"ac-article-quote wall-content\">\n<p>Elle est rest\u00e9e neuf jours sans manger et boire, en pleine canicule. Mais elle va bien.<\/p>\n<p>    <strong>Maryam<\/strong><br \/>\n        Propri\u00e9taire de Gojo    <\/p><\/blockquote>\n<p class=\" wall-content\">\u00ab\u2009On se dit que pendant tout ce temps, elle \u00e9tait<strong> juste en bas de chez nous<\/strong>\u2026\u2009\u00bb, n\u2019en revient pas la Rennaise, heureuse de voir que sa chatte \u00ab\u2009recommence \u00e0 jouer, sans s\u2019approcher trop pr\u00e8s de la fen\u00eatre\u2009\u00bb d\u00e9sormais\u2009!<\/p>\n<p class=\" wall-content\">Suivez toute l\u2019actualit\u00e9 de vos villes et m\u00e9dias favoris en vous inscrivant \u00e0 <a href=\"https:\/\/moncompte.actu.fr\" title=\"D\u00e9couvez Mon Actu\" rel=\"nofollow noopener\" data-trk=\"{&quot;cta&quot;:{&quot;action&quot;:&quot;https:\\\/\\\/moncompte.actu.fr&quot;,&quot;category&quot;:&quot;mon compte&quot;,&quot;from&quot;:&quot;article footer&quot;,&quot;name&quot;:&quot;Mon actu&quot;,&quot;type&quot;:&quot;cta&quot;}}\" target=\"_blank\">Mon Actu<\/a>.<\/p>\n","protected":false},"excerpt":{"rendered":"Par Cl\u00e9mence Pays Publi\u00e9 le 25 juil. 2025 \u00e0 15h41 C\u2019est une belle frayeur qu\u2019a eue Maryam. Samedi&hellip;\n","protected":false},"author":2,"featured_media":273510,"comment_status":"","ping_status":"","sticky":false,"template":"","format":"standard","meta":{"footnotes":""},"categories":[2821],"tags":[1111,11,829,7654,1777,674,1011,27,12,584,25,104],"class_list":{"0":"post-273509","1":"post","2":"type-post","3":"status-publish","4":"format-standard","5":"has-post-thumbnail","7":"category-rennes","8":"tag-actu","9":"tag-actualites","10":"tag-bretagne","11":"tag-chat","12":"tag-eu","13":"tag-europe","14":"tag-fr","15":"tag-france","16":"tag-news","17":"tag-rennes","18":"tag-republique-francaise","19":"tag-societe"},"share_on_mastodon":{"url":"https:\/\/pubeurope.com\/@fr\/114915547875204124","error":""},"_links":{"self":[{"href":"https:\/\/www.europesays.com\/fr\/wp-json\/wp\/v2\/posts\/273509","targetHints":{"allow":["GET"]}}],"collection":[{"href":"https:\/\/www.europesays.com\/fr\/wp-json\/wp\/v2\/posts"}],"about":[{"href":"https:\/\/www.europesays.com\/fr\/wp-json\/wp\/v2\/types\/post"}],"author":[{"embeddable":true,"href":"https:\/\/www.europesays.com\/fr\/wp-json\/wp\/v2\/users\/2"}],"replies":[{"embeddable":true,"href":"https:\/\/www.europesays.com\/fr\/wp-json\/wp\/v2\/comments?post=273509"}],"version-history":[{"count":0,"href":"https:\/\/www.europesays.com\/fr\/wp-json\/wp\/v2\/posts\/273509\/revisions"}],"wp:featuredmedia":[{"embeddable":true,"href":"https:\/\/www.europesays.com\/fr\/wp-json\/wp\/v2\/media\/273510"}],"wp:attachment":[{"href":"https:\/\/www.europesays.com\/fr\/wp-json\/wp\/v2\/media?parent=273509"}],"wp:term":[{"taxonomy":"category","embeddable":true,"href":"https:\/\/www.europesays.com\/fr\/wp-json\/wp\/v2\/categories?post=273509"},{"taxonomy":"post_tag","embeddable":true,"href":"https:\/\/www.europesays.com\/fr\/wp-json\/wp\/v2\/tags?post=273509"}],"curies":[{"name":"wp","href":"https:\/\/api.w.org\/{rel}","templated":true}]}}