{"id":27351,"date":"2025-04-15T19:30:19","date_gmt":"2025-04-15T19:30:19","guid":{"rendered":"https:\/\/www.europesays.com\/fr\/27351\/"},"modified":"2025-04-15T19:30:19","modified_gmt":"2025-04-15T19:30:19","slug":"des-poussieres-de-silice-detectees-ces-lyceens-evacues-et-reloges-en-urgence","status":"publish","type":"post","link":"https:\/\/www.europesays.com\/fr\/27351\/","title":{"rendered":"des poussi\u00e8res de silice d\u00e9tect\u00e9es, ces lyc\u00e9ens \u00e9vacu\u00e9s et relog\u00e9s en urgence"},"content":{"rendered":"<p>\t\t\t\t\t\t\t\t\t\t\t<img loading=\"lazy\" decoding=\"async\" width=\"1110\" title=\"Pr\u00e8s de Grenoble : des poussi\u00e8res de silice d\u00e9tect\u00e9es, ces lyc\u00e9ens \u00e9vacu\u00e9s et relog\u00e9s en urgence\" class=\"img-fluid not_lzld mb-3\" src=\"https:\/\/www.europesays.com\/fr\/wp-content\/uploads\/2025\/04\/1110x624_pres-de-grenoble-des-poussieres-de-silice-detectees-ces-lyceens-evacues-et-reloges-en-urgen\" alt=\"Pr\u00e8s de Grenoble : des poussi\u00e8res de silice d\u00e9tect\u00e9es, ces lyc\u00e9ens \u00e9vacu\u00e9s et relog\u00e9s en urgence\" itemprop=\"image\" height=\"624\"\/>\t\t\t\t\t\t\t\t\t\t\t\t<\/p>\n<p>Pr\u00e8s de Grenoble : des poussi\u00e8res de silice d\u00e9tect\u00e9es, ces lyc\u00e9ens \u00e9vacu\u00e9s et relog\u00e9s en urgence &#8211; DR<\/p>\n<p itemprop=\"description\"><strong>L&rsquo;information a \u00e9t\u00e9 r\u00e9v\u00e9l\u00e9e par la R\u00e9gion Auvergne-Rh\u00f4ne-Alpes et le rectorat de Grenoble.<\/strong><\/p>\n<p>Ce lundi, 82 lyc\u00e9ens de l&rsquo;internat du lyc\u00e9e Roger-Deschaux de Sassenage ont \u00e9t\u00e9 \u00e9vacu\u00e9s et relog\u00e9s en urgence dans d&rsquo;autres \u00e9tablissements de l&rsquo;agglom\u00e9ration grenobloise.<\/p>\n<p>La cause ? La d\u00e9couverte d&rsquo;\u00e9missions de poussi\u00e8res de silice \u00e0 cause du chantier de restructuration de l&rsquo;\u00e9tablissement. L&rsquo;exposition prolong\u00e9e et r\u00e9p\u00e9t\u00e9e \u00e0 la silice peut entra\u00eener une irritation oculaire ou des voies respiratoires. Dans certains cas de complication, la personne peut contracter une fibrose pulmonaire irr\u00e9versible.<\/p>\n<p>Ces poussi\u00e8res r\u00e9sulteraient des \u00ab\u00a0op\u00e9rations de sciage sur la fa\u00e7ade ouest de l\u2019internat\u00a0\u00bb selon la R\u00e9gion et le rectorat.<\/p>\n<p>Les travaux ont \u00e9t\u00e9 stopp\u00e9s mais les dirigeants ne veulent prendre aucun risque.<\/p>\n<p>\u00ab\u00a0D\u00e8s la communication des analyses op\u00e9r\u00e9es, la priorit\u00e9 a \u00e9t\u00e9 donn\u00e9e \u00e0 l\u2019information et \u00e0 la protection des personnels et des familles\u00a0\u00bb, pr\u00e9cisent-ils dans un communiqu\u00e9 commun.<\/p>\n<p>A noter qu&rsquo;outre les 82 lyc\u00e9ens, cinq familles de personnels log\u00e9es dans un b\u00e2timent voisin ont \u00e9galement \u00e9t\u00e9 h\u00e9berg\u00e9es \u00e0 l&rsquo;ext\u00e9rieur de l&rsquo;\u00e9tablissement de Sassenage.<\/p>\n<p>Il est aussi pr\u00e9vu un suivi m\u00e9dical individualis\u00e9 pour chaque interne et agent.<\/p>\n","protected":false},"excerpt":{"rendered":"Pr\u00e8s de Grenoble : des poussi\u00e8res de silice d\u00e9tect\u00e9es, ces lyc\u00e9ens \u00e9vacu\u00e9s et relog\u00e9s en urgence &#8211; DR&hellip;\n","protected":false},"author":2,"featured_media":27352,"comment_status":"","ping_status":"","sticky":false,"template":"","format":"standard","meta":{"footnotes":""},"categories":[9566],"tags":[1111,11,7733,8279,2430,7736,650,7734,2889,2263,1777,674,1011,27,2731,8280,6417,1114,108,4662,12,3725,1825,25,7737],"class_list":{"0":"post-27351","1":"post","2":"type-post","3":"status-publish","4":"format-standard","5":"has-post-thumbnail","7":"category-grenoble","8":"tag-actu","9":"tag-actualites","10":"tag-alpes","11":"tag-alpes1","12":"tag-auvergne-rhone-alpes","13":"tag-cds","14":"tag-cinema","15":"tag-ecoute","16":"tag-emission","17":"tag-equipe","18":"tag-eu","19":"tag-europe","20":"tag-fr","21":"tag-france","22":"tag-grenoble","23":"tag-haute","24":"tag-information","25":"tag-infos","26":"tag-isere","27":"tag-journal","28":"tag-news","29":"tag-podcast","30":"tag-radio","31":"tag-republique-francaise","32":"tag-winamp"},"share_on_mastodon":{"url":"https:\/\/pubeurope.com\/@fr\/114343642684459956","error":""},"_links":{"self":[{"href":"https:\/\/www.europesays.com\/fr\/wp-json\/wp\/v2\/posts\/27351","targetHints":{"allow":["GET"]}}],"collection":[{"href":"https:\/\/www.europesays.com\/fr\/wp-json\/wp\/v2\/posts"}],"about":[{"href":"https:\/\/www.europesays.com\/fr\/wp-json\/wp\/v2\/types\/post"}],"author":[{"embeddable":true,"href":"https:\/\/www.europesays.com\/fr\/wp-json\/wp\/v2\/users\/2"}],"replies":[{"embeddable":true,"href":"https:\/\/www.europesays.com\/fr\/wp-json\/wp\/v2\/comments?post=27351"}],"version-history":[{"count":0,"href":"https:\/\/www.europesays.com\/fr\/wp-json\/wp\/v2\/posts\/27351\/revisions"}],"wp:featuredmedia":[{"embeddable":true,"href":"https:\/\/www.europesays.com\/fr\/wp-json\/wp\/v2\/media\/27352"}],"wp:attachment":[{"href":"https:\/\/www.europesays.com\/fr\/wp-json\/wp\/v2\/media?parent=27351"}],"wp:term":[{"taxonomy":"category","embeddable":true,"href":"https:\/\/www.europesays.com\/fr\/wp-json\/wp\/v2\/categories?post=27351"},{"taxonomy":"post_tag","embeddable":true,"href":"https:\/\/www.europesays.com\/fr\/wp-json\/wp\/v2\/tags?post=27351"}],"curies":[{"name":"wp","href":"https:\/\/api.w.org\/{rel}","templated":true}]}}