{"id":273513,"date":"2025-07-25T19:35:12","date_gmt":"2025-07-25T19:35:12","guid":{"rendered":"https:\/\/www.europesays.com\/fr\/273513\/"},"modified":"2025-07-25T19:35:12","modified_gmt":"2025-07-25T19:35:12","slug":"un-ex-agent-de-la-dgse-soupconne-davoir-commandite-des-viols-denfants-en-afrique","status":"publish","type":"post","link":"https:\/\/www.europesays.com\/fr\/273513\/","title":{"rendered":"un ex-agent de la DGSE soup\u00e7onn\u00e9 d&rsquo;avoir commandit\u00e9 des viols d&rsquo;enfants en Afrique"},"content":{"rendered":"<p>Un ancien agent de la Direction g\u00e9n\u00e9rale de la s\u00e9curit\u00e9 ext\u00e9rieure (DGSE) est soup\u00e7onn\u00e9 d&rsquo;avoir commandit\u00e9 des violences sexuelles \u00e0 l&rsquo;\u00e9gard d&rsquo;enfants en Afrique, r\u00e9v\u00e8le<a href=\"https:\/\/www.leparisien.fr\/faits-divers\/un-ancien-agent-de-la-dgse-soupconne-de-commanditer-des-viols-denfants-en-afrique-25-07-2025-V6H3EJXFUNF5DCSURBOP7LNMB4.php\" target=\"_blank\" rel=\"nofollow noopener\"> Le Parisien<\/a>, une information confirm\u00e9e par <a href=\"https:\/\/www.liberation.fr\/societe\/police-justice\/pedocriminalite-un-ancien-agent-de-la-dgse-soupconne-davoir-commandite-des-viols-de-mineurs-a-letranger-20250725_B6X3P24TFNEF3FLOYDU5KJP5JA\/?redirected=1&amp;redirected=1\" target=\"_blank\" rel=\"nofollow noopener\">Lib\u00e9ration<\/a>.<\/p>\n<p>L&rsquo;homme, \u00e2g\u00e9 d&rsquo;une cinquantaine d&rsquo;ann\u00e9es et qui vivait \u00e0 Strasbourg, a \u00e9t\u00e9 pr\u00e9sent\u00e9 ce vendredi \u00e0 un juge d&rsquo;instruction en vue d&rsquo;une mise en examen pour \u00ab traite des \u00eatres humains aggrav\u00e9e\u00a0\u00bb, \u00ab viols et agressions sexuelles sur mineurs\u00a0\u00bb, \u00ab captation importation et diffusion de l&rsquo;image d&rsquo;un mineur pr\u00e9sentant un caract\u00e8re pornographique et utilisant un r\u00e9seau de communications \u00e9lectroniques\u00a0\u00bb, a indiqu\u00e9 le parquet de Strasbourg aux deux m\u00e9dias. Son placement en d\u00e9tention provisoire a \u00e9t\u00e9 requis.<\/p>\n<p>Il est soup\u00e7onn\u00e9 d&rsquo;avoir \u00e9t\u00e9 le commanditaire de plusieurs viols perp\u00e9tr\u00e9s sur de jeunes enfants au Kenya. Il aurait pay\u00e9 et orchestr\u00e9 \u00e0 distance des abus sexuels et les sc\u00e8nes auraient \u00e9t\u00e9 film\u00e9es, notamment pour sa consommation personnelle.<\/p>\n<p>Plusieurs d\u00e9placements en Afrique<\/p>\n<p>Selon Le Parisien, l&rsquo;homme a \u00e9t\u00e9 interpell\u00e9 lundi \u00e0 Strasbourg par des policiers de l&rsquo;Office mineur (Ofmin), charg\u00e9 de la lutte contre la p\u00e9docriminalit\u00e9. La police fran\u00e7aise aurait \u00e9t\u00e9 alert\u00e9e sur ses activit\u00e9s par le Centre am\u00e9ricain pour les enfants disparus et exploit\u00e9s, une organisation non lucrative, indique Lib\u00e9ration.<\/p>\n<p>Le quinquag\u00e9naire, reconverti dans le conseil en s\u00e9curit\u00e9 priv\u00e9, aurait servi plusieurs ann\u00e9es dans l&rsquo;arm\u00e9e de terre puis \u00e0 la DGSE. Les faits qui lui sont reproch\u00e9s auraient d\u00e9but\u00e9 des ann\u00e9es apr\u00e8s son passage \u00e0 la DGSE, un pass\u00e9 que n&rsquo;a pas confirm\u00e9 le parquet de Strasbourg. Aupr\u00e8s du Parisien, il est d\u00e9crit comme une \u00ab pointure\u00a0\u00bb dans le milieu de la s\u00e9curit\u00e9 priv\u00e9e\u00a0\u00bb, mais aussi comme particuli\u00e8rement exp\u00e9riment\u00e9 au sein de la DGSE.<\/p>\n<p>L&rsquo;homme s&rsquo;\u00e9tait rendu \u00e0 de nombreuses reprises dans des pays africains ces derni\u00e8res ann\u00e9es dans le cadre de ses missions professionnelles.<\/p>\n<p class=\"note\">\u00a0&gt;&gt; Lire l&rsquo;article complet sur les sites du <a href=\"https:\/\/www.leparisien.fr\/faits-divers\/un-ancien-agent-de-la-dgse-soupconne-de-commanditer-des-viols-denfants-en-afrique-25-07-2025-V6H3EJXFUNF5DCSURBOP7LNMB4.php\" target=\"_blank\" rel=\"nofollow noopener\">Parisien<\/a> et de <a href=\"https:\/\/www.liberation.fr\/societe\/police-justice\/pedocriminalite-un-ancien-agent-de-la-dgse-soupconne-davoir-commandite-des-viols-de-mineurs-a-letranger-20250725_B6X3P24TFNEF3FLOYDU5KJP5JA\/?redirected=1&amp;redirected=1\" target=\"_blank\" rel=\"nofollow noopener\">Lib\u00e9ration<\/a>.<\/p>\n","protected":false},"excerpt":{"rendered":"Un ancien agent de la Direction g\u00e9n\u00e9rale de la s\u00e9curit\u00e9 ext\u00e9rieure (DGSE) est soup\u00e7onn\u00e9 d&rsquo;avoir commandit\u00e9 des violences&hellip;\n","protected":false},"author":2,"featured_media":273514,"comment_status":"","ping_status":"","sticky":false,"template":"","format":"standard","meta":{"footnotes":""},"categories":[2820],"tags":[1111,11,1777,674,274,107,1011,27,329,775,12,25,640],"class_list":{"0":"post-273513","1":"post","2":"type-post","3":"status-publish","4":"format-standard","5":"has-post-thumbnail","7":"category-strasbourg","8":"tag-actu","9":"tag-actualites","10":"tag-eu","11":"tag-europe","12":"tag-faits-divers-justice","13":"tag-fil-info","14":"tag-fr","15":"tag-france","16":"tag-france-monde","17":"tag-grand-est","18":"tag-news","19":"tag-republique-francaise","20":"tag-strasbourg"},"share_on_mastodon":{"url":"https:\/\/pubeurope.com\/@fr\/114915555740242650","error":""},"_links":{"self":[{"href":"https:\/\/www.europesays.com\/fr\/wp-json\/wp\/v2\/posts\/273513","targetHints":{"allow":["GET"]}}],"collection":[{"href":"https:\/\/www.europesays.com\/fr\/wp-json\/wp\/v2\/posts"}],"about":[{"href":"https:\/\/www.europesays.com\/fr\/wp-json\/wp\/v2\/types\/post"}],"author":[{"embeddable":true,"href":"https:\/\/www.europesays.com\/fr\/wp-json\/wp\/v2\/users\/2"}],"replies":[{"embeddable":true,"href":"https:\/\/www.europesays.com\/fr\/wp-json\/wp\/v2\/comments?post=273513"}],"version-history":[{"count":0,"href":"https:\/\/www.europesays.com\/fr\/wp-json\/wp\/v2\/posts\/273513\/revisions"}],"wp:featuredmedia":[{"embeddable":true,"href":"https:\/\/www.europesays.com\/fr\/wp-json\/wp\/v2\/media\/273514"}],"wp:attachment":[{"href":"https:\/\/www.europesays.com\/fr\/wp-json\/wp\/v2\/media?parent=273513"}],"wp:term":[{"taxonomy":"category","embeddable":true,"href":"https:\/\/www.europesays.com\/fr\/wp-json\/wp\/v2\/categories?post=273513"},{"taxonomy":"post_tag","embeddable":true,"href":"https:\/\/www.europesays.com\/fr\/wp-json\/wp\/v2\/tags?post=273513"}],"curies":[{"name":"wp","href":"https:\/\/api.w.org\/{rel}","templated":true}]}}