{"id":273515,"date":"2025-07-25T19:36:13","date_gmt":"2025-07-25T19:36:13","guid":{"rendered":"https:\/\/www.europesays.com\/fr\/273515\/"},"modified":"2025-07-25T19:36:13","modified_gmt":"2025-07-25T19:36:13","slug":"tentative-devasion-dejouee-a-strasbourg-ce-que-lon-sait","status":"publish","type":"post","link":"https:\/\/www.europesays.com\/fr\/273515\/","title":{"rendered":"Tentative d&rsquo;\u00e9vasion d\u00e9jou\u00e9e \u00e0 Strasbourg : ce que l&rsquo;on sait"},"content":{"rendered":"<ul class=\"jsx-862013697 ArticleChapo__List\">\n<li class=\"jsx-862013697 ArticleChapo__List_Item flex\">\u00c0 Strasbourg (Bas-Rhin), trois d\u00e9tenus qui \u00e9taient pourtant plac\u00e9s \u00e0 l&rsquo;isolement ont \u00e9t\u00e9 mis en garde \u00e0 vue pour un projet d&rsquo;\u00e9vasion survenu mardi.<\/li>\n<li class=\"jsx-862013697 ArticleChapo__List_Item flex\">L&rsquo;un d&rsquo;eux n&rsquo;est autre que l&rsquo;assassin pr\u00e9sum\u00e9 du professeur Dominique Bernard, tu\u00e9 en octobre 2023.<\/li>\n<li class=\"jsx-862013697 ArticleChapo__List_Item flex\">Les faits sont \u00e0 ce stade encore assez flou.<\/li>\n<\/ul>\n<p><a href=\"https:\/\/www.tf1info.fr\/actualite\/attaque-au-couteau-a-arras-un-enseignant-tue-deux-blesses-graves-13452\/\" rel=\"noopener\" class=\"jsx-484472199 Link jsx-1428418400 jsx-609604686\" target=\"_blank\"><\/p>\n<p style=\"font-weight:400\" class=\"jsx-1837267516\">Suivez la couverture compl\u00e8te<\/p>\n<p style=\"font-weight:800\" class=\"jsx-1837267516\">Attaque au couteau \u00e0 Arras : un enseignant tu\u00e9<\/p>\n<p><\/a><\/p>\n<p data-module=\"article-paragraph\" class=\"jsx-3046738180 Paragraph\">Trois d\u00e9tenus de la maison d&rsquo;arr\u00eat de Strasbourg-Elsau (Bas-Rhin) dont Mohammed M., qui a revendiqu\u00e9 l&rsquo;assassinat du professeur Dominique Bernard \u00e0 Arras en 2023, <a href=\"https:\/\/www.tf1info.fr\/justice-faits-divers\/video-fin-de-cavale-que-risquent-le-fugitif-et-son-complice-2383020.html\" target=\"_blank\" rel=\"noopener\">sont soup\u00e7onn\u00e9s d&rsquo;avoir pr\u00e9par\u00e9 un projet d&rsquo;\u00e9vasion<\/a>, a indiqu\u00e9 jeudi 24 juillet le parquet.<\/p>\n<p data-module=\"article-paragraph\" class=\"jsx-3046738180 Paragraph Paragraph__End\">Tout a commenc\u00e9 mardi, dans un quartier d&rsquo;isolement o\u00f9 sont d\u00e9tenus trois individus particuli\u00e8rement dangereux. Une entreprise effectuait des travaux sur une trappe de menottage lorsque soudainement, un morceau de la porte s&rsquo;est d\u00e9coll\u00e9. L&rsquo;alerte g\u00e9n\u00e9rale a \u00e9t\u00e9 donn\u00e9e et l&rsquo;\u00e9tablissement vid\u00e9 de ses prisonniers, lesquels ont \u00e9t\u00e9 fouill\u00e9s. Deux autres entr\u00e9es de cellules d\u00e9grad\u00e9es sont d\u00e9couvertes par la suite. Les agents p\u00e9nitentiaires comprennent que trois d\u00e9tenus ont sci\u00e9 leurs portes, \u00e0 l&rsquo;aide d&rsquo;une lame retrouv\u00e9e dans leurs affaires. \u00ab\u00a0La partie inf\u00e9rieure des b\u00e2tons \u00e9tait en effet sci\u00e9e, puis colmat\u00e9e avec une p\u00e2te blanche\u00a0\u00bb, pr\u00e9cise Clarisse Taron, procureure de la R\u00e9publique de Strasbourg.<\/p>\n<p><a href=\"https:\/\/www.tf1info.fr\/justice-faits-divers\/video-narcotrafiquants-sous-haute-surveillance-les-coulisses-du-1-transfert-de-detenus-a-la-prison-de-vendin-le-vieil-2384640.html\" rel=\"noopener\" class=\"jsx-3308031228 Link flex\" target=\"_blank\"><img decoding=\"async\" src=\"https:\/\/www.europesays.com\/fr\/wp-content\/uploads\/2025\/07\/vendin-le-vieil-les-coulisses-des-transferts-de-17-detenus-narcotrafiquants-6a6007-0@1x.jpeg\" alt=\"Capture vid\u00e9o LCI\" loading=\"lazy\" importance=\"low\" fetchpriority=\"low\" class=\"\" aria-hidden=\"true\"\/><\/p>\n<p class=\"jsx-3657663356 ReadMoreArticle__Title\">Lire aussi<\/p>\n<p class=\"jsx-3657663356\">Narcotrafiquants sous haute surveillance : les coulisses du 1\u1d49\u02b3 transfert de d\u00e9tenus \u00e0 la prison de Vendin-le-Vieil<\/p>\n<p><\/a><\/p>\n<p data-module=\"article-paragraph\" class=\"jsx-3046738180 Paragraph Paragraph__End\">Trois d\u00e9tenus ont aussit\u00f4t \u00e9t\u00e9 plac\u00e9s en garde \u00e0 vue : Mohammed M., qui a revendiqu\u00e9 l&rsquo;assassinat du professeur Dominique Bernard \u00e0 Arras en 2023, Bilal A., connu pour trafic de stup\u00e9fiants et r\u00e8glement de comptes, et Valentin L., un n\u00e9onazi alsacien, ancien responsable d&rsquo;un groupe d&rsquo;ultra-droite.\u00a0<\/p>\n<blockquote class=\"jsx-2786790838 Quote__Text\"><p>Ils ne se rencontrent jamais<\/p><\/blockquote>\n<p>David Th\u00e9venin, responsable r\u00e9gional du syndicat national FO Justice Alsace<\/p>\n<p data-module=\"article-paragraph\" class=\"jsx-3046738180 Paragraph\">Ce dernier devait \u00eatre lib\u00e9r\u00e9 mi-ao\u00fbt, son avocat \u00e9voque un malentendu. \u00ab\u00a0La premi\u00e8re chose qu&rsquo;il a expliqu\u00e9e quand il a \u00e9t\u00e9 entendu, c&rsquo;est que ces marques de scie \u00e9taient tr\u00e8s ant\u00e9rieures \u00e0 son arriv\u00e9e en d\u00e9tention, et plus particuli\u00e8rement dans cette cellule\u00a0\u00bb, explique Me Thibaut Mathias dans le reportage du 20H de TF1 visible en t\u00eate de cet article.<\/p>\n<p data-module=\"article-paragraph\" class=\"jsx-3046738180 Paragraph Paragraph__End\">Dans leurs affaires sont aussi retrouv\u00e9s t\u00e9l\u00e9phones et cannabis. Comment ont-ils pu se les procurer, alors m\u00eame qu&rsquo;ils \u00e9taient \u00e0 l&rsquo;isolement ? \u00ab\u00a0Ils sont seuls en cellule, seuls en promenade, seuls au parloir avec leur famille, ils sont isol\u00e9s\u00a0\u00bb, explique David Th\u00e9venin, responsable r\u00e9gional du syndicat national FO Justice Alsace, pr\u00e9cisant que \u00ab\u00a0le soir, ils peuvent parler entre eux \u00e0 travers les portes, \u00e0 travers les fen\u00eatres, mais ils ne se rencontrent jamais\u00a0\u00bb.<\/p>\n<p data-module=\"article-paragraph\" class=\"jsx-3046738180 Paragraph Paragraph__End\">Ils n&rsquo;ont pas non plus acc\u00e8s aux mat\u00e9riels utilis\u00e9s lors des ateliers organis\u00e9s dans la prison. Alors ont-ils corrompu des agents p\u00e9nitentiaires ou b\u00e9n\u00e9fici\u00e9 d&rsquo;aide ext\u00e9rieure, par exemple par drone ? Lors de leur garde \u00e0 vue, les trois d\u00e9tenus ont contest\u00e9 toute tentative d&rsquo;\u00e9vasion.<\/p>\n<p>La r\u00e9daction de TF1info Reportage TF1 &#8211; Lise CLOIX, Rapha\u00ebl MAILLOCHON et Guillaume CHIEZE<\/p>\n","protected":false},"excerpt":{"rendered":"\u00c0 Strasbourg (Bas-Rhin), trois d\u00e9tenus qui \u00e9taient pourtant plac\u00e9s \u00e0 l&rsquo;isolement ont \u00e9t\u00e9 mis en garde \u00e0 vue&hellip;\n","protected":false},"author":2,"featured_media":273516,"comment_status":"","ping_status":"","sticky":false,"template":"","format":"standard","meta":{"footnotes":""},"categories":[2820],"tags":[1111,11,1921,41298,2951,2950,1777,674,1011,27,775,1922,2954,2952,41297,12,25,640,133,2953,2949],"class_list":{"0":"post-273515","1":"post","2":"type-post","3":"status-publish","4":"format-standard","5":"has-post-thumbnail","7":"category-strasbourg","8":"tag-actu","9":"tag-actualites","10":"tag-article-video","11":"tag-attaque-au-couteau-a-arras-un-enseignant-tue","12":"tag-criminalite","13":"tag-delinquance","14":"tag-eu","15":"tag-europe","16":"tag-fr","17":"tag-france","18":"tag-grand-est","19":"tag-info","20":"tag-justice-et-faits-divers","21":"tag-le-20h","22":"tag-mohamed-merah","23":"tag-news","24":"tag-republique-francaise","25":"tag-strasbourg","26":"tag-video","27":"tag-video-police","28":"tag-violences"},"share_on_mastodon":{"url":"https:\/\/pubeurope.com\/@fr\/114915559574912842","error":""},"_links":{"self":[{"href":"https:\/\/www.europesays.com\/fr\/wp-json\/wp\/v2\/posts\/273515","targetHints":{"allow":["GET"]}}],"collection":[{"href":"https:\/\/www.europesays.com\/fr\/wp-json\/wp\/v2\/posts"}],"about":[{"href":"https:\/\/www.europesays.com\/fr\/wp-json\/wp\/v2\/types\/post"}],"author":[{"embeddable":true,"href":"https:\/\/www.europesays.com\/fr\/wp-json\/wp\/v2\/users\/2"}],"replies":[{"embeddable":true,"href":"https:\/\/www.europesays.com\/fr\/wp-json\/wp\/v2\/comments?post=273515"}],"version-history":[{"count":0,"href":"https:\/\/www.europesays.com\/fr\/wp-json\/wp\/v2\/posts\/273515\/revisions"}],"wp:featuredmedia":[{"embeddable":true,"href":"https:\/\/www.europesays.com\/fr\/wp-json\/wp\/v2\/media\/273516"}],"wp:attachment":[{"href":"https:\/\/www.europesays.com\/fr\/wp-json\/wp\/v2\/media?parent=273515"}],"wp:term":[{"taxonomy":"category","embeddable":true,"href":"https:\/\/www.europesays.com\/fr\/wp-json\/wp\/v2\/categories?post=273515"},{"taxonomy":"post_tag","embeddable":true,"href":"https:\/\/www.europesays.com\/fr\/wp-json\/wp\/v2\/tags?post=273515"}],"curies":[{"name":"wp","href":"https:\/\/api.w.org\/{rel}","templated":true}]}}