{"id":273521,"date":"2025-07-25T19:39:17","date_gmt":"2025-07-25T19:39:17","guid":{"rendered":"https:\/\/www.europesays.com\/fr\/273521\/"},"modified":"2025-07-25T19:39:17","modified_gmt":"2025-07-25T19:39:17","slug":"il-est-possible-de-recuperer-son-courrier-ou-son-colis-dans-ce-restaurant","status":"publish","type":"post","link":"https:\/\/www.europesays.com\/fr\/273521\/","title":{"rendered":"il est possible de r\u00e9cup\u00e9rer son courrier ou son colis dans ce restaurant"},"content":{"rendered":"<p>            Par<br \/>\n        <strong><br \/>\n            <a href=\"https:\/\/actu.fr\/auteur\/laure-gentil\" title=\"Consulter tous les articles de Laure Gentil\" rel=\"nofollow noopener\" target=\"_blank\">Laure Gentil<\/a><br \/>\n        <\/strong><\/p>\n<p>        Publi\u00e9 le<\/p>\n<p>            25 juil. 2025 \u00e0 15h41        <\/p>\n<p>\u00c0 partir du 28\u00a0juillet 2025, le <strong>restaurant Le Petit Rungis<\/strong> \u00ab\u2009proposera une nouvelle offre de proximit\u00e9 en partenariat avec La Poste\u2009\u00bb.<\/p>\n<p class=\" wall-content\">Ce partenariat vise \u00e0 offrir aux clients des<strong> services similaires \u00e0 ceux de La Poste<\/strong>, cinq jours sur sept.<\/p>\n<p>Timbres, lettres et colis<\/p>\n<p class=\" wall-content\">Les clients pourront donc acc\u00e9der <strong>\u00ab\u2009aux services essentiels\u2009\u00bb<\/strong> de la Poste\u2009:<\/p>\n<ul class=\" wall-content\">\n<li>vente de timbres et affranchissement\u2009;<\/li>\n<li>d\u00e9p\u00f4t de courriers et colis\u2009;<\/li>\n<li>retrait de courriers et colis\u2009;<\/li>\n<li>vente d\u2019enveloppes et d\u2019emballage \u00ab\u2009Pr\u00eat-\u00e0-Envoyer\u2009\u00bb.<\/li>\n<\/ul>\n<p class=\" wall-content\">Attention toutefois, la remise des courriers et colis ne sera assur\u00e9e qu\u2019<strong>\u00e0 partir de septembre<\/strong> \u00ab\u2009apr\u00e8s quelques travaux d\u2019am\u00e9nagements\u2009\u00bb. Jusqu\u2019\u00e0 septembre, \u00ab\u2009les instances courrier et colis seront \u00e0 retirer au bureau de poste de Nantes Beaulieu\u2009\u00bb, indique le communiqu\u00e9 de La Poste.<\/p>\n<p>La Poste Relais Le Petit Rungis \u2013 57 boulevard Roch, Nantes. Ouvert du lundi au vendredi de 6\u2009h\u200930 \u00e0 19\u2009h\u200930.<\/p>\n<p class=\" wall-content\">Suivez toute l\u2019actualit\u00e9 de vos villes et m\u00e9dias favoris en vous inscrivant \u00e0 <a href=\"https:\/\/moncompte.actu.fr\" title=\"D\u00e9couvez Mon Actu\" rel=\"nofollow noopener\" data-trk=\"{&quot;cta&quot;:{&quot;action&quot;:&quot;https:\\\/\\\/moncompte.actu.fr&quot;,&quot;category&quot;:&quot;mon compte&quot;,&quot;from&quot;:&quot;article footer&quot;,&quot;name&quot;:&quot;Mon actu&quot;,&quot;type&quot;:&quot;cta&quot;}}\" target=\"_blank\">Mon Actu<\/a>.<\/p>\n","protected":false},"excerpt":{"rendered":"Par Laure Gentil Publi\u00e9 le 25 juil. 2025 \u00e0 15h41 \u00c0 partir du 28\u00a0juillet 2025, le restaurant Le&hellip;\n","protected":false},"author":2,"featured_media":273522,"comment_status":"","ping_status":"","sticky":false,"template":"","format":"standard","meta":{"footnotes":""},"categories":[2818],"tags":[1111,11,1777,674,1011,27,3316,766,12,2636,25,1340,104],"class_list":{"0":"post-273521","1":"post","2":"type-post","3":"status-publish","4":"format-standard","5":"has-post-thumbnail","7":"category-nantes","8":"tag-actu","9":"tag-actualites","10":"tag-eu","11":"tag-europe","12":"tag-fr","13":"tag-france","14":"tag-la-poste","15":"tag-nantes","16":"tag-news","17":"tag-pays-de-la-loire","18":"tag-republique-francaise","19":"tag-restaurant","20":"tag-societe"},"share_on_mastodon":{"url":"https:\/\/pubeurope.com\/@fr\/114915571415631323","error":""},"_links":{"self":[{"href":"https:\/\/www.europesays.com\/fr\/wp-json\/wp\/v2\/posts\/273521","targetHints":{"allow":["GET"]}}],"collection":[{"href":"https:\/\/www.europesays.com\/fr\/wp-json\/wp\/v2\/posts"}],"about":[{"href":"https:\/\/www.europesays.com\/fr\/wp-json\/wp\/v2\/types\/post"}],"author":[{"embeddable":true,"href":"https:\/\/www.europesays.com\/fr\/wp-json\/wp\/v2\/users\/2"}],"replies":[{"embeddable":true,"href":"https:\/\/www.europesays.com\/fr\/wp-json\/wp\/v2\/comments?post=273521"}],"version-history":[{"count":0,"href":"https:\/\/www.europesays.com\/fr\/wp-json\/wp\/v2\/posts\/273521\/revisions"}],"wp:featuredmedia":[{"embeddable":true,"href":"https:\/\/www.europesays.com\/fr\/wp-json\/wp\/v2\/media\/273522"}],"wp:attachment":[{"href":"https:\/\/www.europesays.com\/fr\/wp-json\/wp\/v2\/media?parent=273521"}],"wp:term":[{"taxonomy":"category","embeddable":true,"href":"https:\/\/www.europesays.com\/fr\/wp-json\/wp\/v2\/categories?post=273521"},{"taxonomy":"post_tag","embeddable":true,"href":"https:\/\/www.europesays.com\/fr\/wp-json\/wp\/v2\/tags?post=273521"}],"curies":[{"name":"wp","href":"https:\/\/api.w.org\/{rel}","templated":true}]}}