{"id":273535,"date":"2025-07-25T19:46:14","date_gmt":"2025-07-25T19:46:14","guid":{"rendered":"https:\/\/www.europesays.com\/fr\/273535\/"},"modified":"2025-07-25T19:46:14","modified_gmt":"2025-07-25T19:46:14","slug":"braderie-de-lille-2025-le-plan","status":"publish","type":"post","link":"https:\/\/www.europesays.com\/fr\/273535\/","title":{"rendered":"Braderie de Lille 2025 : le Plan"},"content":{"rendered":"<p>\t\t\t<img width=\"660\" height=\"330\" src=\"https:\/\/www.europesays.com\/fr\/wp-content\/uploads\/2025\/07\/braderie_2025_plan-660x330.jpg\" class=\"attachment-slider size-slider wp-post-image\" alt=\"\" decoding=\"async\" fetchpriority=\"high\"  \/>\t\t<\/p>\n<p class=\"post-meta\">\n<p>\t<a href=\"https:\/\/www.zoomsurlille.fr\/author\/damien\" title=\"\" target=\"_blank\" rel=\"noopener\">Damien <\/a><\/p>\n<p>\t25 juillet 2025<br \/>\n\t<a href=\"https:\/\/www.zoomsurlille.fr\/actualites\" rel=\"category tag noopener\" target=\"_blank\">Actualit\u00e9s<\/a><\/p>\n<p style=\"text-align: justify;\">D\u00e9couvrez le<strong> plan de la Braderie de Lille 2025 <\/strong>(06 &amp; 07 septembre 2025). Vous trouverez toutes les informations sur le <strong>p\u00e9rim\u00e8tre de s\u00e9curit\u00e9,<\/strong> les <strong>axes rouges,<\/strong> la localisation des <strong>toilettes, <\/strong>des <strong>points d\u2019eau potable,<\/strong>\u00a0des <strong>stations de m\u00e9tro, les diff\u00e9rents axes<\/strong> (commer\u00e7ants, riverains, brocanteurs, associations\u2026), les <strong>postes de secours<\/strong> et 1 poste <strong>\u00ab\u00a0Enfants Trouv\u00e9s\u00a0\u00bb<\/strong> (salle du Gymnase \u2013 7, place S\u00e9bastopol)\u2026<\/p>\n<p><a href=\"https:\/\/www.zoomsurlille.fr\/wp-content\/uploads\/2025\/07\/braderie_2025_plan-scaled.jpg\" target=\"_blank\" rel=\"noreferrer noopener\"><img loading=\"lazy\" decoding=\"async\" width=\"1024\" height=\"724\" src=\"https:\/\/www.europesays.com\/fr\/wp-content\/uploads\/2025\/07\/braderie_2025_plan-1024x724.jpg\" alt=\"\" class=\"wp-image-86205\"  \/><\/a><\/p>\n<p class=\"has-text-align-center\">(cliquez sur le plan pour l\u2019agrandir)<\/p>\n<p class=\"has-text-align-left\"><img loading=\"lazy\" decoding=\"async\" width=\"9\" height=\"9\" class=\" size-full wp-image-45\" src=\"https:\/\/www.europesays.com\/fr\/wp-content\/uploads\/2025\/04\/arrow.png\" alt=\"\"\/> <a href=\"https:\/\/www.zoomsurlille.fr\/tag\/braderie-de-lille-2024\" target=\"_blank\" rel=\"noreferrer noopener\">Retrouvez tous nos articles sur la Braderie de Lille 2025<\/a><\/p>\n<p class=\"has-text-align-right\"><b>Plan : \u00a9 <\/b>Ville de Lille<\/p>\n<p>\t\t<a href=\"#\" id=\"check-also-close\"><\/a><\/p>\n<p>\n\t\t\tA lire \u00e9galement !\n\t\t<\/p>\n<p>\t\t\t\t<a href=\"https:\/\/www.zoomsurlille.fr\/actualites\/tour-de-france-2025-zoom-sur-la-caravane-e-leclerc\" target=\"_blank\" rel=\"noopener\"><br \/>\n\t\t\t\t\t<img width=\"310\" height=\"165\" src=\"https:\/\/www.europesays.com\/fr\/wp-content\/uploads\/2025\/07\/DSC_7101-310x165.jpg\" class=\"attachment-tie-medium size-tie-medium wp-post-image\" alt=\"\" decoding=\"async\" loading=\"lazy\"\/><br \/>\n\t\t\t\t<\/a><\/p>\n<p>Depuis 1930, la caravane publicitaire fait partie du spectacle du Tour de France en pr\u00e9c\u00e9dant \u2026<\/p>\n","protected":false},"excerpt":{"rendered":"Damien 25 juillet 2025 Actualit\u00e9s D\u00e9couvrez le plan de la Braderie de Lille 2025 (06 &amp; 07 septembre&hellip;\n","protected":false},"author":2,"featured_media":273536,"comment_status":"","ping_status":"","sticky":false,"template":"","format":"standard","meta":{"footnotes":""},"categories":[2815],"tags":[29513,29514,1111,11,18703,40565,6961,1777,674,1011,27,811,1307,41299,12,5355,25,12308],"class_list":{"0":"post-273535","1":"post","2":"type-post","3":"status-publish","4":"format-standard","5":"has-post-thumbnail","7":"category-lille","8":"tag-06-septembre-2025","9":"tag-07-septembre-2025","10":"tag-actu","11":"tag-actualites","12":"tag-braderie-de-lille","13":"tag-braderie-de-lille-2025","14":"tag-brocante","15":"tag-eu","16":"tag-europe","17":"tag-fr","18":"tag-france","19":"tag-hauts-de-france","20":"tag-lille","21":"tag-marche-aux-puces","22":"tag-news","23":"tag-plan","24":"tag-republique-francaise","25":"tag-vide-grenier"},"share_on_mastodon":{"url":"https:\/\/pubeurope.com\/@fr\/114915599445415374","error":""},"_links":{"self":[{"href":"https:\/\/www.europesays.com\/fr\/wp-json\/wp\/v2\/posts\/273535","targetHints":{"allow":["GET"]}}],"collection":[{"href":"https:\/\/www.europesays.com\/fr\/wp-json\/wp\/v2\/posts"}],"about":[{"href":"https:\/\/www.europesays.com\/fr\/wp-json\/wp\/v2\/types\/post"}],"author":[{"embeddable":true,"href":"https:\/\/www.europesays.com\/fr\/wp-json\/wp\/v2\/users\/2"}],"replies":[{"embeddable":true,"href":"https:\/\/www.europesays.com\/fr\/wp-json\/wp\/v2\/comments?post=273535"}],"version-history":[{"count":0,"href":"https:\/\/www.europesays.com\/fr\/wp-json\/wp\/v2\/posts\/273535\/revisions"}],"wp:featuredmedia":[{"embeddable":true,"href":"https:\/\/www.europesays.com\/fr\/wp-json\/wp\/v2\/media\/273536"}],"wp:attachment":[{"href":"https:\/\/www.europesays.com\/fr\/wp-json\/wp\/v2\/media?parent=273535"}],"wp:term":[{"taxonomy":"category","embeddable":true,"href":"https:\/\/www.europesays.com\/fr\/wp-json\/wp\/v2\/categories?post=273535"},{"taxonomy":"post_tag","embeddable":true,"href":"https:\/\/www.europesays.com\/fr\/wp-json\/wp\/v2\/tags?post=273535"}],"curies":[{"name":"wp","href":"https:\/\/api.w.org\/{rel}","templated":true}]}}