{"id":273537,"date":"2025-07-25T19:47:10","date_gmt":"2025-07-25T19:47:10","guid":{"rendered":"https:\/\/www.europesays.com\/fr\/273537\/"},"modified":"2025-07-25T19:47:10","modified_gmt":"2025-07-25T19:47:10","slug":"dimportantes-perturbations-sur-laxe-tgv-sud-est-en-raison-dune-panne-electrique","status":"publish","type":"post","link":"https:\/\/www.europesays.com\/fr\/273537\/","title":{"rendered":"d&rsquo;importantes perturbations sur l&rsquo;axe TGV Sud-Est en raison d&rsquo;une panne \u00e9lectrique"},"content":{"rendered":"<p>Si vous comptiez rejoindre Paris ou regagner la cit\u00e9 phoc\u00e9enne pour le dernier week-end de juillet, vous allez devoir prendre votre mal en patiente. Plusieurs trains au d\u00e9part, \u00e0 l\u2019arriv\u00e9e ou passant par <a href=\"https:\/\/www.laprovence.com\/bouches-du-rhone\/marseille-13055\" target=\"_blank\" rel=\"noopener\">Marseille<\/a>, affichent un retard cons\u00e9quent<strong> &#8211; jusqu\u2019\u00e0 6h &#8211; <\/strong>dans la fin d\u2019apr\u00e8s-midi de ce vendredi 25\u00a0juillet.<\/p>\n<p>Le <a href=\"https:\/\/www.sncf-voyageurs.com\/fr\/voyagez-avec-nous\/horaires-et-itineraires\/recherche-de-train\/detail-train\/?numeroCirculation=6177&amp;dateCirculation=2025-07-25&amp;destinationCode=87756056\" target=\"_blank\" rel=\"noopener\">TGV INOUI N\u00b06177<\/a>, parti de gare de Lyon \u00e0 14h30 en direction de Nice, accuse un retard de 6\u00a0heures et devrait arriver en gare Saint-Charles \u00e0 23h28 au lieu de 17h28.<\/p>\n<p>De son c\u00f4t\u00e9, le <a href=\"https:\/\/www.sncf-voyageurs.com\/fr\/voyagez-avec-nous\/horaires-et-itineraires\/recherche-de-train\/detail-train\/?numeroCirculation=6132&amp;dateCirculation=2025-07-25&amp;destinationCode=87686006\" target=\"_blank\" rel=\"noopener\">TGV INOUI N\u00b06132<\/a>, qui devait partir de Marseille \u00e0 19h04, devrait quitter la gare Saint-Charles avec un retard au d\u00e9part estim\u00e9 \u00e0 3\u00a0heures, pour une arriv\u00e9e \u00e0 Paris \u00e0 1h22 au lieu de 22h22.<\/p>\n<p>Un \u00ab\u00a0d\u00e9faut d\u2019alimentation \u00e9lectrique\u00a0\u00bb<\/p>\n<p>D\u2019apr\u00e8s la SNCF, <a href=\"https:\/\/www.leparisien.fr\/economie\/sncf-des-orages-en-bourgogne-et-un-defaut-dalimentation-electrique-causent-de-gros-retards-gare-de-lyon-25-07-2025-ZUIOCDEY6JDQ7E2H67NIH5LBD4.php\" target=\"_blank\" rel=\"noopener\">interrog\u00e9e par Le Parisien<\/a>, <strong>ces retards sont li\u00e9s \u00e0 un orage qui a frapp\u00e9 la Bourgogne<\/strong>\u00a0: \u00ab\u00a0Sur une partie du trajet, les trains empruntent les lignes classiques (et non les lignes TGV), donc les retards varient.\u00a0\u00bb La vitesse maximale sur les lignes en question est de 200\u00a0km\/h au lieu de 320.<\/p>\n<p>La SNCF pr\u00e9cise sur son site qu\u2019un \u00ab\u00a0d\u00e9faut d\u2019alimentation \u00e9lectrique\u00a0\u00bb touche la \u00ab\u00a0Ligne \u00e0 Grande Vitesse Sud Est\u00a0\u00bb.<\/p>\n<p>L\u2019incident n\u2019\u00e9tait toujours pas r\u00e9solu en d\u00e9but de soir\u00e9e, \u00e0 21h.<\/p>\n","protected":false},"excerpt":{"rendered":"Si vous comptiez rejoindre Paris ou regagner la cit\u00e9 phoc\u00e9enne pour le dernier week-end de juillet, vous allez&hellip;\n","protected":false},"author":2,"featured_media":273538,"comment_status":"","ping_status":"","sticky":false,"template":"","format":"standard","meta":{"footnotes":""},"categories":[2814],"tags":[17,1111,11,1102,41300,1777,674,1011,27,12333,41301,884,12,7854,882,25,8948,104,3356,2214],"class_list":{"0":"post-273537","1":"post","2":"type-post","3":"status-publish","4":"format-standard","5":"has-post-thumbnail","7":"category-marseille","8":"tag-17","9":"tag-actu","10":"tag-actualites","11":"tag-breakingnews","12":"tag-dimportantes","13":"tag-eu","14":"tag-europe","15":"tag-fr","16":"tag-france","17":"tag-jusqua","18":"tag-laxe","19":"tag-marseille","20":"tag-news","21":"tag-perturbations","22":"tag-provence-alpes-cote-dazur","23":"tag-republique-francaise","24":"tag-retard","25":"tag-societe","26":"tag-sur","27":"tag-tgv"},"share_on_mastodon":{"url":"https:\/\/pubeurope.com\/@fr\/114915602883810815","error":""},"_links":{"self":[{"href":"https:\/\/www.europesays.com\/fr\/wp-json\/wp\/v2\/posts\/273537","targetHints":{"allow":["GET"]}}],"collection":[{"href":"https:\/\/www.europesays.com\/fr\/wp-json\/wp\/v2\/posts"}],"about":[{"href":"https:\/\/www.europesays.com\/fr\/wp-json\/wp\/v2\/types\/post"}],"author":[{"embeddable":true,"href":"https:\/\/www.europesays.com\/fr\/wp-json\/wp\/v2\/users\/2"}],"replies":[{"embeddable":true,"href":"https:\/\/www.europesays.com\/fr\/wp-json\/wp\/v2\/comments?post=273537"}],"version-history":[{"count":0,"href":"https:\/\/www.europesays.com\/fr\/wp-json\/wp\/v2\/posts\/273537\/revisions"}],"wp:featuredmedia":[{"embeddable":true,"href":"https:\/\/www.europesays.com\/fr\/wp-json\/wp\/v2\/media\/273538"}],"wp:attachment":[{"href":"https:\/\/www.europesays.com\/fr\/wp-json\/wp\/v2\/media?parent=273537"}],"wp:term":[{"taxonomy":"category","embeddable":true,"href":"https:\/\/www.europesays.com\/fr\/wp-json\/wp\/v2\/categories?post=273537"},{"taxonomy":"post_tag","embeddable":true,"href":"https:\/\/www.europesays.com\/fr\/wp-json\/wp\/v2\/tags?post=273537"}],"curies":[{"name":"wp","href":"https:\/\/api.w.org\/{rel}","templated":true}]}}