{"id":273539,"date":"2025-07-25T19:48:12","date_gmt":"2025-07-25T19:48:12","guid":{"rendered":"https:\/\/www.europesays.com\/fr\/273539\/"},"modified":"2025-07-25T19:48:12","modified_gmt":"2025-07-25T19:48:12","slug":"quen-est-il-du-transfert-de-timothy-weah-a-lolympique-de-marseille-juventus-fr-com","status":"publish","type":"post","link":"https:\/\/www.europesays.com\/fr\/273539\/","title":{"rendered":"Qu&rsquo;en est-il du transfert de Timothy Weah \u00e0 l&rsquo;Olympique de Marseille ? |Juventus-fr.com"},"content":{"rendered":"<p>BIRMINGHAM, ENGLAND &#8211; NOVEMBER 27: Timothy Weah of Juventus warms up before the UEFA Champions League 2024\/25 League Phase MD5 match between Aston Villa FC and Juventus at Villa Park on November 27, 2024 in Birmingham, England. (Photo by Ryan Pierse\/Getty Images)<\/p>\n<p><strong>Depuis plusieurs semaines, des rumeurs envoient Timothy Weah \u00e0 l&rsquo;Olympique de Marseille. Mais qu&rsquo;en est-il de ce transfert \u00e0 l&rsquo;heure actuelle ?<\/strong><\/p>\n<p>\u00a0<\/p>\n<p>Apr\u00e8s les d\u00e9parts d&rsquo;Alberto Costa et Samuel Mbangula, le prochain devrait \u00eatre celui de Timothy Weah. L&rsquo;international Am\u00e9ricain a refus\u00e9 de rejoindre Nottingham Forest mais semble int\u00e9ress\u00e9 par un transfert \u00e0 l&rsquo;Olympique de Marseille. Toutefois, malgr\u00e9 des n\u00e9gociations qui durent depuis des semaines, aucun accord n&rsquo;a \u00e9t\u00e9 trouv\u00e9 pour le moment. Mais cela pourrait vite changer. <b>Selon Tuttosport, l&rsquo;agent du joueur s&rsquo;est rendu \u00e0 la Continassa pour faire avancer ce transfert<\/b>.<\/p>\n<p>\u00a0<\/p>\n<blockquote class=\"twitter-tweet\" data-width=\"550\" data-dnt=\"true\">\n<p lang=\"fr\" dir=\"ltr\">Tuttosport : L&rsquo;agent de <a href=\"https:\/\/twitter.com\/hashtag\/Weah?src=hash&amp;ref_src=twsrc%5Etfw\" rel=\"nofollow noopener\" target=\"_blank\">#Weah<\/a> \u00e9tait bien pr\u00e9sent \u00e0 la Continassa hier pour discuter de son avenir. La Juve attend toujours 20M, l&rsquo;<a href=\"https:\/\/twitter.com\/hashtag\/OM?src=hash&amp;ref_src=twsrc%5Etfw\" rel=\"nofollow noopener\" target=\"_blank\">#OM<\/a> est pour l&rsquo;instant bloqu\u00e9 \u00e0 15. Des clubs de PL sont int\u00e9ress\u00e9s, mais Marseille reste quand m\u00eame nettement devant \ud83d\uddde\ufe0f <a href=\"https:\/\/t.co\/qc9OP5pIda\" rel=\"nofollow\">pic.twitter.com\/qc9OP5pIda<\/a><\/p>\n<p>\u2014 Guillaume Pacini (@Guillaumemp) <a href=\"https:\/\/twitter.com\/Guillaumemp\/status\/1948644465989877770?ref_src=twsrc%5Etfw\" rel=\"nofollow noopener\" target=\"_blank\">July 25, 2025<\/a><\/p>\n<\/blockquote>\n<p>\t\t<script async src=\"https:\/\/platform.twitter.com\/widgets.js\" charset=\"utf-8\"><\/script><\/p>\n","protected":false},"excerpt":{"rendered":"BIRMINGHAM, ENGLAND &#8211; NOVEMBER 27: Timothy Weah of Juventus warms up before the UEFA Champions League 2024\/25 League&hellip;\n","protected":false},"author":2,"featured_media":273540,"comment_status":"","ping_status":"","sticky":false,"template":"","format":"standard","meta":{"footnotes":""},"categories":[2814],"tags":[1111,41305,11,1777,674,1011,27,7153,41302,41304,41303,41306,41307,884,12,882,25],"class_list":{"0":"post-273539","1":"post","2":"type-post","3":"status-publish","4":"format-standard","5":"has-post-thumbnail","7":"category-marseille","8":"tag-actu","9":"tag-actualite-juventus","10":"tag-actualites","11":"tag-eu","12":"tag-europe","13":"tag-fr","14":"tag-france","15":"tag-juventus","16":"tag-juventus-fr","17":"tag-juventus-francais","18":"tag-juventus-france","19":"tag-juventus-mercato","20":"tag-juventus-transfert","21":"tag-marseille","22":"tag-news","23":"tag-provence-alpes-cote-dazur","24":"tag-republique-francaise"},"share_on_mastodon":{"url":"https:\/\/pubeurope.com\/@fr\/114915606759686549","error":""},"_links":{"self":[{"href":"https:\/\/www.europesays.com\/fr\/wp-json\/wp\/v2\/posts\/273539","targetHints":{"allow":["GET"]}}],"collection":[{"href":"https:\/\/www.europesays.com\/fr\/wp-json\/wp\/v2\/posts"}],"about":[{"href":"https:\/\/www.europesays.com\/fr\/wp-json\/wp\/v2\/types\/post"}],"author":[{"embeddable":true,"href":"https:\/\/www.europesays.com\/fr\/wp-json\/wp\/v2\/users\/2"}],"replies":[{"embeddable":true,"href":"https:\/\/www.europesays.com\/fr\/wp-json\/wp\/v2\/comments?post=273539"}],"version-history":[{"count":0,"href":"https:\/\/www.europesays.com\/fr\/wp-json\/wp\/v2\/posts\/273539\/revisions"}],"wp:featuredmedia":[{"embeddable":true,"href":"https:\/\/www.europesays.com\/fr\/wp-json\/wp\/v2\/media\/273540"}],"wp:attachment":[{"href":"https:\/\/www.europesays.com\/fr\/wp-json\/wp\/v2\/media?parent=273539"}],"wp:term":[{"taxonomy":"category","embeddable":true,"href":"https:\/\/www.europesays.com\/fr\/wp-json\/wp\/v2\/categories?post=273539"},{"taxonomy":"post_tag","embeddable":true,"href":"https:\/\/www.europesays.com\/fr\/wp-json\/wp\/v2\/tags?post=273539"}],"curies":[{"name":"wp","href":"https:\/\/api.w.org\/{rel}","templated":true}]}}