{"id":273553,"date":"2025-07-25T19:57:10","date_gmt":"2025-07-25T19:57:10","guid":{"rendered":"https:\/\/www.europesays.com\/fr\/273553\/"},"modified":"2025-07-25T19:57:10","modified_gmt":"2025-07-25T19:57:10","slug":"pourquoi-les-negociations-entre-ukraine-et-russie-naboutissent-pas","status":"publish","type":"post","link":"https:\/\/www.europesays.com\/fr\/273553\/","title":{"rendered":"pourquoi les n\u00e9gociations entre Ukraine et Russie n&rsquo;aboutissent pas"},"content":{"rendered":"<p>            Par<br \/>\n        <strong><br \/>\n            <a href=\"https:\/\/actu.fr\/auteur\/maxime-ponsot\" title=\"Consulter tous les articles de Maxime Ponsot\" rel=\"nofollow noopener\" target=\"_blank\">Maxime Ponsot<\/a><br \/>\n        <\/strong><\/p>\n<p>        Publi\u00e9 le<\/p>\n<p>            25 juil. 2025 \u00e0 21h52        <\/p>\n<p>Les tractations sont au point mort. <strong>Russes et Ukrainiens<\/strong> ont conclu, mercredi 23\u00a0juillet 2025 au soir, <strong>une troisi\u00e8me session de n\u00e9gociations directes<\/strong> \u00e0 Istanbul, en Turquie, en ne s\u2019accordant, au final, que sur un nouvel \u00e9change de prisonniers. Et surtout en constatant l\u2019\u00ab\u2009\u00e9loignement\u2009\u00bb, pour ne pas dire le foss\u00e9, qui s\u00e9pare leurs positions pour mettre fin \u00e0 <a href=\"https:\/\/actu.fr\/monde\/la-guerre-en-ukraine-a-debute-il-y-a-trois-ans-ces-10-dates-cles-qui-ont-marque-le-conflit_62286161.html\" rel=\"nofollow noopener\" target=\"_blank\">la guerre d\u00e9clench\u00e9e en 2022<\/a>.<\/p>\n<p>Une petite heure de n\u00e9gociations<\/p>\n<p class=\" wall-content\">Apr\u00e8s \u00e0 peine une heure de discussions au palais de \u00c7iragan, les n\u00e9gociateurs ont constat\u00e9 que leurs \u00ab\u2009positions\u2009\u00bb respectives \u00e9taient \u00ab\u2009assez \u00e9loign\u00e9es les unes des autres\u2009\u00bb, a indiqu\u00e9 Vladimir Medinski, le chef de la d\u00e9l\u00e9gation russe, lors d\u2019une d\u00e9claration \u00e0 la presse.<\/p>\n<p>Des propositions \u00ab\u2009diam\u00e9tralement oppos\u00e9es\u2009\u00bb<\/p>\n<p class=\" wall-content\">Dans la journ\u00e9e, le Kremlin avait d\u00e9j\u00e0 douch\u00e9 les espoirs d\u2019avanc\u00e9es pour mettre fin au conflit lanc\u00e9 en f\u00e9vrier\u00a02022 par Moscou chez son voisin et <a href=\"https:\/\/actu.fr\/monde\/guerre-en-ukraine-apres-trois-ans-de-conflit-arme-quel-bilan-humain_62284083.html\" rel=\"nofollow noopener\" target=\"_blank\">qui a fait des dizaines de milliers de morts et de bless\u00e9s<\/a>.<\/p>\n<p class=\" wall-content\">\u00ab\u2009Personne ne s\u2019attend \u00e0 un chemin facile. Bien entendu, ce sera une discussion tr\u00e8s compliqu\u00e9e\u2009\u00bb, avait ainsi indiqu\u00e9 le porte-parole de la pr\u00e9sidence russe, Dmitri Peskov. Il n\u2019a pas manqu\u00e9 de r\u00e9p\u00e9ter que les propositions des bellig\u00e9rants pour arr\u00eater le conflit \u00e9taient \u00ab\u2009diam\u00e9tralement oppos\u00e9es\u2009\u00bb.<\/p>\n<p>De courtes tr\u00eaves seulement temporaires<\/p>\n<p class=\" wall-content\">Seule mesure concr\u00e8te\u2009: les n\u00e9gociateurs se sont mis d\u2019accord pour un nouvel \u00e9change de 1\u2009200 prisonniers de chaque c\u00f4t\u00e9, selon Vladimir Medinski, comme cela a d\u00e9j\u00e0 \u00e9t\u00e9 le cas \u00e0 plusieurs reprises.<\/p>\n<p class=\" wall-content\">Moscou a \u00e9galement propos\u00e9 \u00e0 Kiev de lui remettre 3\u2009000 corps de soldats ukrainiens, ainsi que des tr\u00eaves de \u00ab\u200924 \u00e0 48\u00a0heures\u2009\u00bb sur le front pour que les deux arm\u00e9es puissent r\u00e9cup\u00e9rer leurs tu\u00e9s et leurs bless\u00e9s, a poursuivi Vladimir Medinski.<\/p>\n<p>Une rencontre entre Poutine et Zelensky sugg\u00e9r\u00e9e<\/p>\n<p class=\" wall-content\">L\u2019Ukraine a de son c\u00f4t\u00e9 sugg\u00e9r\u00e9 une rencontre entre Vladimir Poutine et Volodymyr Zelensky d\u2019ici \u00e0 la fin du mois d\u2019ao\u00fbt, potentiellement en pr\u00e9sence des pr\u00e9sidents am\u00e9ricain et turc, d\u2019apr\u00e8s le n\u00e9gociateur de Kiev Roustem Oumerov.<\/p>\n<p>L\u2019Ukraine accuse la Russie de bloquer les n\u00e9gociations<\/p>\n<p class=\" wall-content\">En pr\u00e9ambule \u00e0 ces n\u00e9gociations, une source au sein de la d\u00e9l\u00e9gation envoy\u00e9e par Kiev avait dit \u00e0 l\u2019AFP esp\u00e9rer une \u00ab\u2009position constructive\u2009\u00bb de la Russie et qu\u2019elle renonce \u00e0 \u00ab\u2009ses ultimatums\u2009\u00bb.<\/p>\n<p class=\" wall-content\">Ces pourparlers directs intervenaient une nouvelle fois \u00e0 la suite de pressions exerc\u00e9es par le pr\u00e9sident am\u00e9ricain Donald Trump qui a donn\u00e9 \u00e0 Moscou, mi-juillet, 50\u00a0jours pour parvenir \u00e0 un accord avec l\u2019Ukraine, sous peine de sanctions s\u00e9v\u00e8res.<\/p>\n<p class=\" wall-content\">Kiev et ses alli\u00e9s occidentaux accusent le Kremlin de <strong>bloquer les n\u00e9gociations en maintenant des demandes maximalistes<\/strong>, tandis que l\u2019arm\u00e9e russe, plus nombreuse et mieux \u00e9quip\u00e9e, poursuit ses attaques sur le front, o\u00f9 elle grignote chaque jour du terrain.<\/p>\n<p>La Russie continue d\u2019envahir l\u2019Ukraine<\/p>\n<p class=\" wall-content\">Mercredi, le minist\u00e8re russe de la D\u00e9fense a ainsi revendiqu\u00e9 la conqu\u00eate d\u2019un nouveau village, Varatchyn\u00e9, dans la r\u00e9gion ukrainienne de Soumy (nord-est) o\u00f9, au cours de la nuit, des frappes de drones russes ont entra\u00een\u00e9 des coupures d\u2019\u00e9lectricit\u00e9 chez plus de 220\u2009000 clients, d\u2019apr\u00e8s Volodymyr Zelensky.<\/p>\n<p>Pas les m\u00eames attentes des pourparlers<\/p>\n<p class=\" wall-content\">Les positions des<strong> deux camps<\/strong> semblent <strong>actuellement irr\u00e9conciliables<\/strong>. Comme mercredi soir, les deux derni\u00e8res discussions \u00e0 Istanbul de mai et juin n\u2019avaient d\u00e9bouch\u00e9 que sur des accords d\u2019\u00e9changes de prisonniers et de corps de soldats tu\u00e9s.<\/p>\n<p class=\" wall-content\">Selon le porte-parole de la pr\u00e9sidence russe Dmitri Peskov, les pourparlers devaient porter principalement sur les \u00ab\u2009m\u00e9morandums\u2009\u00bb \u00e9chang\u00e9s en juin par les deux camps et comprenant leurs propositions de paix.<\/p>\n<p class=\" wall-content\">Kiev voulait de son c\u00f4t\u00e9 se focaliser sur un nouvel \u00e9change de prisonniers, le rapatriement des enfants ukrainiens emmen\u00e9s en Russie et la pr\u00e9paration d\u2019une rencontre Poutine-Zelensky.<\/p>\n<p class=\" wall-content\">Moscou r\u00e9clame que l\u2019Ukraine lui c\u00e8de quatre r\u00e9gions partiellement occup\u00e9es de l\u2019est et du sud de son territoire, en plus de la Crim\u00e9e annex\u00e9e en 2014, renonce aux livraisons d\u2019armes occidentales et \u00e0 toute adh\u00e9sion \u00e0 l\u2019OTAN.<\/p>\n<p class=\" wall-content\">Des conditions inacceptables pour Kiev, qui veut le retrait des troupes russes et des garanties de s\u00e9curit\u00e9 occidentales dont la poursuite des livraisons d\u2019armes et le d\u00e9ploiement d\u2019un contingent europ\u00e9en. Ce \u00e0 quoi s\u2019oppose la Russie.<\/p>\n<p>La Russie refuse un cessez-le-feu<\/p>\n<p class=\" wall-content\">L\u2019Ukraine r\u00e9clame aussi, de concert avec ses alli\u00e9s europ\u00e9ens, un cessez-le-feu de 30\u00a0jours, auquel se refusent les Russes, dont les forces ont l\u2019avantage sur le terrain.<\/p>\n<p class=\" wall-content\">Sur le terrain justement, les op\u00e9rations militaires se poursuivent. Dans la nuit, 71 drones russes ont vis\u00e9 l\u2019Ukraine, selon l\u2019arm\u00e9e de l\u2019air. Trois personnes ont \u00e9t\u00e9 tu\u00e9es dans la r\u00e9gion de Kherson (sud), d\u2019apr\u00e8s les autorit\u00e9s locales qui ont \u00e9galement fait \u00e9tat de neuf bless\u00e9s.<\/p>\n<p class=\" wall-content\">Pour sa part, l\u2019arm\u00e9e russe a affirm\u00e9 avoir neutralis\u00e9 pendant la nuit 33 drones ukrainiens et plusieurs dizaines au cours de la journ\u00e9e, lanc\u00e9s contre la Russie.<\/p>\n<p>Donald Trump met la pression<\/p>\n<p class=\" wall-content\">Depuis son retour au pouvoir en janvier, Donald Trump a quant \u00e0 lui repris le contact avec Moscou pour tenter, sans grands r\u00e9sultats, d\u2019arr\u00eater la guerre.<\/p>\n<p class=\" wall-content\">Ces derni\u00e8res semaines, le pr\u00e9sident am\u00e9ricain a exprim\u00e9 sa frustration \u00e0 l\u2019\u00e9gard de la Russie et a affirm\u00e9 que des \u00e9quipements militaires am\u00e9ricains, pay\u00e9s par des \u00c9tats europ\u00e9ens membres de l\u2019OTAN, seraient envoy\u00e9s \u00e0 l\u2019Ukraine.<\/p>\n<p class=\" wall-content\">Washington a justement annonc\u00e9 mercredi soir (heure europ\u00e9enne) avoir approuv\u00e9 une vente d\u2019armements \u00e0 l\u2019Ukraine visant notamment \u00e0 renforcer sa d\u00e9fense antia\u00e9rienne, pour un montant de 322\u00a0millions de dollars.<\/p>\n<p class=\" wall-content\"><strong>(Source\u2009: AFP)<\/strong><\/p>\n<p class=\" wall-content\">Suivez toute l\u2019actualit\u00e9 de vos villes et m\u00e9dias favoris en vous inscrivant \u00e0 <a href=\"https:\/\/moncompte.actu.fr\" title=\"D\u00e9couvez Mon Actu\" rel=\"nofollow noopener\" data-trk=\"{&quot;cta&quot;:{&quot;action&quot;:&quot;https:\\\/\\\/moncompte.actu.fr&quot;,&quot;category&quot;:&quot;mon compte&quot;,&quot;from&quot;:&quot;article footer&quot;,&quot;name&quot;:&quot;Mon actu&quot;,&quot;type&quot;:&quot;cta&quot;}}\" target=\"_blank\">Mon Actu<\/a>.<\/p>\n","protected":false},"excerpt":{"rendered":"Par Maxime Ponsot Publi\u00e9 le 25 juil. 2025 \u00e0 21h52 Les tractations sont au point mort. Russes et&hellip;\n","protected":false},"author":2,"featured_media":273554,"comment_status":"","ping_status":"","sticky":false,"template":"","format":"standard","meta":{"footnotes":""},"categories":[1591],"tags":[11,73,1887,131,74,12,1885,1886,132],"class_list":{"0":"post-273553","1":"post","2":"type-post","3":"status-publish","4":"format-standard","5":"has-post-thumbnail","7":"category-russie","8":"tag-actualites","9":"tag-etats-unis","10":"tag-federation-de-russie","11":"tag-guerre-en-ukraine","12":"tag-monde","13":"tag-news","14":"tag-russia","15":"tag-russian-federation","16":"tag-russie"},"share_on_mastodon":{"url":"https:\/\/pubeurope.com\/@fr\/114915642290274112","error":""},"_links":{"self":[{"href":"https:\/\/www.europesays.com\/fr\/wp-json\/wp\/v2\/posts\/273553","targetHints":{"allow":["GET"]}}],"collection":[{"href":"https:\/\/www.europesays.com\/fr\/wp-json\/wp\/v2\/posts"}],"about":[{"href":"https:\/\/www.europesays.com\/fr\/wp-json\/wp\/v2\/types\/post"}],"author":[{"embeddable":true,"href":"https:\/\/www.europesays.com\/fr\/wp-json\/wp\/v2\/users\/2"}],"replies":[{"embeddable":true,"href":"https:\/\/www.europesays.com\/fr\/wp-json\/wp\/v2\/comments?post=273553"}],"version-history":[{"count":0,"href":"https:\/\/www.europesays.com\/fr\/wp-json\/wp\/v2\/posts\/273553\/revisions"}],"wp:featuredmedia":[{"embeddable":true,"href":"https:\/\/www.europesays.com\/fr\/wp-json\/wp\/v2\/media\/273554"}],"wp:attachment":[{"href":"https:\/\/www.europesays.com\/fr\/wp-json\/wp\/v2\/media?parent=273553"}],"wp:term":[{"taxonomy":"category","embeddable":true,"href":"https:\/\/www.europesays.com\/fr\/wp-json\/wp\/v2\/categories?post=273553"},{"taxonomy":"post_tag","embeddable":true,"href":"https:\/\/www.europesays.com\/fr\/wp-json\/wp\/v2\/tags?post=273553"}],"curies":[{"name":"wp","href":"https:\/\/api.w.org\/{rel}","templated":true}]}}