{"id":273555,"date":"2025-07-25T19:58:15","date_gmt":"2025-07-25T19:58:15","guid":{"rendered":"https:\/\/www.europesays.com\/fr\/273555\/"},"modified":"2025-07-25T19:58:15","modified_gmt":"2025-07-25T19:58:15","slug":"yves-jeuland-quand-jetais-en-ukraine-je-ne-cessais-de-penser-a-alain-cavalier","status":"publish","type":"post","link":"https:\/\/www.europesays.com\/fr\/273555\/","title":{"rendered":"Yves Jeuland : \u00ab Quand j&rsquo;\u00e9tais en Ukraine, je ne cessais de penser \u00e0 Alain Cavalier \u00bb"},"content":{"rendered":"<p>                        Yves Jeuland : \u00ab Quand j\u2019\u00e9tais en Ukraine, je ne cessais de penser \u00e0 Alain Cavalier \u00bb<\/p>\n<p class=\"byline author vcard\">Par    <a href=\"https:\/\/aoc.media\/auteur\/joachim-lepastier\/\" title=\"Articles par Joachim Lepastier\" class=\"author url fn\" rel=\"author nofollow noopener\" target=\"_blank\">Joachim Lepastier<\/a><\/p>\n<p>Durant cinq jours \u00e9tal\u00e9s sur cinq ans, Yves Jeuland a film\u00e9 son compagnonnage avec Alain Cavalier. L\u2019occasion pour le documentariste qui a film\u00e9 Georges Fr\u00eache et Volodymyr Zelensky de \u00ab filmer le filmeur \u00bb en plongeant au c\u0153ur de son appartement-atelier, v\u00e9ritable mus\u00e9e intime, r\u00e9v\u00e9lant d\u00e8s lors toute la sensibilit\u00e9 et la malice du cin\u00e9aste nonag\u00e9naire.<\/p>\n<p class=\"first-paragraph\">Entre l\u2019\u00e9t\u00e9 2019 et l\u2019hiver 2024, Yves Jeuland a rendu cinq visites \u00e0 Alain Cavalier, dans le deux-pi\u00e8ces du cin\u00e9aste, antre secr\u00e8te o\u00f9 il \u00e9labore et monte ses films. Cinq jours sur cinq ans, pour \u00e9laborer Cavalier seul, portrait d\u2019un \u00ab filmeur \u00bb qui se laisse filmer, tout en partageant des r\u00e8gles du jeu. Ainsi, ce \u00ab portrait du portraitiste \u00bb peut se voir comme un opus suppl\u00e9mentaire poursuivant la longue aventure filmique, entam\u00e9e il y a pr\u00e8s de trente ans avec La Rencontre (1996), journal d\u2019amour, tout en natures mortes et ha\u00efkus visuels. La singularit\u00e9 de Cavalier seul est qu\u2019il nous ouvre les portes et placards d\u2019un mus\u00e9e \u00e0 la fois imaginaire et concret, dans lequel le cin\u00e9aste puise son inspiration : des recueils de po\u00e9sie \u00e0 port\u00e9e de main, des dessins d\u2019insomnies, des sculptures p\u00e9rissables, des feuilles mortes dispos\u00e9es sur les murs comme des bas-reliefs. Sous la cam\u00e9ra d\u2019Yves Jeuland, Alain Cavalier se d\u00e9lecte d\u2019\u00eatre l\u2019instigateur d\u2019un syst\u00e8me po\u00e9tique et domestique o\u00f9 chaque objet est si parlant et dans lequel on se sent si bien accueilli. Surtout, le film l\u00e8ve un malentendu tenace selon lequel Cavalier serait le cin\u00e9aste du repli solipsiste, quand il appara\u00eet, au contraire, avide d\u2019\u00e9changes et de r\u00e9parties. Qui plus est, ce portrait d\u2019un artiste nonag\u00e9naire s\u2019est permis le luxe de prendre son temps, pied-de-nez suppl\u00e9mentaire \u00e0 l\u2019angoisse de la mort, sentiment \u00e0 la fois omnipr\u00e9sent et constamment d\u00e9jou\u00e9.<\/p>\n<p><a href=\"https:\/\/www.mucem.org\/programme\/exposition-et-temps-forts\/lire-le-ciel\" target=\"_blank\" rel=\"noopener nofollow\"><img fetchpriority=\"high\" decoding=\"async\" class=\"wp-image-251326 size-full\" src=\"https:\/\/www.europesays.com\/fr\/wp-content\/uploads\/2025\/07\/mucem_lire-le-ciel_web_300-x-250_AOC.jpg\" alt=\"\" width=\"300\" height=\"250\"\/><\/a>publicit\u00e9<\/p>\n<p>Autre conjonction plus surprenante. On se souvient qu\u2019Alain Cavalier avait jou\u00e9 le pr\u00e9sident de la R\u00e9publique (dans le savoureux Pater en 2011, avec Vincent Lindon en Premier ministre), quand Yves Jeuland a film\u00e9 plusieurs figures pr\u00e9sidentielles dans ses documentaires : Le Pr\u00e9sident (sur Georges Fr\u00eache en 2010), Un temps de pr\u00e9sident (sur Fran\u00e7ois Hollande en 2015) et tout r\u00e9cemment <a href=\"https:\/\/www.arte.tv\/fr\/videos\/RC-026085\/zelensky\/\" rel=\"nofollow noopener\" target=\"_blank\">Zelensky<\/a> (cor\u00e9alis\u00e9 avec Lisa Vapn\u00e9 et co\u00e9crit avec cette derni\u00e8re et Ariane Chemin), \u00e9galement visible sur Arte.tv. L\u2019occasion donc d\u2019\u00e9voquer des \u00e9chos inattendus <\/p>\n<p class=\"author_name\">\n                <a href=\"https:\/\/aoc.media\/auteur\/joachim-lepastier\/\" rel=\"nofollow noopener\" target=\"_blank\">Joachim Lepastier<\/a>\n            <\/p>\n<p class=\"author_func\">\n                Critique             <\/p>\n<p>        Rayonnages<br \/>\n        <a href=\"https:\/\/aoc.media\/tag\/culture\/\" rel=\"nofollow noopener\" target=\"_blank\">Culture<\/a><a href=\"https:\/\/aoc.media\/tag\/cinema\/\" rel=\"nofollow noopener\" target=\"_blank\">Cin\u00e9ma<\/a>    <\/p>\n","protected":false},"excerpt":{"rendered":"Yves Jeuland : \u00ab Quand j\u2019\u00e9tais en Ukraine, je ne cessais de penser \u00e0 Alain Cavalier \u00bb Par&hellip;\n","protected":false},"author":2,"featured_media":273556,"comment_status":"","ping_status":"","sticky":false,"template":"","format":"standard","meta":{"footnotes":""},"categories":[1590],"tags":[11,650,251,1777,674,12,220],"class_list":{"0":"post-273555","1":"post","2":"type-post","3":"status-publish","4":"format-standard","5":"has-post-thumbnail","7":"category-ukraine","8":"tag-actualites","9":"tag-cinema","10":"tag-culture","11":"tag-eu","12":"tag-europe","13":"tag-news","14":"tag-ukraine"},"share_on_mastodon":{"url":"https:\/\/pubeurope.com\/@fr\/114915646200397448","error":""},"_links":{"self":[{"href":"https:\/\/www.europesays.com\/fr\/wp-json\/wp\/v2\/posts\/273555","targetHints":{"allow":["GET"]}}],"collection":[{"href":"https:\/\/www.europesays.com\/fr\/wp-json\/wp\/v2\/posts"}],"about":[{"href":"https:\/\/www.europesays.com\/fr\/wp-json\/wp\/v2\/types\/post"}],"author":[{"embeddable":true,"href":"https:\/\/www.europesays.com\/fr\/wp-json\/wp\/v2\/users\/2"}],"replies":[{"embeddable":true,"href":"https:\/\/www.europesays.com\/fr\/wp-json\/wp\/v2\/comments?post=273555"}],"version-history":[{"count":0,"href":"https:\/\/www.europesays.com\/fr\/wp-json\/wp\/v2\/posts\/273555\/revisions"}],"wp:featuredmedia":[{"embeddable":true,"href":"https:\/\/www.europesays.com\/fr\/wp-json\/wp\/v2\/media\/273556"}],"wp:attachment":[{"href":"https:\/\/www.europesays.com\/fr\/wp-json\/wp\/v2\/media?parent=273555"}],"wp:term":[{"taxonomy":"category","embeddable":true,"href":"https:\/\/www.europesays.com\/fr\/wp-json\/wp\/v2\/categories?post=273555"},{"taxonomy":"post_tag","embeddable":true,"href":"https:\/\/www.europesays.com\/fr\/wp-json\/wp\/v2\/tags?post=273555"}],"curies":[{"name":"wp","href":"https:\/\/api.w.org\/{rel}","templated":true}]}}