{"id":273557,"date":"2025-07-25T19:59:11","date_gmt":"2025-07-25T19:59:11","guid":{"rendered":"https:\/\/www.europesays.com\/fr\/273557\/"},"modified":"2025-07-25T19:59:11","modified_gmt":"2025-07-25T19:59:11","slug":"exportations-vers-les-usa-pourquoi-2-000-entreprises-francaises-sont-exposees-aux-consequences-des-nouveaux-droits-de-douane","status":"publish","type":"post","link":"https:\/\/www.europesays.com\/fr\/273557\/","title":{"rendered":"Exportations vers les USA\u00a0: pourquoi 2\u00a0000 entreprises fran\u00e7aises sont expos\u00e9es aux cons\u00e9quences des nouveaux droits de douane\u00a0?"},"content":{"rendered":"<p>\n                                                                Environ 2\u00a0000 entreprises fran\u00e7aises, r\u00e9alisant plus de 10\u00a0% de leur chiffre d\u2019affaires aux \u00c9tats-Unis, concentrent la moiti\u00e9 des exportations vers ce pays et seraient les plus expos\u00e9es \u00e0 l\u2019impact de nouveaux droits de douane, selon une \u00e9tude publi\u00e9e vendredi 25\u00a0juillet 2025 par les douanes. Ces soci\u00e9t\u00e9s, majoritairement issues des secteurs du transport, des boissons et de la maroquinerie, pourraient supporter jusqu\u2019\u00e0 50\u00a0% du choc tarifaire.\n                            <\/p>\n<p>Quelque 2\u00a0000 entreprises qui r\u00e9alisent <a href=\"https:\/\/www.midilibre.fr\/2025\/04\/30\/droits-de-douane-donald-trump-annonce-des-allegements-temporaires-pour-les-constructeurs-automobiles-quels-impacts-sur-les-factures-12667757.php\" target=\"_self\" rel=\"nofollow noopener\">la moiti\u00e9 des exportations fran\u00e7aises vers les \u00c9tats-Unis<\/a> sont expos\u00e9es au march\u00e9 am\u00e9ricain pour 10\u00a0% ou plus de leur chiffre d\u2019affaires, et subiraient la moiti\u00e9 du choc des droits de douane additionnels, selon une \u00e9tude des douanes fran\u00e7aises vendredi 25\u00a0juillet 2025.<\/p>\n<p>Avec 48,6\u00a0milliards d\u2019euros de <a href=\"https:\/\/www.midilibre.fr\/2025\/05\/29\/donald-trump-desavoue-par-la-justice-ses-droits-de-douane-bloques-par-un-tribunal-federal-pour-exces-de-pouvoir-12728246.php\" target=\"_self\" rel=\"nofollow noopener\">biens export\u00e9s vers les \u00c9tats-Unis<\/a> en 2024, dont l\u2019essentiel par 14\u00a0700 entreprises des secteurs marchands (hors biens agricoles et financiers), <a href=\"https:\/\/www.midilibre.fr\/2025\/05\/14\/guerre-commerciale-accord-tres-solide-lessentiel-des-droits-de-douane-leve-la-chine-et-les-etats-unis-concretisent-leur-treve-12694971.php\" target=\"_self\" rel=\"nofollow noopener\">le pays est la deuxi\u00e8me destination d\u2019exportation<\/a> de la France en valeur derri\u00e8re l\u2019Allemagne (78\u00a0milliards d\u2019euros).<\/p>\n<p>Quel sc\u00e9nario dans les n\u00e9gociations\u00a0?<\/p>\n<p>Alors que le d\u00e9nouement des n\u00e9gociations sur les droits de douane entre l\u2019Union europ\u00e9enne (UE) et les \u00c9tats-Unis est esp\u00e9r\u00e9 le 1er\u00a0ao\u00fbt, les discussions se poursuivent et un accord semblait se dessiner ces derniers jours avec des droits de douane am\u00e9ricains ramen\u00e9s \u00e0 15\u00a0%, assortis d\u2019exemptions dans le secteur a\u00e9ronautique ou pharmaceutique.<\/p>\n<p>Temporairement, un droit de douane de 10\u00a0% s\u2019applique sur les exportations europ\u00e9ennes vers les \u00c9tats-Unis. La moiti\u00e9 des droits de douane additionnels pourrait peser sur environ 2\u00a0000 entreprises fran\u00e7aises qui r\u00e9alisent les trois quarts des exportations de mat\u00e9riel de transport (construction a\u00e9ronautique et navale), de boissons ou de produits de la maroquinerie vers les \u00c9tats-Unis, indique l\u2019\u00e9tude.<\/p>\n<p>Comment amortir le choc douanier\u00a0?<\/p>\n<p>La capacit\u00e9 de ces entreprises \u00e0 r\u00e9sister au choc de cette nouvelle donne douani\u00e8re r\u00e9side notamment dans les taux de marge\u00a0: un taux \u00e9lev\u00e9 peut-\u00eatre r\u00e9duit par une entreprise afin de \u00ab\u00a0conserver sa client\u00e8le\u00a0\u00bb ou d'\u00a0\u00bbabsorber en tout ou partie la hausse des droits de douane pour ses clients en abaissant ses prix\u00a0\u00bb, ajoute le document.<\/p>\n<p>Le taux de marge des entreprises exportatrices vers le march\u00e9 am\u00e9ricain s\u2019\u00e9tablit en moyenne \u00e0 35,5\u00a0% en 2024, contre 27,9\u00a0% pour des entreprises en France en 2022, avec des situations contrast\u00e9es selon la taille ou le secteur d\u2019activit\u00e9. Ainsi, un quart de ces entreprises ont un taux de marge inf\u00e9rieur \u00e0 11\u00a0%, et un quart sup\u00e9rieur \u00e0 52,1\u00a0%, rel\u00e8ve l\u2019\u00e9tude.<\/p>\n<p>Certaines\u00a0entreprises plus vuln\u00e9rables que d\u2019autres<\/p>\n<p>Dans l\u2019hypoth\u00e8se o\u00f9 les entreprises tenteraient de neutraliser int\u00e9gralement la hausse des prix en r\u00e9duisant le taux de marge, elles devraient les r\u00e9duire de 0,6 point avec des droits de douane de 10\u00a0%, et de pr\u00e8s de 2 points avec des droits de douane \u00e0 30\u00a0%.<\/p>\n<p>Compte tenu de l\u2019exposition au march\u00e9 am\u00e9ricain et des taux de marge des entreprises, la situation serait \u00ab\u00a0plus difficile pour les industries de fabrication de mat\u00e9riel de transport (construction a\u00e9ronautique et navale)\u00a0\u00bb et \u00ab\u00a0pour les microentreprises et pour les entreprises ind\u00e9pendantes\u00a0\u00bb, estiment les auteurs.<\/p>\n","protected":false},"excerpt":{"rendered":"Environ 2\u00a0000 entreprises fran\u00e7aises, r\u00e9alisant plus de 10\u00a0% de leur chiffre d\u2019affaires aux \u00c9tats-Unis, concentrent la moiti\u00e9 des&hellip;\n","protected":false},"author":2,"featured_media":273558,"comment_status":"","ping_status":"","sticky":false,"template":"","format":"standard","meta":{"footnotes":""},"categories":[1589],"tags":[11,73,1866,12,1864,1865,1863,308],"class_list":{"0":"post-273557","1":"post","2":"type-post","3":"status-publish","4":"format-standard","5":"has-post-thumbnail","7":"category-etats-unis","8":"tag-actualites","9":"tag-etats-unis","10":"tag-etats-unis-damerique","11":"tag-news","12":"tag-united-states","13":"tag-united-states-of-america","14":"tag-us","15":"tag-usa"},"share_on_mastodon":{"url":"https:\/\/pubeurope.com\/@fr\/114915650049760835","error":""},"_links":{"self":[{"href":"https:\/\/www.europesays.com\/fr\/wp-json\/wp\/v2\/posts\/273557","targetHints":{"allow":["GET"]}}],"collection":[{"href":"https:\/\/www.europesays.com\/fr\/wp-json\/wp\/v2\/posts"}],"about":[{"href":"https:\/\/www.europesays.com\/fr\/wp-json\/wp\/v2\/types\/post"}],"author":[{"embeddable":true,"href":"https:\/\/www.europesays.com\/fr\/wp-json\/wp\/v2\/users\/2"}],"replies":[{"embeddable":true,"href":"https:\/\/www.europesays.com\/fr\/wp-json\/wp\/v2\/comments?post=273557"}],"version-history":[{"count":0,"href":"https:\/\/www.europesays.com\/fr\/wp-json\/wp\/v2\/posts\/273557\/revisions"}],"wp:featuredmedia":[{"embeddable":true,"href":"https:\/\/www.europesays.com\/fr\/wp-json\/wp\/v2\/media\/273558"}],"wp:attachment":[{"href":"https:\/\/www.europesays.com\/fr\/wp-json\/wp\/v2\/media?parent=273557"}],"wp:term":[{"taxonomy":"category","embeddable":true,"href":"https:\/\/www.europesays.com\/fr\/wp-json\/wp\/v2\/categories?post=273557"},{"taxonomy":"post_tag","embeddable":true,"href":"https:\/\/www.europesays.com\/fr\/wp-json\/wp\/v2\/tags?post=273557"}],"curies":[{"name":"wp","href":"https:\/\/api.w.org\/{rel}","templated":true}]}}