{"id":273563,"date":"2025-07-25T20:02:15","date_gmt":"2025-07-25T20:02:15","guid":{"rendered":"https:\/\/www.europesays.com\/fr\/273563\/"},"modified":"2025-07-25T20:02:15","modified_gmt":"2025-07-25T20:02:15","slug":"le-meilleur-dici-leurope-saison-2024-2025","status":"publish","type":"post","link":"https:\/\/www.europesays.com\/fr\/273563\/","title":{"rendered":"Le meilleur d&rsquo;Ici l&rsquo;Europe saison 2024-2025"},"content":{"rendered":"<p><a class=\"m-item-image m-item-image--1x1 o-podcast-header__image\" href=\"https:\/\/www.rfi.fr\/fr\/podcasts\/ici-europe\/\" title=\"Ici l&#039;Europe\" data-article-item-link=\"\" aria-hidden=\"true\" tabindex=\"-1\" target=\"_blank\" rel=\"noopener\"><\/p>\n<p><img decoding=\"async\" fetchpriority=\"high\" src=\"https:\/\/www.europesays.com\/fr\/wp-content\/uploads\/2025\/05\/carre-3000-ici-l-europe-1.jpg\"   width=\"480\" height=\"480\" alt=\"Caroline de Camaret.\" loading=\"eager\" class=\"a-img \"\/><br \/>\n                                <\/a>                <\/p>\n<p class=\"t-content__chapo\">\n                                                Tout au long de la saison, nous avons re\u00e7u des personnalit\u00e9s europ\u00e9ennes de haut rang : pr\u00e9sidents du conseil europ\u00e9en, commissaires, pr\u00e9sidents, Premiers ministres ou ministres, venant de toute l&rsquo;Union europ\u00e9enne, pour une saison marqu\u00e9e par la guerre en Ukraine qui s&rsquo;\u00e9ternise, le conflit \u00e0 Gaza, alors que les 27 s&rsquo;interrogent sur une d\u00e9fense commune. Nous vous proposons de revenir ici\u00a0sur les temps forts de ces interviews.                    <\/p>\n<p><img decoding=\"async\" fetchpriority=\"low\" src=\"https:\/\/www.europesays.com\/fr\/wp-content\/uploads\/2025\/07\/PHOTO-ICI-L-EUROPE-BEST-OF.jpg\"   width=\"1024\" height=\"576\" alt=\"Caroline de Camaret pr\u00e9sente l'\u00e9mission Ici l'Europe.\" loading=\"eager\" class=\"a-img \"\/><\/p>\n<p>                Caroline de Camaret pr\u00e9sente l&rsquo;\u00e9mission Ici l&rsquo;Europe.                \u00a9 France 24            <\/p>\n","protected":false},"excerpt":{"rendered":"Tout au long de la saison, nous avons re\u00e7u des personnalit\u00e9s europ\u00e9ennes de haut rang : pr\u00e9sidents du&hellip;\n","protected":false},"author":2,"featured_media":273564,"comment_status":"","ping_status":"","sticky":false,"template":"","format":"standard","meta":{"footnotes":""},"categories":[1586],"tags":[11,1777,674,1011,27,7248,12,25,364],"class_list":{"0":"post-273563","1":"post","2":"type-post","3":"status-publish","4":"format-standard","5":"has-post-thumbnail","7":"category-europe","8":"tag-actualites","9":"tag-eu","10":"tag-europe","11":"tag-fr","12":"tag-france","13":"tag-ici-leurope","14":"tag-news","15":"tag-republique-francaise","16":"tag-union-europeenne"},"share_on_mastodon":{"url":"https:\/\/pubeurope.com\/@fr\/114915661882183808","error":""},"_links":{"self":[{"href":"https:\/\/www.europesays.com\/fr\/wp-json\/wp\/v2\/posts\/273563","targetHints":{"allow":["GET"]}}],"collection":[{"href":"https:\/\/www.europesays.com\/fr\/wp-json\/wp\/v2\/posts"}],"about":[{"href":"https:\/\/www.europesays.com\/fr\/wp-json\/wp\/v2\/types\/post"}],"author":[{"embeddable":true,"href":"https:\/\/www.europesays.com\/fr\/wp-json\/wp\/v2\/users\/2"}],"replies":[{"embeddable":true,"href":"https:\/\/www.europesays.com\/fr\/wp-json\/wp\/v2\/comments?post=273563"}],"version-history":[{"count":0,"href":"https:\/\/www.europesays.com\/fr\/wp-json\/wp\/v2\/posts\/273563\/revisions"}],"wp:featuredmedia":[{"embeddable":true,"href":"https:\/\/www.europesays.com\/fr\/wp-json\/wp\/v2\/media\/273564"}],"wp:attachment":[{"href":"https:\/\/www.europesays.com\/fr\/wp-json\/wp\/v2\/media?parent=273563"}],"wp:term":[{"taxonomy":"category","embeddable":true,"href":"https:\/\/www.europesays.com\/fr\/wp-json\/wp\/v2\/categories?post=273563"},{"taxonomy":"post_tag","embeddable":true,"href":"https:\/\/www.europesays.com\/fr\/wp-json\/wp\/v2\/tags?post=273563"}],"curies":[{"name":"wp","href":"https:\/\/api.w.org\/{rel}","templated":true}]}}