{"id":27357,"date":"2025-04-15T19:33:29","date_gmt":"2025-04-15T19:33:29","guid":{"rendered":"https:\/\/www.europesays.com\/fr\/27357\/"},"modified":"2025-04-15T19:33:29","modified_gmt":"2025-04-15T19:33:29","slug":"10-adresses-pour-trouver-les-meilleurs-chocolats-de-paques","status":"publish","type":"post","link":"https:\/\/www.europesays.com\/fr\/27357\/","title":{"rendered":"10 adresses pour trouver les meilleurs chocolats de P\u00e2ques"},"content":{"rendered":"<p><strong>Cette ann\u00e9e, P\u00e2ques tombe le 20 avril : pour f\u00eater dignement, on a trouv\u00e9 10 adresses strasbourgeoises qui proposent des p\u00e9pites \u00e0 se mettre sous la dent. Des \u0153ufs aux traditionnels (ou non) lapins, on a fait le tour des gourmandises les plus originales de la saison. Vous nous suivez ?<\/strong><\/p>\n<p><strong>\u0152ufs en nid d\u2019abeille, coffrets pralin\u00e9s, moulages artistiques, animaux coquins et cr\u00e9atures \u00e0 croquer\u00a0:<\/strong> cette ann\u00e9e encore, les chocolatiers\/\u00e8res strasbourgeois(es) ont redoubl\u00e9 d\u2019imagination pour r\u00e9galer tant nos yeux que nos papilles. On vous montre tout \u00e7a !<\/p>\n<p>                <img width=\"375\" height=\"500\" src=\"https:\/\/www.europesays.com\/fr\/wp-content\/uploads\/2025\/04\/les-secrets-du-chocolat-2025-avant-travaux-atelier-musee-img-7273-375x500.jpeg\" class=\"attachment-gallery size-gallery\" alt=\"les secrets du chocolat 2025 avant travaux atelier mus\u00e9e IMG_7273\" data-full-url=\"https:\/\/pokaa.fr\/wp-content\/uploads\/2025\/03\/05\/les-secrets-du-chocolat-2025-avant-travaux-atelier-musee-img-7273.jpeg\" decoding=\"async\" loading=\"lazy\"  \/>            <\/p>\n<p>                <img width=\"375\" height=\"500\" src=\"https:\/\/www.europesays.com\/fr\/wp-content\/uploads\/2025\/04\/img-4051-375x500.jpeg\" class=\"attachment-gallery size-gallery\" alt=\"cath\u00e9drale\" data-full-url=\"https:\/\/pokaa.fr\/wp-content\/uploads\/2025\/03\/06\/img-4051.jpeg\" decoding=\"async\" loading=\"lazy\"  \/>            <\/p>\n<p>                    1. \u00a9 Bastien Pietronave \/ Pokaa ; 2. \u00a9 Anthony Jilli \/ Pokaa<\/p>\n<p>\u0152ufs graphiques et pi\u00e8ces d\u00e9licates<br \/>\nUn go\u00fbt d\u2019ailleurs chez Chocolat Weiss<\/p>\n<p>Cette ann\u00e9e,<strong> ce sont chez les Mayas que Chocolat Weiss nous fait voyager. <\/strong>En version lait ou noir, leur \u0153uf aux motifs azt\u00e8ques, garni de friture, ravira tant les palais que les yeux.<\/p>\n<p style=\"text-align: center;\"><strong>7 rue des Orf\u00e8vres, \u00e0 Strasbourg<\/strong><br \/><a href=\"https:\/\/www.chocolat-weiss.fr\/fr\/\" target=\"_blank\" rel=\"noopener\">Le site web<\/a> \/ <a href=\"https:\/\/www.instagram.com\/chocolatweiss\/?hl=fr\" target=\"_blank\" rel=\"noopener\">La page Instagram\u00a0<\/a><br \/>03 88 10 11 92<\/p>\n<p>                <img width=\"501\" height=\"500\" src=\"https:\/\/www.europesays.com\/fr\/wp-content\/uploads\/2025\/04\/chocolat-weiss-oeuf-de-paques-501x500.png\" class=\"attachment-gallery size-gallery\" alt=\"Chocolat Weiss oeuf de P\u00e2ques\" data-full-url=\"https:\/\/pokaa.fr\/wp-content\/uploads\/2025\/04\/13\/chocolat-weiss-oeuf-de-paques.png\" decoding=\"async\" loading=\"lazy\"  \/>            <\/p>\n<p>                <img width=\"535\" height=\"500\" src=\"https:\/\/www.europesays.com\/fr\/wp-content\/uploads\/2025\/04\/chocolat-weiss-oeuf-de-paques-2-535x500.png\" class=\"attachment-gallery size-gallery\" alt=\"Chocolat Weiss Oeuf de P\u00e2ques (2)\" data-full-url=\"https:\/\/pokaa.fr\/wp-content\/uploads\/2025\/04\/13\/chocolat-weiss-oeuf-de-paques-2.png\" decoding=\"async\" loading=\"lazy\"  \/>            <\/p>\n<p>                    \u00a9 Chocolat Weiss \/ Captures d&rsquo;\u00e9cran<\/p>\n<p>Les \u0153ufs raffin\u00e9s de Daniel Stoffel<\/p>\n<p>On peut bien s\u00fbr toujours compter sur <strong>Daniel Stoffel<\/strong> pour trouver de quoi nous r\u00e9galer. Cette ann\u00e9e, on craque sur <strong>les \u0153ufs Signature, Prestige ou D\u00e9lice<\/strong>\u00a0: il y en a pour tous les go\u00fbts, entre jolies d\u00e9coupes et d\u00e9cors en fruits secs. On louche aussi sur <strong>le lapin Croc\u2019carotte<\/strong>, qui risque de se faire d\u00e9vorer avant d\u2019avoir pu go\u00fbter \u00e0 sa pr\u00e9cieuse\u2026<\/p>\n<p style=\"text-align: center;\"><strong>6 boulevard des Enseignes, 67116 Reichstett<\/strong><br \/><a href=\"https:\/\/www.daniel-stoffel.fr\/\" target=\"_blank\" rel=\"noopener\">Le site web<\/a> \/\u00a0<a href=\"https:\/\/www.facebook.com\/ChocolaterieDanielStoffel\/?locale=fr_FR\" target=\"_blank\" rel=\"noopener\">La page Facebook<\/a><br \/>03 67 34 63 36<\/p>\n<p>                <img width=\"512\" height=\"500\" src=\"https:\/\/www.europesays.com\/fr\/wp-content\/uploads\/2025\/04\/daniel-stoeffel-lapin-de-paques-oeufs-de-paques-4-512x500.png\" class=\"attachment-gallery size-gallery\" alt=\"Daniel Stoffel lapin de p\u00e2ques oeufs de p\u00e2ques (4)\" data-full-url=\"https:\/\/pokaa.fr\/wp-content\/uploads\/2025\/04\/13\/daniel-stoeffel-lapin-de-paques-oeufs-de-paques-4.png\" decoding=\"async\" loading=\"lazy\"  \/>            <\/p>\n<p>                <img width=\"473\" height=\"500\" src=\"https:\/\/www.europesays.com\/fr\/wp-content\/uploads\/2025\/04\/daniel-stoeffel-lapin-de-paques-oeufs-de-paques-3-473x500.png\" class=\"attachment-gallery size-gallery\" alt=\"Daniel Stoffel lapin de p\u00e2ques oeufs de p\u00e2ques (3)\" data-full-url=\"https:\/\/pokaa.fr\/wp-content\/uploads\/2025\/04\/13\/daniel-stoeffel-lapin-de-paques-oeufs-de-paques-3.png\" decoding=\"async\" loading=\"lazy\"  \/>            <\/p>\n<p>                <img width=\"471\" height=\"500\" src=\"https:\/\/www.europesays.com\/fr\/wp-content\/uploads\/2025\/04\/daniel-stoeffel-lapin-de-paques-oeufs-de-paques-2-471x500.png\" class=\"attachment-gallery size-gallery\" alt=\"Daniel Stoffel lapin de p\u00e2ques oeufs de p\u00e2ques (2)\" data-full-url=\"https:\/\/pokaa.fr\/wp-content\/uploads\/2025\/04\/13\/daniel-stoeffel-lapin-de-paques-oeufs-de-paques-2.png\" decoding=\"async\" loading=\"lazy\"  \/>            <\/p>\n<p>                <img width=\"601\" height=\"500\" src=\"https:\/\/www.europesays.com\/fr\/wp-content\/uploads\/2025\/04\/daniel-stoeffel-lapin-de-paques-oeufs-de-paques-1-601x500.png\" class=\"attachment-gallery size-gallery\" alt=\"Daniel Stoffel lapin de p\u00e2ques oeufs de p\u00e2ques (1)\" data-full-url=\"https:\/\/pokaa.fr\/wp-content\/uploads\/2025\/04\/13\/daniel-stoeffel-lapin-de-paques-oeufs-de-paques-1.png\" decoding=\"async\" loading=\"lazy\"  \/>            <\/p>\n<p>                    \u00a9 Daniel Stoffel \/ Captures d&rsquo;\u00e9cran<\/p>\n<p>Des paniers gourmands et \u00e9l\u00e9gants chez Jacques Bockel<\/p>\n<p>Chez <strong>Jacques Bockel<\/strong>, on craque pour <strong>le coffret aux \u0153ufs d\u00e9licats<\/strong>, \u00e0 base de colorants naturels. L\u2019assortiment est con\u00e7u avec <strong>les meilleurs pralin\u00e9s<\/strong> de la boutique : pour des petites bouch\u00e9es aussi gourmandes que d\u00e9licates, on fonce !<\/p>\n<p style=\"text-align: center;\"><strong>10 rue du Vieux-March\u00e9-aux-Poissons, \u00e0 Strasbourg<\/strong><br \/><a href=\"https:\/\/www.chocolats.alsace\/\" target=\"_blank\" rel=\"noopener\">Le site web<\/a>\u00a0\/\u00a0<a href=\"https:\/\/www.facebook.com\/chocolateriejacquesbockel\/?locale=fr_FR\" target=\"_blank\" rel=\"noopener\">La page Facebook<\/a>\u00a0\/\u00a0<a href=\"https:\/\/www.instagram.com\/jacquesbockel_officiel\/?hl=fr\" target=\"_blank\" rel=\"noopener\">La page Instagram<\/a><br \/>03 90 22 17 47<\/p>\n<p>    <img width=\"600\" height=\"508\" src=\"https:\/\/www.europesays.com\/fr\/wp-content\/uploads\/2025\/04\/jacques-bockel-chocolat-oeuf-de-paques-600x508.png\" class=\"attachment-image-size-M size-image-size-M\" alt=\"Jacques Bockel chocolat oeuf de p\u00e2ques\" decoding=\"async\" loading=\"lazy\"  \/>         \u00a9 Jacques Bockel \/ Capture d&rsquo;\u00e9cran <\/p>\n<p>Les abeilles des fr\u00e8res Henner f\u00eatent le printemps <\/p>\n<p>Dans la famille des \u0153ufs pas comme les autres, on demande <strong>ceux des fr\u00e8res Henner : cette ann\u00e9e, les abeilles sont mises \u00e0 l\u2019honneur<\/strong> \u00e0 travers des \u0153ufs graphiques et remplis de nombreuses joyeuset\u00e9s.<\/p>\n<p style=\"text-align: center;\"><strong>55 rue Boecklin, \u00e0 Strasbourg<\/strong><br \/><a href=\"https:\/\/www.henner-freres.fr\/\" target=\"_blank\" rel=\"noopener\">Le site web<\/a>\u00a0\/\u00a0<a href=\"https:\/\/www.facebook.com\/henner.freres\" target=\"_blank\" rel=\"noopener\">La page Facebook<\/a>\u00a0\/\u00a0<a href=\"https:\/\/www.instagram.com\/hennerfreres\/\" target=\"_blank\" rel=\"noopener\">La page Instagram<\/a><br \/>03 88 66 41 21<\/p>\n<p>                <img width=\"445\" height=\"500\" src=\"https:\/\/www.europesays.com\/fr\/wp-content\/uploads\/2025\/04\/freres-henner-chocolat-oeuf-de-paques-4-445x500.png\" class=\"attachment-gallery size-gallery\" alt=\"Fr\u00e8res Henner chocolat oeuf de p\u00e2ques (4)\" data-full-url=\"https:\/\/pokaa.fr\/wp-content\/uploads\/2025\/04\/13\/freres-henner-chocolat-oeuf-de-paques-4.png\" decoding=\"async\" loading=\"lazy\"  \/>            <\/p>\n<p>                <img width=\"495\" height=\"500\" src=\"https:\/\/www.europesays.com\/fr\/wp-content\/uploads\/2025\/04\/freres-henner-chocolat-oeuf-de-paques-3-495x500.png\" class=\"attachment-gallery size-gallery\" alt=\"Fr\u00e8res Henner chocolat oeuf de p\u00e2ques (3)\" data-full-url=\"https:\/\/pokaa.fr\/wp-content\/uploads\/2025\/04\/13\/freres-henner-chocolat-oeuf-de-paques-3.png\" decoding=\"async\" loading=\"lazy\"  \/>            <\/p>\n<p>                <img width=\"589\" height=\"500\" src=\"https:\/\/www.europesays.com\/fr\/wp-content\/uploads\/2025\/04\/freres-henner-chocolat-oeuf-de-paques-2-589x500.png\" class=\"attachment-gallery size-gallery\" alt=\"Fr\u00e8res Henner chocolat oeuf de p\u00e2ques (2)\" data-full-url=\"https:\/\/pokaa.fr\/wp-content\/uploads\/2025\/04\/13\/freres-henner-chocolat-oeuf-de-paques-2.png\" decoding=\"async\" loading=\"lazy\"  \/>            <\/p>\n<p>                <img width=\"444\" height=\"500\" src=\"https:\/\/www.europesays.com\/fr\/wp-content\/uploads\/2025\/04\/freres-henner-chocolat-oeuf-de-paques-1-444x500.png\" class=\"attachment-gallery size-gallery\" alt=\"Fr\u00e8res Henner chocolat oeuf de p\u00e2ques (1)\" data-full-url=\"https:\/\/pokaa.fr\/wp-content\/uploads\/2025\/04\/13\/freres-henner-chocolat-oeuf-de-paques-1.png\" decoding=\"async\" loading=\"lazy\"  \/>            <\/p>\n<p>                    \u00a9 Fr\u00e8res Henner \/ Captures d&rsquo;\u00e9cran<\/p>\n<p>De la savane aux oc\u00e9ans : le lapin ne d\u00e9barque pas seul<br \/>\nUne f\u00eate de P\u00e2ques rugissante chez la P\u00e2tisserie Kautzmann<\/p>\n<p>Envie de f\u00eater un peu plus sauvagement ? C\u2019est l\u2019occasion de <strong>tenter les Lions de P\u00e2ques de la P\u00e2tisserie Kautzmann. <\/strong>Et ne vous fiez pas \u00e0 leur air innocent : ils sauront vous conqu\u00e9rir en deux temps trois mouvements.<\/p>\n<p style=\"text-align: center;\"><strong>2 rue du Noyer, \u00e0 Strasbourg<\/strong><br \/><a href=\"https:\/\/www.patisseriekautzmann.com\/\" target=\"_blank\" rel=\"noopener\">Le site web<\/a>\u00a0\/\u00a0<a href=\"https:\/\/www.facebook.com\/patisseriekautzmann\/\" target=\"_blank\" rel=\"noopener\">La page Facebook<\/a>\u00a0\u00a0\/\u00a0<a href=\"https:\/\/www.instagram.com\/patisseriekautzmann\/?hl=fr\" target=\"_blank\" rel=\"noopener\">La page Instagram<\/a><br \/>03 88 36 58 58<\/p>\n<p>                <img width=\"514\" height=\"500\" src=\"https:\/\/www.europesays.com\/fr\/wp-content\/uploads\/2025\/04\/patisserie-kautzmann-lion-de-paques-chocolat-2-514x500.png\" class=\"attachment-gallery size-gallery\" alt=\"P\u00e2tisserie Kautzmann Lion de P\u00e2ques chocolat (2)\" data-full-url=\"https:\/\/pokaa.fr\/wp-content\/uploads\/2025\/04\/13\/patisserie-kautzmann-lion-de-paques-chocolat-2.png\" decoding=\"async\" loading=\"lazy\"  \/>            <\/p>\n<p>                <img width=\"545\" height=\"500\" src=\"https:\/\/www.europesays.com\/fr\/wp-content\/uploads\/2025\/04\/patisserie-kautzmann-lion-de-paques-chocolat-1-545x500.png\" class=\"attachment-gallery size-gallery\" alt=\"P\u00e2tisserie Kautzmann Lion de P\u00e2ques chocolat (1)\" data-full-url=\"https:\/\/pokaa.fr\/wp-content\/uploads\/2025\/04\/13\/patisserie-kautzmann-lion-de-paques-chocolat-1.png\" decoding=\"async\" loading=\"lazy\"  \/>            <\/p>\n<p>                    \u00a9 P\u00e2tisserie Kautzmann \/ Captures d&rsquo;\u00e9cran<\/p>\n<p>Un voyage cacaot\u00e9 avec Chocolat Noisette<\/p>\n<p>Cette ann\u00e9e, <strong>Chocolat Noisette revient avec ses traditionnelles fritures,<\/strong> qui nous font un peu r\u00eaver d\u2019ailleurs et ensoleillent nos papilles. <strong>Sardines color\u00e9es, poissons-lune et crustac\u00e9s<\/strong> n\u2019attendent que vous\u00a0!<\/p>\n<p style=\"text-align: center;\"><strong>18 rue du Faubourg-de-Pierre, \u00e0 Strasbourg<\/strong><br \/><a href=\"https:\/\/www.chocolat-noisette.fr\/\" target=\"_blank\" rel=\"noopener\">Le site web<\/a>\u00a0\/\u00a0<a href=\"https:\/\/www.facebook.com\/chocolatnoisette\/\" target=\"_blank\" rel=\"noopener\">La page Facebook<\/a>\u00a0\/\u00a0<a href=\"https:\/\/www.instagram.com\/choco_noisette2019\/\" target=\"_blank\" rel=\"noopener\">La page Instagram<\/a><br \/>03 88 22 62 38<\/p>\n<p>                <img width=\"481\" height=\"500\" src=\"https:\/\/www.europesays.com\/fr\/wp-content\/uploads\/2025\/04\/chocolat-noisette-paques-2-481x500.png\" class=\"attachment-gallery size-gallery\" alt=\"Chocolat noisette p\u00e2ques (2)\" data-full-url=\"https:\/\/pokaa.fr\/wp-content\/uploads\/2024\/03\/13\/chocolat-noisette-paques-2.png\" decoding=\"async\" loading=\"lazy\"  \/>            <\/p>\n<p>                <img width=\"999\" height=\"500\" src=\"https:\/\/www.europesays.com\/fr\/wp-content\/uploads\/2025\/04\/chocolat-noisette-paques-1-999x500.png\" class=\"attachment-gallery size-gallery\" alt=\"Chocolat noisette p\u00e2ques (1)\" data-full-url=\"https:\/\/pokaa.fr\/wp-content\/uploads\/2024\/03\/13\/chocolat-noisette-paques-1-1500x751.png\" decoding=\"async\" loading=\"lazy\"  \/>            <\/p>\n<p>                    \u00a9 Chocolat Noisette \/ Captures d&rsquo;\u00e9cran<\/p>\n<p>Ricky le raton laveur, de chez Cacao Exp\u00e9rience, se joint aux festivit\u00e9s<\/p>\n<p>Pour continuer du c\u00f4t\u00e9 des animaux mignons, on craque pour <strong>la mascotte de P\u00e2ques chez Cacao Exp\u00e9rience, dans leur boutique Miel et Chocolat : l\u2019illustre Ricky le raton laveur<\/strong>, aussi adorable que savoureux.<\/p>\n<p style=\"text-align: center;\"><strong>14 rue de la Division-Leclerc, \u00e0 Strasbourg<br \/><a href=\"https:\/\/cacaoexperience.fr\/\" target=\"_blank\" rel=\"noopener\">Le site web<\/a>\u00a0\/\u00a0<a href=\"https:\/\/www.facebook.com\/cacaoexperience.chocolaterie\/\" target=\"_blank\" rel=\"noopener\">La page Facebook<\/a><br \/><\/strong>09 87 74 96 11<\/p>\n<p>                <img width=\"432\" height=\"500\" src=\"https:\/\/www.europesays.com\/fr\/wp-content\/uploads\/2025\/04\/paques-cacao-experience-chocolat-ricky-le-raton-laveur-2-432x500.png\" class=\"attachment-gallery size-gallery\" alt=\"P\u00e2ques Cacao exp\u00e9rience chocolat ricky le raton laveur (2)\" data-full-url=\"https:\/\/pokaa.fr\/wp-content\/uploads\/2025\/04\/13\/paques-cacao-experience-chocolat-ricky-le-raton-laveur-2.png\" decoding=\"async\" loading=\"lazy\"  \/>            <\/p>\n<p>                <img width=\"358\" height=\"500\" src=\"https:\/\/www.europesays.com\/fr\/wp-content\/uploads\/2025\/04\/paques-cacao-experience-chocolat-ricky-le-raton-laveur-1-358x500.png\" class=\"attachment-gallery size-gallery\" alt=\"P\u00e2ques Cacao exp\u00e9rience chocolat ricky le raton laveur (1)\" data-full-url=\"https:\/\/pokaa.fr\/wp-content\/uploads\/2025\/04\/13\/paques-cacao-experience-chocolat-ricky-le-raton-laveur-1.png\" decoding=\"async\" loading=\"lazy\"  \/>            <\/p>\n<p>                    \u00a9 Cacao Exp\u00e9rience \/ Captures d&rsquo;\u00e9cran<\/p>\n<p>Chez Christian, les chocolats font \u00ab cui-cui \u00bb<\/p>\n<p>Toujours pour chanter l\u2019arriv\u00e9e du printemps, on peut retrouver de <strong>d\u00e9licieux rouges-gorges <\/strong>chez <strong>Christian<\/strong>, pour faire danser le c\u0153ur des enfants et des adultes.<\/p>\n<p style=\"text-align: center;\"><strong>10 rue Merci\u00e8re, \u00e0 Strasbourg<\/strong><br \/><a href=\"https:\/\/christian.fr\/\" target=\"_blank\" rel=\"noopener\">Le site web<\/a>\u00a0\/\u00a0<a href=\"https:\/\/www.facebook.com\/PatisserieChristianStrasbourg\/\" target=\"_blank\" rel=\"noopener\">La page Facebook<\/a>\u00a0\/\u00a0<a href=\"https:\/\/www.instagram.com\/patisseriechristian\/\" target=\"_blank\" rel=\"noopener\">La page Instagram<\/a><br \/>03 88 22 12 70<\/p>\n<p>                <img width=\"496\" height=\"500\" src=\"https:\/\/www.europesays.com\/fr\/wp-content\/uploads\/2025\/04\/christian-chocolat-paques-1-496x500.png\" class=\"attachment-gallery size-gallery\" alt=\"Christian chocolat p\u00e2ques (1)\" data-full-url=\"https:\/\/pokaa.fr\/wp-content\/uploads\/2025\/04\/13\/christian-chocolat-paques-1.png\" decoding=\"async\" loading=\"lazy\"  \/>            <\/p>\n<p>                <img width=\"498\" height=\"500\" src=\"https:\/\/www.europesays.com\/fr\/wp-content\/uploads\/2025\/04\/christian-chocolat-paques-2-498x500.png\" class=\"attachment-gallery size-gallery\" alt=\"Christian chocolat p\u00e2ques (2)\" data-full-url=\"https:\/\/pokaa.fr\/wp-content\/uploads\/2025\/04\/13\/christian-chocolat-paques-2.png\" decoding=\"async\" loading=\"lazy\"  \/>            <\/p>\n<p>                    \u00a9 Christian \/ Captures d&rsquo;\u00e9cran<\/p>\n<p>Amande &amp; Cannelle, et toute leur tribu<\/p>\n<p><strong>Gaston le h\u00e9risson, Volter le hamster, Chimpeuil l\u2019\u00e9cureuil ou encore Huguette la chouette<\/strong>\u00a0: chez <strong>Amande &amp; Cannelle<\/strong>, le lapin d\u00e9barque avec ses potos !<\/p>\n<p style=\"text-align: center;\"><strong>8 rue du Travail, \u00e0 Strasbourg<\/strong><br \/><a href=\"https:\/\/www.amandecannelle.fr\/\" target=\"_blank\" rel=\"noopener\">Le site web<\/a>\u00a0\/\u00a0<a href=\"https:\/\/www.facebook.com\/AmandeCannelle\/\" target=\"_blank\" rel=\"noopener\">La page Facebook<\/a>\u00a0\/\u00a0<a href=\"https:\/\/www.instagram.com\/amandecannelle\/\" target=\"_blank\" rel=\"noopener\">La page Instagram<\/a><br \/>03 88 22 08 21<\/p>\n<p>                <img width=\"412\" height=\"500\" src=\"https:\/\/www.europesays.com\/fr\/wp-content\/uploads\/2025\/04\/amandecannelle-chocolat-paques-2-412x500.png\" class=\"attachment-gallery size-gallery\" alt=\"Amande&amp;cannelle chocolat p\u00e2ques (2)\" data-full-url=\"https:\/\/pokaa.fr\/wp-content\/uploads\/2025\/04\/13\/amandecannelle-chocolat-paques-2.png\" decoding=\"async\" loading=\"lazy\"  \/>            <\/p>\n<p>                <img width=\"392\" height=\"500\" src=\"https:\/\/www.europesays.com\/fr\/wp-content\/uploads\/2025\/04\/amandecannelle-chocolat-paques-3-392x500.png\" class=\"attachment-gallery size-gallery\" alt=\"Amande&amp;cannelle chocolat p\u00e2ques (3)\" data-full-url=\"https:\/\/pokaa.fr\/wp-content\/uploads\/2025\/04\/13\/amandecannelle-chocolat-paques-3.png\" decoding=\"async\" loading=\"lazy\"  \/>            <\/p>\n<p>                <img width=\"401\" height=\"500\" src=\"https:\/\/www.europesays.com\/fr\/wp-content\/uploads\/2025\/04\/amandecannelle-chocolat-paques-4-401x500.png\" class=\"attachment-gallery size-gallery\" alt=\"Amande&amp;cannelle chocolat p\u00e2ques (4)\" data-full-url=\"https:\/\/pokaa.fr\/wp-content\/uploads\/2025\/04\/13\/amandecannelle-chocolat-paques-4.png\" decoding=\"async\" loading=\"lazy\"  \/>            <\/p>\n<p>                <img width=\"433\" height=\"500\" src=\"https:\/\/www.europesays.com\/fr\/wp-content\/uploads\/2025\/04\/amandecannelle-chocolat-paques-1-433x500.png\" class=\"attachment-gallery size-gallery\" alt=\"Amande&amp;cannelle chocolat p\u00e2ques (1)\" data-full-url=\"https:\/\/pokaa.fr\/wp-content\/uploads\/2025\/04\/13\/amandecannelle-chocolat-paques-1.png\" decoding=\"async\" loading=\"lazy\"  \/>            <\/p>\n<p>                    \u00a9 Amande &amp; Cannelle \/ Captures d&rsquo;\u00e9cran<\/p>\n<p>Cerise sur le lapin&#8230;<br \/>\nDes peluches en chocolat chez Erithaj ? <\/p>\n<p>Mais qui est <strong>ce\u00a0lapin plus vrai que nature qui pointe le bout de son nez chez Erithaj\u00a0?<\/strong> Non, ce n\u2019est pas une bestiole \u00e0 cajoler, mais bien <strong>une \u0153uvre d\u2019art \u00e0 manger<\/strong> \u2013 presqu\u2019\u00e0 contre-c\u0153ur tant l\u2019effet d\u00e9coratif est \u00e0 couper le souffle\u00a0!<\/p>\n<p style=\"text-align: center;\"><strong>6 rue Br\u00fbl\u00e9e, \u00e0 Strasbourg \/ 34 rue du G\u00e9n\u00e9ral-Leclerc, \u00e0 Plobsheim<\/strong><br \/><a href=\"https:\/\/erithajchocolat.com\/\" target=\"_blank\" rel=\"noopener\">Le site web<\/a>\u00a0\/\u00a0<a href=\"https:\/\/www.facebook.com\/ERITHAJ\/\" target=\"_blank\" rel=\"noopener\">La page Facebook<\/a>\u00a0\/\u00a0<a href=\"https:\/\/www.instagram.com\/erithajchocolat\/\" target=\"_blank\" rel=\"noopener\">La page Instagram<\/a><br \/>03 69 57 68 19<\/p>\n<p>                <img width=\"473\" height=\"500\" src=\"https:\/\/www.europesays.com\/fr\/wp-content\/uploads\/2025\/04\/erithaj-chocolat-lapin-de-paques-3-473x500.png\" class=\"attachment-gallery size-gallery\" alt=\"Erithaj chocolat lapin de p\u00e2ques (3)\" data-full-url=\"https:\/\/pokaa.fr\/wp-content\/uploads\/2025\/04\/13\/erithaj-chocolat-lapin-de-paques-3.png\" decoding=\"async\" loading=\"lazy\"  \/>            <\/p>\n<p>                <img width=\"474\" height=\"500\" src=\"https:\/\/www.europesays.com\/fr\/wp-content\/uploads\/2025\/04\/erithaj-chocolat-lapin-de-paques-2-474x500.png\" class=\"attachment-gallery size-gallery\" alt=\"Erithaj chocolat lapin de p\u00e2ques (2)\" data-full-url=\"https:\/\/pokaa.fr\/wp-content\/uploads\/2025\/04\/13\/erithaj-chocolat-lapin-de-paques-2.png\" decoding=\"async\" loading=\"lazy\"  \/>            <\/p>\n<p>                <img width=\"331\" height=\"500\" src=\"https:\/\/www.europesays.com\/fr\/wp-content\/uploads\/2025\/04\/erithaj-chocolat-lapin-de-paques-1-331x500.png\" class=\"attachment-gallery size-gallery\" alt=\"Erithaj chocolat lapin de p\u00e2ques (1)\" data-full-url=\"https:\/\/pokaa.fr\/wp-content\/uploads\/2025\/04\/13\/erithaj-chocolat-lapin-de-paques-1.png\" decoding=\"async\" loading=\"lazy\"  \/>            <\/p>\n<p>                    \u00a9 Erithaj \/ Captures d&rsquo;\u00e9cran<\/p>\n<p><script async src=\"\/\/www.instagram.com\/embed.js\"><\/script><\/p>\n","protected":false},"excerpt":{"rendered":"Cette ann\u00e9e, P\u00e2ques tombe le 20 avril : pour f\u00eater dignement, on a trouv\u00e9 10 adresses strasbourgeoises qui&hellip;\n","protected":false},"author":2,"featured_media":27358,"comment_status":"","ping_status":"","sticky":false,"template":"","format":"standard","meta":{"footnotes":""},"categories":[2820],"tags":[1111,11,7334,9623,1777,674,1011,27,775,12,4769,25,640],"class_list":{"0":"post-27357","1":"post","2":"type-post","3":"status-publish","4":"format-standard","5":"has-post-thumbnail","7":"category-strasbourg","8":"tag-actu","9":"tag-actualites","10":"tag-chocolat","11":"tag-chocolaterie","12":"tag-eu","13":"tag-europe","14":"tag-fr","15":"tag-france","16":"tag-grand-est","17":"tag-news","18":"tag-paques","19":"tag-republique-francaise","20":"tag-strasbourg"},"share_on_mastodon":{"url":"https:\/\/pubeurope.com\/@fr\/114343654794087160","error":""},"_links":{"self":[{"href":"https:\/\/www.europesays.com\/fr\/wp-json\/wp\/v2\/posts\/27357","targetHints":{"allow":["GET"]}}],"collection":[{"href":"https:\/\/www.europesays.com\/fr\/wp-json\/wp\/v2\/posts"}],"about":[{"href":"https:\/\/www.europesays.com\/fr\/wp-json\/wp\/v2\/types\/post"}],"author":[{"embeddable":true,"href":"https:\/\/www.europesays.com\/fr\/wp-json\/wp\/v2\/users\/2"}],"replies":[{"embeddable":true,"href":"https:\/\/www.europesays.com\/fr\/wp-json\/wp\/v2\/comments?post=27357"}],"version-history":[{"count":0,"href":"https:\/\/www.europesays.com\/fr\/wp-json\/wp\/v2\/posts\/27357\/revisions"}],"wp:featuredmedia":[{"embeddable":true,"href":"https:\/\/www.europesays.com\/fr\/wp-json\/wp\/v2\/media\/27358"}],"wp:attachment":[{"href":"https:\/\/www.europesays.com\/fr\/wp-json\/wp\/v2\/media?parent=27357"}],"wp:term":[{"taxonomy":"category","embeddable":true,"href":"https:\/\/www.europesays.com\/fr\/wp-json\/wp\/v2\/categories?post=27357"},{"taxonomy":"post_tag","embeddable":true,"href":"https:\/\/www.europesays.com\/fr\/wp-json\/wp\/v2\/tags?post=27357"}],"curies":[{"name":"wp","href":"https:\/\/api.w.org\/{rel}","templated":true}]}}