{"id":273573,"date":"2025-07-25T20:07:24","date_gmt":"2025-07-25T20:07:24","guid":{"rendered":"https:\/\/www.europesays.com\/fr\/273573\/"},"modified":"2025-07-25T20:07:24","modified_gmt":"2025-07-25T20:07:24","slug":"victor-dubuisson-deja-en-tete-a-biarritz","status":"publish","type":"post","link":"https:\/\/www.europesays.com\/fr\/273573\/","title":{"rendered":"Victor Dubuisson d\u00e9j\u00e0 en t\u00eate \u00e0 Biarritz\u00a0!"},"content":{"rendered":"<p>\t\t\t\t\t\t<img width=\"770\" height=\"556\" src=\"https:\/\/www.europesays.com\/fr\/wp-content\/uploads\/2025\/07\/p1056333-770x556.jpg\" class=\"img-responsive wp-post-image\" alt=\"\" decoding=\"async\" fetchpriority=\"high\"  \/>\t\t\t\t\t<\/p>\n<p>\t\t\t\t\t\t Partager cet article <\/p>\n<p class=\"screen-reader-text juiz_sps_maybe_hidden_text\">Partager la publication \u00ab\u00a0Victor Dubuisson d\u00e9j\u00e0 en t\u00eate \u00e0 Biarritz\u00a0!\u00a0\u00bb<\/p>\n<p><strong>Tr\u00e8s propre ce vendredi en ouverture de la Biarritz Cup by C&amp;S Partners, Victor Dubuisson a pris les commandes du tournoi apr\u00e8s un excellent 62 (-7). Un score \u00e9gal\u00e9 par l\u2019amateur r\u00e9unionnais Rudy Sautron.<\/strong><\/p>\n<p>\t\t\t\t\t<a id=\"178032\" href=\"https:\/\/www.golfy.fr\/landing\/golf-planete-decouvrez-les-golfs-collections-du-reseau-golfy?utm_source=golf_planete&amp;utm_medium=display&amp;utm_campaign=golfs_collection_2025\" target=\"_blank\" rel=\"sponsorised nofollow noopener\"><img decoding=\"async\" src=\"data:image\/svg+xml,%3Csvg%20xmlns=\" http:=\"\" class=\"img-responsive\" alt=\"\" data-lazy-src=\"https:\/\/www.europesays.com\/fr\/wp-content\/uploads\/2025\/06\/golfy-e06-golfs-collection-france-ete-1170x275-1.jpg\"\/><\/a><\/p>\n<p><strong>N.C., \u00e0 Biarritz<\/strong><\/p>\n<p><strong>Victor Dubuisson<\/strong> n\u2019a rien perdu de sa splendeur\u00a0! Pr\u00e8s de deux ans apr\u00e8s son dernier tournoi, le Cannois a brill\u00e9 sur le trac\u00e9 du <strong>Golf de Biarritz Le Phare<\/strong> avec une carte de 62 (-7) pour le premier tour de la <strong>Biarritz Cup<\/strong>, sanctionn\u00e9e pour la premi\u00e8re fois par l\u2019<strong>Alps Tour<\/strong>.<\/p>\n<p>Apr\u00e8s un d\u00e9but de partie timide avec sept pars cons\u00e9cutifs, l\u2019ancien membre du <strong>DP World Tour<\/strong> a acc\u00e9l\u00e9r\u00e9 \u00e0 partir du 8 avec un premier birdie (le parcours ne se joue pas dans l\u2019ordre habituel). Il a ensuite fait r\u00eaver un public nombreux venu le suivre avec six nouveaux birdies sur le retour, dont quatre cons\u00e9cutifs entre le 12 et le 15. Son r\u00e9cital s\u2019est conclu avec un putt rentr\u00e9 de 15 m\u00e8tres au 18, sous les yeux de <strong>Martin Couvra <\/strong>et<strong> Alex Levy<\/strong>.<\/p>\n<p><a href=\"http:\/\/alpstourgolf.com\/reports?url=http%3A%2F%2Falps.ocs-ffg.com%2Ftic%2Ftmlsmon.cgi%3Ftourn%3DBTZC~season%3D2025~&amp;id=2025&amp;code=BTZC&amp;title=Live%20Scoring%20Monitor\" target=\"_blank\" rel=\"noopener nofollow\">Le classement complet<\/a><\/p>\n<p>\u00ab\u00a0Ce fut une excellente journ\u00e9e aujourd\u2019hui, s\u2019est satisfait le double vainqueur du <strong>Turkish Airlines Open<\/strong>. J\u2019ai bien commenc\u00e9 sur les premiers trous, m\u00eame si j\u2019ai rat\u00e9 quelques putts, mais je suis rest\u00e9 patient car je frappais tr\u00e8s bien la balle. J\u2019ai r\u00e9ussi deux bons birdies \u00e0 la fin, donc dans l\u2019ensemble, je suis satisfait de ma journ\u00e9e. Au 18, c\u2019\u00e9tait un putt parfait, et avec tous ceux que j\u2019ai rat\u00e9s aujourd\u2019hui, c\u2019\u00e9tait une excellente fa\u00e7on de terminer. \u00bb<\/p>\n<p>\t\t\t\t\t<a id=\"174987\" href=\"https:\/\/www.sudfrancegolf.com\/fr\/\" target=\"_blank\" rel=\"sponsorised nofollow noopener\"><img decoding=\"async\" src=\"data:image\/svg+xml,%3Csvg%20xmlns=\" http:=\"\" class=\"img-responsive\" alt=\"\" data-lazy-src=\"https:\/\/www.europesays.com\/fr\/wp-content\/uploads\/2025\/06\/giesudfrancegolf-e02-egolf-pass-2025-v2-1170x275-1.gif\"\/><\/a><\/p>\n<blockquote class=\"instagram-media\" style=\"background: #FFF; border: 0; border-radius: 3px; box-shadow: 0 0 1px 0 rgba(0,0,0,0.5),0 1px 10px 0 rgba(0,0,0,0.15); margin: 1px; max-width: 540px; min-width: 326px; padding: 0; width: calc(100% - 2px);\" data-instgrm-captioned=\"\" data-instgrm-permalink=\"https:\/\/www.instagram.com\/p\/DMihSlNoGYE\/?utm_source=ig_embed&amp;utm_campaign=loading\" data-instgrm-version=\"14\">\n<\/blockquote>\n<p>\t\t\t\t\t<a id=\"179385\" href=\"https:\/\/tickets.europeantour.com\/eut\/#\/c6906933-bb43-434b-a22d-0ae172a572d4\/shop\/custom-pack?fac=EUT&amp;locale=fr&amp;skin=pgaetodf&amp;utm_campaign=ODF&amp;utm_content=Ticketing&amp;utm_medium=Web&amp;utm_source=Partner&amp;utm_term=PavonGolfPlanete\" target=\"_blank\" rel=\"sponsorised nofollow noopener\"><img decoding=\"async\" src=\"data:image\/svg+xml,%3Csvg%20xmlns=\" http:=\"\" class=\"img-responsive\" alt=\"\" data-lazy-src=\"https:\/\/www.europesays.com\/fr\/wp-content\/uploads\/2025\/07\/opendefrance-e03-plateau-1407-1170x275-1.jpg\"\/><\/a><br \/>\nRudy Sautron sur sa lanc\u00e9e<\/p>\n<p>Un joueur a tenu la drag\u00e9e haute \u00e0 celui qui entra\u00eene et qui s\u2019entra\u00eene \u00e0 <strong>Abama Golf <\/strong>\u00e0 Tenerife : <strong>Rudy Sautron<\/strong>. L\u2019amateur, membre du <strong>Golf du Colorado <\/strong>\u00e0 la R\u00e9union, a termin\u00e9 son premier tour en beaut\u00e9 avec un eagle au 18, prenant le green en 1 de ce par 4 de 350 m\u00e8tres. Le joueur de l\u2019<strong>Universit\u00e9 du Nebraska<\/strong> confirme apr\u00e8s sa belle deuxi\u00e8me place au <strong>Grand Prix des Landes <\/strong>la semaine pass\u00e9e. \u00c0 noter qu\u2019il sera au d\u00e9part d\u00e9but ao\u00fbt du <strong>Pinnacle Bank Championship<\/strong>, comptant pour le <strong>Korn Ferry Tour<\/strong>.<\/p>\n<p>La meute est toute proche : ils sont six \u00e0 se partager la troisi\u00e8me place \u00e0 un coup de la t\u00eate. Dans ce groupe, on retrouve l\u2019amateur de la <strong>Whales Biarritz Academy<\/strong>, <strong>Louka Morin <\/strong>et<strong> Benjamin Kedochim<\/strong>. Ce dernier profite d\u2019une pause sur l\u2019<strong>Hotel Planner Tour<\/strong> pour disputer ce tournoi \u00e0 domicile.<\/p>\n<p><strong>Th\u00e9o Boulet<\/strong> (-5, 9e) suit dans le top 10. <strong>Augustin Hol\u00e9<\/strong> a tenu la pression dans la partie de Dubuisson avec son 65 (-4). Le membre de la <strong>C&amp;S Golf Team<\/strong> partage la treizi\u00e8me place avec <strong>Xavier Poncelet <\/strong>et les amateurs <strong>Romain Buttarazzi, Rodolphe Cicala <\/strong>et<strong> Paul Franquet<\/strong>.<\/p>\n<p>\t\t\t\t<img loading=\"lazy\" decoding=\"async\" src=\"data:image\/svg+xml,%3Csvg%20xmlns=\" http:=\"\" attributionsrc=\"\" border=\"0\" height=\"1\" width=\"1\" alt=\"Advertisement\" data-lazy-src=\"https:\/\/www.europesays.com\/fr\/wp-content\/uploads\/2025\/06\/B33661776.421948095;dc_trk_aid=614321628;dc_trk_cid=235413172;ord=[timestamp];dc_lat=;dc_rdid=;tag_f.gif\"\/><\/p>\n<p>\t\t\t\t\t<a id=\"174697\" href=\"https:\/\/ad.doubleclick.net\/ddm\/trackclk\/N6600.3770024GOLFPLANATE\/B33661776.421948095;dc_trk_aid=614321628;dc_trk_cid=235413172;dc_lat=;dc_rdid=;tag_for_child_directed_treatment=;tfua=;gdpr=${GDPR};gdpr_consent=${GDPR_CONSENT_755};ltd=;dc_tdv=1\" target=\"_blank\" rel=\"sponsorised nofollow noopener\"><img decoding=\"async\" src=\"data:image\/svg+xml,%3Csvg%20xmlns=\" http:=\"\" class=\"img-responsive\" alt=\"\" data-lazy-src=\"https:\/\/www.europesays.com\/fr\/wp-content\/uploads\/2025\/06\/amundi-e01-retraite-2506-1170x275-1.jpg\"\/><\/a><br \/>\nLe leaderboard<\/p>\n<p><img loading=\"lazy\" decoding=\"async\" class=\"alignnone size-image-largeur-770 wp-image-180862\" src=\"data:image\/svg+xml,%3Csvg%20xmlns=\" http:=\"\" alt=\"\" width=\"770\" height=\"425\" data-lazy- data-lazy- data-lazy-src=\"https:\/\/www.europesays.com\/fr\/wp-content\/uploads\/2025\/07\/capture-decran-2025-07-25-a-20.44.21-770x425.png\"\/><\/p>\n<p>\t\t\t\t\t<a id=\"178017\" href=\"https:\/\/www.formigolf.fr\/voyage-pays~jardin-de-tecina-4etoiles-la-gomera~75~canaries\" target=\"_blank\" rel=\"sponsorised nofollow noopener\"><img decoding=\"async\" src=\"data:image\/svg+xml,%3Csvg%20xmlns=\" http:=\"\" class=\"img-responsive\" alt=\"\" data-lazy-src=\"https:\/\/www.europesays.com\/fr\/wp-content\/uploads\/2025\/07\/formigolf-e07-canaries-gomera-1170x275-1.gif\"\/><\/a><\/p>\n<p>\u00a9Nathan Cardet \/ Golf Plan\u00e8te\u00a0<\/p>\n<p>\t\t\t<script async src=\"\/\/www.instagram.com\/embed.js\"><\/script><\/p>\n","protected":false},"excerpt":{"rendered":"Partager cet article Partager la publication \u00ab\u00a0Victor Dubuisson d\u00e9j\u00e0 en t\u00eate \u00e0 Biarritz\u00a0!\u00a0\u00bb Tr\u00e8s propre ce vendredi en&hellip;\n","protected":false},"author":2,"featured_media":273574,"comment_status":"","ping_status":"","sticky":false,"template":"","format":"standard","meta":{"footnotes":""},"categories":[1418],"tags":[1011,27,1472,60],"class_list":{"0":"post-273573","1":"post","2":"type-post","3":"status-publish","4":"format-standard","5":"has-post-thumbnail","7":"category-golf","8":"tag-fr","9":"tag-france","10":"tag-golf","11":"tag-sports"},"share_on_mastodon":{"url":"https:\/\/pubeurope.com\/@fr\/114915681437384402","error":""},"_links":{"self":[{"href":"https:\/\/www.europesays.com\/fr\/wp-json\/wp\/v2\/posts\/273573","targetHints":{"allow":["GET"]}}],"collection":[{"href":"https:\/\/www.europesays.com\/fr\/wp-json\/wp\/v2\/posts"}],"about":[{"href":"https:\/\/www.europesays.com\/fr\/wp-json\/wp\/v2\/types\/post"}],"author":[{"embeddable":true,"href":"https:\/\/www.europesays.com\/fr\/wp-json\/wp\/v2\/users\/2"}],"replies":[{"embeddable":true,"href":"https:\/\/www.europesays.com\/fr\/wp-json\/wp\/v2\/comments?post=273573"}],"version-history":[{"count":0,"href":"https:\/\/www.europesays.com\/fr\/wp-json\/wp\/v2\/posts\/273573\/revisions"}],"wp:featuredmedia":[{"embeddable":true,"href":"https:\/\/www.europesays.com\/fr\/wp-json\/wp\/v2\/media\/273574"}],"wp:attachment":[{"href":"https:\/\/www.europesays.com\/fr\/wp-json\/wp\/v2\/media?parent=273573"}],"wp:term":[{"taxonomy":"category","embeddable":true,"href":"https:\/\/www.europesays.com\/fr\/wp-json\/wp\/v2\/categories?post=273573"},{"taxonomy":"post_tag","embeddable":true,"href":"https:\/\/www.europesays.com\/fr\/wp-json\/wp\/v2\/tags?post=273573"}],"curies":[{"name":"wp","href":"https:\/\/api.w.org\/{rel}","templated":true}]}}