{"id":273579,"date":"2025-07-25T20:11:33","date_gmt":"2025-07-25T20:11:33","guid":{"rendered":"https:\/\/www.europesays.com\/fr\/273579\/"},"modified":"2025-07-25T20:11:33","modified_gmt":"2025-07-25T20:11:33","slug":"victor-wembanyama-disputera-sauf-blessure-leuro-avec-lequipe-de-france-annonce-le-president-de-la-federation-francaise-de-basket","status":"publish","type":"post","link":"https:\/\/www.europesays.com\/fr\/273579\/","title":{"rendered":"Victor Wembanyama disputera \u00ab\u00a0sauf blessure\u00a0\u00bb l&rsquo;Euro avec l&rsquo;\u00e9quipe de France, annonce le pr\u00e9sident de la F\u00e9d\u00e9ration fran\u00e7aise de basket"},"content":{"rendered":"<p class=\"c-chapo \">\n  Dans une interview donn\u00e9e samedi au Progr\u00e8s, Jean-Pierre Hunckler affirme avoir eu la confirmation du joueur sur sa future participation.\n<\/p>\n<p>    <img loading=\"lazy\" decoding=\"async\" class=\"signature__image lazyload\" width=\"100\" height=\"100\" data- alt=\"\" src=\"https:\/\/www.europesays.com\/fr\/wp-content\/uploads\/2025\/05\/logosport1-65fdc209c3726464026706.png\"\/><\/p>\n<p>          France T\u00e9l\u00e9visions &#8211; R\u00e9daction Sport<\/p>\n<p>    Publi\u00e9 le 28\/01\/2025 14:58<\/p>\n<p>        Temps de lecture : 1min<\/p>\n<p>    <img decoding=\"async\"  alt=\"Victor Wembanyama sous les couleurs de l'\u00e9quipe de France lors de la finale des Jeux olympiques de Paris contre les Etats-Unis, le 10 ao\u00fbt 2024. (ANN-DEE LAMOUR \/ AFP)\" width=\"432\" height=\"243\" src=\"https:\/\/www.europesays.com\/fr\/wp-content\/uploads\/2025\/07\/066-dppi-21024018-268-6798dc5faa54c397850721.jpg\" fetchpriority=\"high\"\/><\/p>\n<p>      Victor Wembanyama sous les couleurs de l&rsquo;\u00e9quipe de France lors de la finale des Jeux olympiques de Paris contre les Etats-Unis, le 10 ao\u00fbt 2024. (ANN-DEE LAMOUR \/ AFP)<\/p>\n<p>\u00ab\u00a0Il m\u2019a assur\u00e9 que, sauf blessure, il serait pr\u00e9sent pour l\u2019Euro 2025\u00a0\u00bb. Jean-Pierre Hunckler, le pr\u00e9sident de la F\u00e9d\u00e9ration fran\u00e7aise de basket, a d\u00e9clar\u00e9 <a href=\"https:\/\/www.leprogres.fr\/sport\/2025\/01\/25\/jean-pierre-hunckler-sauf-blessure-victor-wembanyama-m-a-assure-qu-il-serait-a-l-euro\" target=\"_blank\" rel=\"noopener nofollow\">dans les colonnes du Progr\u00e8s [article payant]<\/a>, samedi 25 janvier, que Victor Wembanyama comptait disputer la comp\u00e9tition pr\u00e9vue du 27 ao\u00fbt au 14 septembre 2025 et qui se d\u00e9roulera entre quatre pays : Lettonie, Pologne, Finlande et Chypre. Absent de l&rsquo;\u00e9dition pr\u00e9c\u00e9dente (bless\u00e9) <a href=\"https:\/\/www.franceinfo.fr\/sports\/basket\/coupe-du-monde\/coupe-du-monde-2023-victor-wembanyama-ne-prendra-pas-part-a-la-competition-avec-l-equipe-de-france_5911814.html\" rel=\"nofollow noopener\" target=\"_blank\">et du Mondial 2023<\/a> (focalis\u00e9 sur ses d\u00e9buts NBA), le prodige tricolore s&rsquo;appr\u00eate donc \u00e0 disputer son premier tournoi majeur hors Jeux olympiques.<\/p>\n<p>\u00ab\u00a0On a la chance d\u2019avoir un jeune joueur qui a la t\u00eate sur les \u00e9paules et qui pense au basket fran\u00e7ais ainsi qu\u2019\u00e0 son d\u00e9veloppement\u00a0\u00bb, appr\u00e9cie Hunckler, qui a pris la t\u00eate de la f\u00e9d\u00e9ration le 14 d\u00e9cembre dernier. La s\u00e9lection fran\u00e7aise, d\u00e9sormais dirig\u00e9e par Fr\u00e9d\u00e9ric Fauthoux, <a href=\"https:\/\/www.franceinfo.fr\/sports\/basket\/basket-frederic-fauthoux-succede-a-vincent-collet-en-tant-que-selectionneur-de-l-equipe-de-france_6800866.html\" rel=\"nofollow noopener\" target=\"_blank\">qui a pris le suite de Vincent Collet fin septembre<\/a>, pourra donc compter sur son \u00ab\u00a0alien\u00a0\u00bb de 2,21m pour tenter de d\u00e9crocher un deuxi\u00e8me titre europ\u00e9en, 12 ans apr\u00e8s son premier couronnement.<\/p>\n<p>D&rsquo;ici-l\u00e0, Victor Wembanyama doit encore terminer sa deuxi\u00e8me saison avec les San Antonio Spurs. Apr\u00e8s <a href=\"https:\/\/www.franceinfo.fr\/sports\/basket\/victor-wembanyama\/reportage-nba-l-alien-est-revenu-a-paris-dans-l-effervescence-de-la-wembamania-qui-a-deferle-sur-l-accor-arena_7030430.html\" rel=\"nofollow noopener\" target=\"_blank\">la tourn\u00e9e parisienne<\/a> face aux Indiana Pacers (une victoire, une d\u00e9faite), l&rsquo;\u00e9quipe texane est en retard sur son objectif de participation aux playoffs. Les Spurs sont actuellement 12e de la Conf\u00e9rence Ouest avec un bilan de 20 victoires et 23 d\u00e9faites, alors que la premi\u00e8re partie de la saison r\u00e9guli\u00e8re vient d&rsquo;\u00eatre d\u00e9pass\u00e9e.<\/p>\n<p class=\"social-zone__share-text\">\n      Partager\u00a0:<br \/>\n      l\u2019article sur les r\u00e9seaux sociaux\n    <\/p>\n<ul class=\"social-zone__list\">\n<li class=\"social-zone__item\">\n<p>        Partagez sur twitter (nouvel onglet) (Nouvelle fen\u00eatre)<\/p>\n<\/li>\n<li class=\"social-zone__item\">\n<p>        Partagez sur whatsApp (nouvel onglet) (Nouvelle fen\u00eatre)<\/p>\n<\/li>\n<li class=\"social-zone__item\">\n<p>        Partagez sur facebook (nouvel onglet) (Nouvelle fen\u00eatre)<\/p>\n<\/li>\n<li class=\"social-zone__item\">\n<p>        Partagez par email (Nouvelle fen\u00eatre)<\/p>\n<\/li>\n<li class=\"social-zone__item\">\n<p>        Partagez (Nouvelle fen\u00eatre)<\/p>\n<\/li>\n<\/ul>\n<p class=\"related-tags__title\" role=\"heading\" aria-level=\"2\">les mots-cl\u00e9s associ\u00e9s \u00e0 cet article\n    <\/p>\n","protected":false},"excerpt":{"rendered":"Dans une interview donn\u00e9e samedi au Progr\u00e8s, Jean-Pierre Hunckler affirme avoir eu la confirmation du joueur sur sa&hellip;\n","protected":false},"author":2,"featured_media":273580,"comment_status":"","ping_status":"","sticky":false,"template":"","format":"standard","meta":{"footnotes":""},"categories":[1414],"tags":[1465,1464,1011,27,60],"class_list":{"0":"post-273579","1":"post","2":"type-post","3":"status-publish","4":"format-standard","5":"has-post-thumbnail","7":"category-basket","8":"tag-basket","9":"tag-basketball","10":"tag-fr","11":"tag-france","12":"tag-sports"},"share_on_mastodon":{"url":"https:\/\/pubeurope.com\/@fr\/114915697433158943","error":""},"_links":{"self":[{"href":"https:\/\/www.europesays.com\/fr\/wp-json\/wp\/v2\/posts\/273579","targetHints":{"allow":["GET"]}}],"collection":[{"href":"https:\/\/www.europesays.com\/fr\/wp-json\/wp\/v2\/posts"}],"about":[{"href":"https:\/\/www.europesays.com\/fr\/wp-json\/wp\/v2\/types\/post"}],"author":[{"embeddable":true,"href":"https:\/\/www.europesays.com\/fr\/wp-json\/wp\/v2\/users\/2"}],"replies":[{"embeddable":true,"href":"https:\/\/www.europesays.com\/fr\/wp-json\/wp\/v2\/comments?post=273579"}],"version-history":[{"count":0,"href":"https:\/\/www.europesays.com\/fr\/wp-json\/wp\/v2\/posts\/273579\/revisions"}],"wp:featuredmedia":[{"embeddable":true,"href":"https:\/\/www.europesays.com\/fr\/wp-json\/wp\/v2\/media\/273580"}],"wp:attachment":[{"href":"https:\/\/www.europesays.com\/fr\/wp-json\/wp\/v2\/media?parent=273579"}],"wp:term":[{"taxonomy":"category","embeddable":true,"href":"https:\/\/www.europesays.com\/fr\/wp-json\/wp\/v2\/categories?post=273579"},{"taxonomy":"post_tag","embeddable":true,"href":"https:\/\/www.europesays.com\/fr\/wp-json\/wp\/v2\/tags?post=273579"}],"curies":[{"name":"wp","href":"https:\/\/api.w.org\/{rel}","templated":true}]}}