{"id":273581,"date":"2025-07-25T20:12:10","date_gmt":"2025-07-25T20:12:10","guid":{"rendered":"https:\/\/www.europesays.com\/fr\/273581\/"},"modified":"2025-07-25T20:12:10","modified_gmt":"2025-07-25T20:12:10","slug":"parlons-motogp-cette-mascarade-doit-cesser","status":"publish","type":"post","link":"https:\/\/www.europesays.com\/fr\/273581\/","title":{"rendered":"Parlons MotoGP\u00a0: Cette mascarade doit cesser"},"content":{"rendered":"<p><strong>Le Grand Prix de Tch\u00e9quie MotoGP a encore \u00e9t\u00e9 marqu\u00e9 par<br \/>\nune mascarade le samedi apr\u00e8s-midi\u00a0: une fois de plus, les<br \/>\npressions de pneus ont tronqu\u00e9 la course, de mani\u00e8re encore plus<br \/>\nflagrante qu\u2019en Tha\u00eflande. Ce ph\u00e9nom\u00e8ne doit absolument changer,<br \/>\ncar \u00e7a rend le sport assez peu cr\u00e9dible, il faut bien<br \/>\nl\u2019avouer.<\/strong><\/p>\n<p>\u00a0<\/p>\n<p>Le probl\u00e8me<\/p>\n<p>\u00a0<\/p>\n<p>Pour vous rafra\u00eechir la m\u00e9moire, Marc Marquez, en t\u00eate avec plus<br \/>\nde deux secondes d\u2019avance, a beaucoup ralenti pour laisser passer<br \/>\nPedro Acosta durant le Sprint. Cela est arriv\u00e9 quelques tours apr\u00e8s<br \/>\nla r\u00e9trogradation de <strong><a href=\"https:\/\/www.paddock-gp.com\/parlons-motogp-voici-pourquoi-cette-saison-fait-tres-mal-a-pecco-bagnaia\/\" target=\"_blank\" rel=\"noopener nofollow\">Pecco Bagnaia<\/a><\/strong>, et ne<br \/>\nlaissait aucune place au doute\u00a0: les Ducati avaient un<br \/>\nprobl\u00e8me de ce c\u00f4t\u00e9-l\u00e0. <strong>Mais au fait, pourquoi ce ph\u00e9nom\u00e8ne<br \/>\nsurvient-il\u00a0?<\/strong><\/p>\n<p>\u00a0<\/p>\n<p><img loading=\"lazy\" decoding=\"async\" aria-describedby=\"caption-attachment-1314199\" class=\"size-full wp-image-1314199\" src=\"https:\/\/www.europesays.com\/fr\/wp-content\/uploads\/2025\/07\/Bagnaia-4-2.jpg\" alt=\"MotoGP mascarade\" width=\"799\" height=\"533\"  \/><\/p>\n<p id=\"caption-attachment-1314199\" class=\"wp-caption-text\">Pecco<br \/>\nBagnaia a tr\u00e8s mal g\u00e9r\u00e9 le probl\u00e8me, qui, en fait, n\u2019en \u00e9tait m\u00eame<br \/>\npas un. Photo : Michelin Motorsport<\/p>\n<p>\u00a0<\/p>\n<p>En gros, avant la saison 2023, les \u00e9quipes roulaient parfois<br \/>\navec des pressions anormalement basses. Cela augmente la surface de<br \/>\ncontact au sol, et donc, conf\u00e8re plus d\u2019adh\u00e9rence. Sauf que c\u2019est<br \/>\ndangereux\u00a0; par le fait, Michelin a impos\u00e9 des valeurs \u00e0<br \/>\nrespecter pendant un certain nombre de tours. La r\u00e9glementation a<br \/>\nencore chang\u00e9 en 2024, et d\u00e9sormais, les constructeurs doivent<br \/>\nrespecter la pression minimale d\u2019environ 1,80 bar (cela peut<br \/>\nd\u00e9pendre des circuits) <strong>pendant au moins 60\u00a0% de la<br \/>\ncourse dominicale, et 30\u00a0% du Sprint<\/strong>. La pression<br \/>\npneumatique est li\u00e9e \u00e0 la temp\u00e9rature\u00a0: plus le pneu est<br \/>\nchaud, plus la pression est importante. Ainsi, c\u2019est pour \u00e7a que<br \/>\nMarc Marquez voulait laisser passer quelqu\u2019un, en l\u2019occurrence<br \/>\nAcosta. Sa pression \u00e9tait trop faible, donc il a fait monter la<br \/>\ntemp\u00e9rature de la gomme avant en restant derri\u00e8re l\u2019officiel<br \/>\nKTM.<\/p>\n<p>\u00c0 savoir que les pilotes ont un t\u00e9moin qui peut leur indiquer o\u00f9<br \/>\nils en sont par rapport \u00e0 une possible p\u00e9nalit\u00e9. <strong><a href=\"https:\/\/www.paddock-gp.com\/parlons-motogp-ce-que-personne-na-encore-ose-dire-sur-marc-marquez-et-valentino-rossi\/\" target=\"_blank\" rel=\"noopener nofollow\">Marquez a pu constater, sur son<br \/>\n\u00e9cran, qu\u2019il n\u2019allait pas \u00eatre puni apr\u00e8s la course, car il \u00e9tait<br \/>\ndans la bonne fen\u00eatre<\/a><\/strong>. Alors, oui, c\u2019est un probl\u00e8me<br \/>\ncomplexe, mais il est grand temps de trouver une solution.<\/p>\n<p>\u00a0<\/p>\n<p>Il faut se pencher dessus, et tout de suite<\/p>\n<p>\u00a0<\/p>\n<p>Ce n\u2019est pas vraiment \u00e0 nous d\u2019apporter des solutions. En effet,<br \/>\non peut tr\u00e8s bien critiquer sans avoir la r\u00e9ponse. Je ne sais pas \u00e0<br \/>\nquel point il serait difficile de changer le r\u00e8glement en cours de<br \/>\nsaison ni les conditions que Michelin impose pour la s\u00e9curit\u00e9 des<br \/>\npilotes. Et malgr\u00e9 cela, je peux affirmer que voir Marc Marquez se<br \/>\ngarer pour attendre un autre pilote est totalement ridicule. Je<br \/>\nvous ai concoct\u00e9 deux-trois sc\u00e9narios pour vous illustrer<br \/>\nl\u2019absurdit\u00e9 de cette situation.<\/p>\n<p>Premi\u00e8rement, Pedro Acosta aurait aussi pu jouer au plus malin.<br \/>\nImaginez un instant. Acosta, qui a dit qu\u2019il n\u2019aurait pas tir\u00e9<br \/>\ngrande fiert\u00e9 d\u2019une victoire de ce type, aurait tr\u00e8s bien pu ne pas<br \/>\nvouloir d\u00e9passer Marc Marquez. Si ce dernier s\u2019est gar\u00e9, cela<br \/>\nvoulait dire qu\u2019il \u00e9tait tr\u00e8s proche de la sanction.<br \/>\nRepr\u00e9sentez-vous la sc\u00e8ne\u00a0: <strong>Acosta, qui ralentit lui<br \/>\naussi, pour faire p\u00e9naliser Marc Marquez<\/strong>. Et ainsi de<br \/>\nsuite, derri\u00e8re. Apr\u00e8s tout, il avait une meilleure chance de<br \/>\ngagner comme \u00e7a qu\u2019en servant de li\u00e8vre \u00e0 l\u2019octuple champion du<br \/>\nmonde\u00a0!<\/p>\n<p>\u00a0<\/p>\n<p><img loading=\"lazy\" decoding=\"async\" aria-describedby=\"caption-attachment-1314201\" class=\"size-full wp-image-1314201\" src=\"https:\/\/www.europesays.com\/fr\/wp-content\/uploads\/2025\/07\/Marquez-pressions-2.jpg\" alt=\"MotoGP mascarade\" width=\"799\" height=\"533\"  \/><\/p>\n<p id=\"caption-attachment-1314201\" class=\"wp-caption-text\">Il \u00e9tait<br \/>\ntellement au dessus que \u00e7a n\u2019a pas eu d\u2019importance. Photo :<br \/>\nMichelin Motorsport<\/p>\n<p>\u00a0<\/p>\n<p>Deuxi\u00e8mement, <strong>imaginez maintenant qu\u2019un accident se<br \/>\nproduise quand un pilote ralentit pour laisser passer les<br \/>\nautres<\/strong>. On a mis cette r\u00e8gle en place pour la s\u00e9curit\u00e9,<br \/>\nalors que se mettre sur le c\u00f4t\u00e9 et rester \u00e0 la merci de plusieurs<br \/>\nautres d\u00e9cha\u00een\u00e9s en bagarre ne para\u00eet pas \u00eatre parfaitement<br \/>\ns\u00e9curis\u00e9e non plus.<\/p>\n<p>Troisi\u00e8mement, imaginez qu\u2019un pilote chute \u00e0 cause de pressions<br \/>\ntrop faibles dans les 30\u00a0% du Grand Prix qu\u2019il est autoris\u00e9 de<br \/>\ncouvrir avec de telles donn\u00e9es<strong>. N\u2019est-ce pas l\u00e0 totalement<br \/>\nabsurde\u00a0?<\/strong> Ce que je ne comprends pas, c\u2019est qu\u2019on<br \/>\nfixe une limite, mais qu\u2019on autorise les pilotes \u00e0 aller en dessous<br \/>\npendant un certain temps. Et si la \u00ab\u00a0tricherie\u00a0\u00bb se<br \/>\nprolonge pendant trop longtemps, alors une p\u00e9nalit\u00e9 est appliqu\u00e9e<br \/>\napr\u00e8s la course\u00a0: +8 secondes en Sprint, et +16 secondes en<br \/>\n<a href=\"https:\/\/www.motogp.com\/fr\/\" target=\"_blank\" rel=\"noopener nofollow\">GP<\/a>.<\/p>\n<p>Encore une fois, je n\u2019ai pas la pr\u00e9tention de dire que j\u2019ai la<br \/>\nsolution. Mais d\u2019un point de vue totalement objectif, il me<br \/>\nsemblerait beaucoup plus logique de carr\u00e9ment disqualifier \u2013 tout<br \/>\ndu moins, d\u2019interdire \u2013, <strong>tout d\u00e9passement de<br \/>\nlimite\u00a0!<\/strong> \u00c0 la premi\u00e8re infraction, p\u00e9nalit\u00e9<br \/>\nimm\u00e9diate\u00a0; le probl\u00e8me du \u00ab\u00a0temps pass\u00e9 hors limite<br \/>\nautoris\u00e9\u00a0\u00bb est qu\u2019il faut attendre que l\u2019\u00e9preuve se termine<br \/>\npour conna\u00eetre le pourcentage exact de distance de course disput\u00e9e<br \/>\navec une pression non conforme. Ceci donne lieu \u00e0 de longues<br \/>\ninvestigations, et, parfois, des d\u00e9classements longtemps apr\u00e8s \u2013<br \/>\ntels que <strong><a href=\"https:\/\/www.paddock-gp.com\/parlons-motogp-la-performance-de-maverick-vinales-souleve-un-gros-probleme\/\" target=\"_blank\" rel=\"noopener nofollow\">Maverick Vinales<\/a><\/strong> au<br \/>\nQatar.<\/p>\n<p>En tout cas, je suis curieux de savoir ce que vous en avez<br \/>\npens\u00e9. <strong>Dites-le-moi en commentaires\u00a0!<\/strong><\/p>\n<p>Pour rappel, cet article ne refl\u00e8te que la pens\u00e9e de son auteur,<br \/>\net pas de l\u2019enti\u00e8ret\u00e9 de la r\u00e9daction.<\/p>\n<p>\u00a0<\/p>\n<p><img loading=\"lazy\" decoding=\"async\" aria-describedby=\"caption-attachment-1314203\" class=\"size-full wp-image-1314203\" src=\"https:\/\/www.europesays.com\/fr\/wp-content\/uploads\/2025\/07\/Acosta-pressions-4.jpg\" alt=\"\" width=\"799\" height=\"533\"  \/><\/p>\n<p id=\"caption-attachment-1314203\" class=\"wp-caption-text\">Comme il<br \/>\nl\u2019a confi\u00e9, Pedro Acosta n\u2019en aurait tir\u00e9 aucune satisfaction.<br \/>\nPhoto : Michelin Motorsport<\/p>\n<p>\u00a0<\/p>\n<p>Photo de couverture : Michelin Motorsport<\/p>\n","protected":false},"excerpt":{"rendered":"Le Grand Prix de Tch\u00e9quie MotoGP a encore \u00e9t\u00e9 marqu\u00e9 par une mascarade le samedi apr\u00e8s-midi\u00a0: une fois&hellip;\n","protected":false},"author":2,"featured_media":273582,"comment_status":"","ping_status":"","sticky":false,"template":"","format":"standard","meta":{"footnotes":""},"categories":[1413],"tags":[1011,27,1457,1456,60],"class_list":{"0":"post-273581","1":"post","2":"type-post","3":"status-publish","4":"format-standard","5":"has-post-thumbnail","7":"category-moto","8":"tag-fr","9":"tag-france","10":"tag-moto","11":"tag-motocycle","12":"tag-sports"},"share_on_mastodon":{"url":"https:\/\/pubeurope.com\/@fr\/114915701237015591","error":""},"_links":{"self":[{"href":"https:\/\/www.europesays.com\/fr\/wp-json\/wp\/v2\/posts\/273581","targetHints":{"allow":["GET"]}}],"collection":[{"href":"https:\/\/www.europesays.com\/fr\/wp-json\/wp\/v2\/posts"}],"about":[{"href":"https:\/\/www.europesays.com\/fr\/wp-json\/wp\/v2\/types\/post"}],"author":[{"embeddable":true,"href":"https:\/\/www.europesays.com\/fr\/wp-json\/wp\/v2\/users\/2"}],"replies":[{"embeddable":true,"href":"https:\/\/www.europesays.com\/fr\/wp-json\/wp\/v2\/comments?post=273581"}],"version-history":[{"count":0,"href":"https:\/\/www.europesays.com\/fr\/wp-json\/wp\/v2\/posts\/273581\/revisions"}],"wp:featuredmedia":[{"embeddable":true,"href":"https:\/\/www.europesays.com\/fr\/wp-json\/wp\/v2\/media\/273582"}],"wp:attachment":[{"href":"https:\/\/www.europesays.com\/fr\/wp-json\/wp\/v2\/media?parent=273581"}],"wp:term":[{"taxonomy":"category","embeddable":true,"href":"https:\/\/www.europesays.com\/fr\/wp-json\/wp\/v2\/categories?post=273581"},{"taxonomy":"post_tag","embeddable":true,"href":"https:\/\/www.europesays.com\/fr\/wp-json\/wp\/v2\/tags?post=273581"}],"curies":[{"name":"wp","href":"https:\/\/api.w.org\/{rel}","templated":true}]}}