{"id":273583,"date":"2025-07-25T20:13:15","date_gmt":"2025-07-25T20:13:15","guid":{"rendered":"https:\/\/www.europesays.com\/fr\/273583\/"},"modified":"2025-07-25T20:13:15","modified_gmt":"2025-07-25T20:13:15","slug":"ouverture-des-abonnements-le-11-aout-nicolas-vilas-et-trois-consultants-recrutes-les-dernieres-infos-sur-ligue-1-lequipe","status":"publish","type":"post","link":"https:\/\/www.europesays.com\/fr\/273583\/","title":{"rendered":"Ouverture des abonnements le 11 ao\u00fbt, Nicolas Vilas et trois consultants recrut\u00e9s : les derni\u00e8res infos sur Ligue 1+ &#8211; L&#039;\u00c9quipe"},"content":{"rendered":"<ol>\n<li><a href=\"https:\/\/news.google.com\/rss\/articles\/CBMi8wFBVV95cUxNMGdHSkVYQXljcEFmNU9QbWxVNTlEVVVDUHlPck1Sc0F0SGM1dzBtUmRiWXMtZzA0dWxXSHBPZGtmTE82QVJMc09Zb24yNlJHZVhYejdjdmszSnJaXzZDNjBPQ3VDSF85aEw2VkY5X0JBMjhXcXozeHFQYVFNOHF2LUt5M2x3QjFub0lxSmVBLUJ6VDBhdkFiUlNDUlh6bjNyZE1YVWEzbzIyYTJIVFhJdUh6TlFmeGZWbFp6Y245RUpmdjFLRndJUmpQcDlOeG9fYmJDVmtXam5xSklrTTFzb3BXTEtMY240c0ZtSVE2TkNnUGs?oc=5\" target=\"_blank\" rel=\"nofollow noopener\">Ouverture des abonnements le 11 ao\u00fbt, Nicolas Vilas et trois consultants recrut\u00e9s : les derni\u00e8res infos sur Ligue 1+<\/a>&nbsp;&nbsp;L&rsquo;\u00c9quipe<\/li>\n<li><a href=\"https:\/\/news.google.com\/rss\/articles\/CBMizgFBVV95cUxOak10WFBrZnZRS0g2Q256dVhycG83R3JOdmdiazE5TU5uTmtZTHBFT3dMTWc1OTlwNW44N2F0ZnRGOUxYcS1ncjZMbkNjZmhxSmJSd2VaT2RacGg0OThQTzlLYkVlX0VLa1NxVHRSV2s5NThoT3ozS3dzQy0tZ21raE9lZjhoSVRRSkRjZkl1VC0tX05fRjNVTnllUzE1RFZwVHliaUZJVV92R0RQVXVSVkYybEVLcUloMWFVSGQ0N1o4TjR5NlFldW50VGozUdIBzAFBVV95cUxORG5CUm9NMXFmbkdMM052cExVQlJGTWZFamw4ZGtxNmNnemdzN0RqNGNKUVdvS2pKX0FwcmZ3M1YzaWtleFNMS2NMeFJqNklNdFhCQnhrcUFxUjR6MlZyczV5QWRZRmlUQlNINEFySDFaeUw5Rk41UzdMMnFuWU9RaFVZRUt0MDdKRjRSaFlTeVB6b3pGcmkwXzZNYzRDekZ3eW90aFBlN0VZbGRvWURWVDJzelpZMzJJQWNjSktUTXRId0VJUDhoUDhQelE?oc=5\" target=\"_blank\" rel=\"nofollow noopener\">Droits TV : Les abonnements \u00e0 Ligue 1+ ouverts \u00e0 partir du 11 ao\u00fbt<\/a>&nbsp;&nbsp;Orange Actualit\u00e9s | Sports<\/li>\n<li><a href=\"https:\/\/news.google.com\/rss\/articles\/CBMi_gFBVV95cUxPMndLVXVCNFhaVzZrUS1MdjhqTnVYRzZ5cVZUOVpNSUZDMXdBTmUxdjJJdWVvbE9VNk9IX0I4SmhES2MxMDZQRU4ya1RWY0h1UDFZbXRnYmUtR19HckhwTHBYLUo4cFdfRnJkNmlGb01tN2ZvTV9KdndIZWg4dlRSNjRzazd3enRrQ3ZLdEI2N1VuTk5yLUlXUS1VNHphMnBEbnRaNmFvWEh5QUtfaDRyS3ZkY2k3bXpHTHlZMEYyNlBVREpScmxnNlVlcjNkQWQ0Skw5WlhWMkhtOGdoSmVuYTlJanZoUlVMb2ZCSWluSjhpNEVyUEQxN1BkdGVmQQ?oc=5\" target=\"_blank\" rel=\"nofollow noopener\">Ligue 1 : Les abonnements \u00e0 la nouvelle plateforme Ligue 1 + ouvriront le 11 ao\u00fbt<\/a>&nbsp;&nbsp;Le Parisien<\/li>\n<li><a href=\"https:\/\/news.google.com\/rss\/articles\/CBMi2gFBVV95cUxOVVEtakxhX2pzNUtySWZaRkE3QTd1RlpOTUxNaTI5bXRpZ1RPcjIwVDJvSm9xeEctODV6UjVnbFhMWExNZFRIVnlaQnNDa1BUTEtnQVg3d3RXSHpEOE1NLU1JdE1Gb2h6UmUwWjZKREhZaDF4M0tYdHAwaFVzZXMzLTJ5Zi0tTnB2YlZ4ZWhrMTN6S2VXTTVFR3cwem1nYTVvZ19PLVFtazY2TlJFTnRxWUdzZms3aW9SYlRtbnpHNHI0WTluNzlFN1BJQkR4NG5mcHVpeHZoQjF4Zw?oc=5\" target=\"_blank\" rel=\"nofollow noopener\">Droits TV : La date d&rsquo;ouverture de la campagne d&rsquo;abonnement pour Ligue 1+ est connue !<\/a>&nbsp;&nbsp;MadeinFoot.com<\/li>\n<li><a href=\"https:\/\/news.google.com\/rss\/articles\/CBMi3AFBVV95cUxPUTdlLUpxbXJlTUplYXRRRGZZa3B3dDlLS29mY0R1ckE4Q3FJYUlZMjZRcXRIWVBreUdKVE1FTTNUZ3E0ZEc2TEZTU1JhTXB4b3ZDMWdZemI5bEFDVDNFaUFPTmVMUkpQc0VwdzdGelZiVDNTX3Y5X3Y3cWxjOTF1eExuS1A1SUtYbXEyS29uOFQxWTNhWTVpaThuT2RUQ1hORUZNcVpGTlVYTWZrX2pQbHFfMHRxN1FFc0ZWZWYzR0p3N2pFbFNTRjdJY0k1VFZpelpfMGRFaEFkWVg0?oc=5\" target=\"_blank\" rel=\"nofollow noopener\">Ligue 1+ : DAZN diffusera la cha\u00eene dans une offre \u00e0 16,99 euros par mois avec la S\u00e9rie A, la Coppa Italia&#8230;<\/a>&nbsp;&nbsp;alloforfait.fr<\/li>\n<\/ol>\n","protected":false},"excerpt":{"rendered":"Ouverture des abonnements le 11 ao\u00fbt, Nicolas Vilas et trois consultants recrut\u00e9s : les derni\u00e8res infos sur Ligue&hellip;\n","protected":false},"author":2,"featured_media":273584,"comment_status":"","ping_status":"","sticky":false,"template":"","format":"standard","meta":{"footnotes":""},"categories":[1412],"tags":[1451,1452,1453,1454,1455,1011,27,60],"class_list":{"0":"post-273583","1":"post","2":"type-post","3":"status-publish","4":"format-standard","5":"has-post-thumbnail","7":"category-f1","8":"tag-f1","9":"tag-formula-1","10":"tag-formula1","11":"tag-formule-1","12":"tag-formule1","13":"tag-fr","14":"tag-france","15":"tag-sports"},"share_on_mastodon":{"url":"https:\/\/pubeurope.com\/@fr\/114915705156704336","error":""},"_links":{"self":[{"href":"https:\/\/www.europesays.com\/fr\/wp-json\/wp\/v2\/posts\/273583","targetHints":{"allow":["GET"]}}],"collection":[{"href":"https:\/\/www.europesays.com\/fr\/wp-json\/wp\/v2\/posts"}],"about":[{"href":"https:\/\/www.europesays.com\/fr\/wp-json\/wp\/v2\/types\/post"}],"author":[{"embeddable":true,"href":"https:\/\/www.europesays.com\/fr\/wp-json\/wp\/v2\/users\/2"}],"replies":[{"embeddable":true,"href":"https:\/\/www.europesays.com\/fr\/wp-json\/wp\/v2\/comments?post=273583"}],"version-history":[{"count":0,"href":"https:\/\/www.europesays.com\/fr\/wp-json\/wp\/v2\/posts\/273583\/revisions"}],"wp:featuredmedia":[{"embeddable":true,"href":"https:\/\/www.europesays.com\/fr\/wp-json\/wp\/v2\/media\/273584"}],"wp:attachment":[{"href":"https:\/\/www.europesays.com\/fr\/wp-json\/wp\/v2\/media?parent=273583"}],"wp:term":[{"taxonomy":"category","embeddable":true,"href":"https:\/\/www.europesays.com\/fr\/wp-json\/wp\/v2\/categories?post=273583"},{"taxonomy":"post_tag","embeddable":true,"href":"https:\/\/www.europesays.com\/fr\/wp-json\/wp\/v2\/tags?post=273583"}],"curies":[{"name":"wp","href":"https:\/\/api.w.org\/{rel}","templated":true}]}}