{"id":273592,"date":"2025-07-25T20:18:19","date_gmt":"2025-07-25T20:18:19","guid":{"rendered":"https:\/\/www.europesays.com\/fr\/273592\/"},"modified":"2025-07-25T20:18:19","modified_gmt":"2025-07-25T20:18:19","slug":"deux-armoires-a-livres-ont-ete-installees-a-venansault","status":"publish","type":"post","link":"https:\/\/www.europesays.com\/fr\/273592\/","title":{"rendered":"Deux armoires \u00e0 livres ont \u00e9t\u00e9 install\u00e9es \u00e0 Venansault"},"content":{"rendered":"<p>Il y a quelques mois, un projet d\u2019armoires \u00e0 livres a \u00e9merg\u00e9, au sein du conseil des sages. <strong>\u00ab\u00a0Ce projet a \u00e9t\u00e9 propos\u00e9 \u00e0 la Mairie et une convention a \u00e9t\u00e9 sign\u00e9e entre notre conseil et la municipalit\u00e9\u00a0\u00bb,<\/strong> indique Marie-Jo Ballanger, pr\u00e9sidente du conseil des sages. <strong>\u00ab\u00a0Nos membres ont fait appel \u00e0 leur r\u00e9seau afin de r\u00e9aliser deux\u00a0armoires \u00e0 livres, \u00e0 moindre co\u00fbt.\u00a0\u00bb<\/strong> Le bois de l\u2019armoire \u00e0 livres \u00e0 l\u2019entr\u00e9e de la zone de loisirs des trois \u00e9tangs a \u00e9t\u00e9 fourni par la mairie et celle-ci a \u00e9t\u00e9 construite par Guy Ferr\u00e9, retrait\u00e9 de Saint-Georges-de-Pointindoux. <strong>\u00ab\u00a0Pour ce qui est de l\u2019armoire install\u00e9e dans le village de la Manceli\u00e8re, celle-ci a \u00e9t\u00e9 r\u00e9cup\u00e9r\u00e9e lors de la vente du mobilier du presbyt\u00e8re, puis customis\u00e9e par les membres du conseil des sages avec de la peinture, fournie par la mairie\u00a0\u00bb,<\/strong> poursuit la pr\u00e9sidente.<\/p>\n<p>Ces armoires sont \u00e0 la disposition des lecteurs de Venansault, ils peuvent d\u00e9poser, emprunter, rapporter ou garder les livres. <strong>\u00ab\u00a0Ces armoires sont destin\u00e9es \u00e0 ne recevoir que des livres. Le conseil esp\u00e8re qu\u2019elles seront respect\u00e9es et utilis\u00e9es pour ce \u00e0 quoi elles ont \u00e9t\u00e9 pr\u00e9vues, \u00e0 savoir permettre aux livres de voyager et d\u2019avoir plusieurs vies. En aucun cas, elles ne sont pr\u00e9vues pour accueillir d\u2019autres objets\u00a0\u00bb,<\/strong> rappelle Marie-Jo Ballanger.<\/p>\n<p>Pour rappel, une armoire \u00e0 dons existe \u00e0 l\u2019\u00celot des Arts pour les petits objets, en bon \u00e9tat, qui peuvent encore servir. Pour les autres dons, les d\u00e9p\u00f4ts \u00e0 la recyclerie, boulevard de l\u2019Industrie, \u00e0 La Roche-sur-Yon sont possibles. Pour les objets hors d\u2019usage, les d\u00e9p\u00f4ts en d\u00e9chetterie sont \u00e0 privil\u00e9gier. Les armoires \u00e0 livres seront officiellement inaugur\u00e9es en septembre.<\/p>\n<p>\u00a0<\/p>\n","protected":false},"excerpt":{"rendered":"Il y a quelques mois, un projet d\u2019armoires \u00e0 livres a \u00e9merg\u00e9, au sein du conseil des sages.&hellip;\n","protected":false},"author":2,"featured_media":273593,"comment_status":"","ping_status":"","sticky":false,"template":"","format":"standard","meta":{"footnotes":""},"categories":[1357],"tags":[41309,1379,58,59,2883,1011,27,2365,1380,6689,41310,9693],"class_list":{"0":"post-273592","1":"post","2":"type-post","3":"status-publish","4":"format-standard","5":"has-post-thumbnail","7":"category-livres","8":"tag-armoires","9":"tag-books","10":"tag-divertissement","11":"tag-entertainment","12":"tag-ete","13":"tag-fr","14":"tag-france","15":"tag-installees","16":"tag-livres","17":"tag-roche","18":"tag-venansault","19":"tag-yon"},"share_on_mastodon":{"url":"https:\/\/pubeurope.com\/@fr\/114915724675459370","error":""},"_links":{"self":[{"href":"https:\/\/www.europesays.com\/fr\/wp-json\/wp\/v2\/posts\/273592","targetHints":{"allow":["GET"]}}],"collection":[{"href":"https:\/\/www.europesays.com\/fr\/wp-json\/wp\/v2\/posts"}],"about":[{"href":"https:\/\/www.europesays.com\/fr\/wp-json\/wp\/v2\/types\/post"}],"author":[{"embeddable":true,"href":"https:\/\/www.europesays.com\/fr\/wp-json\/wp\/v2\/users\/2"}],"replies":[{"embeddable":true,"href":"https:\/\/www.europesays.com\/fr\/wp-json\/wp\/v2\/comments?post=273592"}],"version-history":[{"count":0,"href":"https:\/\/www.europesays.com\/fr\/wp-json\/wp\/v2\/posts\/273592\/revisions"}],"wp:featuredmedia":[{"embeddable":true,"href":"https:\/\/www.europesays.com\/fr\/wp-json\/wp\/v2\/media\/273593"}],"wp:attachment":[{"href":"https:\/\/www.europesays.com\/fr\/wp-json\/wp\/v2\/media?parent=273592"}],"wp:term":[{"taxonomy":"category","embeddable":true,"href":"https:\/\/www.europesays.com\/fr\/wp-json\/wp\/v2\/categories?post=273592"},{"taxonomy":"post_tag","embeddable":true,"href":"https:\/\/www.europesays.com\/fr\/wp-json\/wp\/v2\/tags?post=273592"}],"curies":[{"name":"wp","href":"https:\/\/api.w.org\/{rel}","templated":true}]}}