{"id":273594,"date":"2025-07-25T20:19:22","date_gmt":"2025-07-25T20:19:22","guid":{"rendered":"https:\/\/www.europesays.com\/fr\/273594\/"},"modified":"2025-07-25T20:19:22","modified_gmt":"2025-07-25T20:19:22","slug":"pierre-soupconne-michael-davoir-tente-de-tuer-son-fils-manny-accuse-judith-du-meurtre-de-cyril-le-resume-de-lepisode-1996-du-lundi-28-juillet-2025","status":"publish","type":"post","link":"https:\/\/www.europesays.com\/fr\/273594\/","title":{"rendered":"Pierre soup\u00e7onne Micha\u00ebl d&rsquo;avoir tent\u00e9 de tuer son fils, Manny accuse Judith du meurtre de Cyril ! Le r\u00e9sum\u00e9 de l&rsquo;\u00e9pisode 1996 du lundi 28 juillet 2025"},"content":{"rendered":"<p><b>Lundi 28\u00a0juillet 2025 dans <\/b><b>Demain nous appartient<\/b> <b>sur TF1<\/b> &#8211; bient\u00f4t marqu\u00e9e par<a href=\"https:\/\/www.programme-tv.net\/news\/series-tv\/381213-exclu-demain-nous-appartient-une-actrice-d-un-si-grand-soleil-rejoint-le-feuilleton-de-tf1-pour-jouer-la-nouvelle-proviseure\/\" data-api-deeplink=\"teleloisirs:\/\/news\/381213\" target=\"_blank\" rel=\"noopener\"> l&rsquo;arriv\u00e9e d&rsquo;une ancienne star de Sous le soleil<\/a>\u2026 Chlo\u00e9 et Alex retrouvent Pierre \u00e0 l&rsquo;h\u00f4pital, qui leur donne les derni\u00e8res nouvelles de Manny : il a \u00e9t\u00e9 plong\u00e9 sous respirateur artificiel. Il devrait \u00eatre en phase de r\u00e9veil en fin de matin\u00e9e. Chlo\u00e9 se montre rassurante : elle a parl\u00e9 avec Marianne et cette derni\u00e8re est confiante sur l&rsquo;absence de s\u00e9quelles. Pierre fait part de ses soup\u00e7ons \u00e0 propos de Micha\u00ebl. Le flic a d\u00e9barqu\u00e9 \u00e0 l&rsquo;h\u00f4pital la veille et peu apr\u00e8s Manny a eu son probl\u00e8me d&rsquo;insuffisance respiratoire. <a href=\"https:\/\/www.programme-tv.net\/news\/series-tv\/383966-demain-nous-appartient-en-avance-manny-toujours-dans-un-etat-critique-michael-est-il-implique-octave-explose-contre-marceau-le-resume-de-l-episode-1995-du-vendredi-25-juillet-2025\/\" data-api-deeplink=\"teleloisirs:\/\/news\/383966\" target=\"_blank\" rel=\"noopener\">Pire : il n&rsquo;a rien fait quand il a commenc\u00e9 \u00e0 sombrer<\/a>. Pierre ne sent pas Micha\u00ebl. Chlo\u00e9 n&rsquo;adh\u00e8re pas \u00e0 cette m\u00e9fiance. Micha\u00ebl est son cousin, elle le conna\u00eet depuis toujours.<\/p>\n<p>                        Demain nous appartient en avance\u00a0: Victoire et Fred retrouvent un vieil ami \u00e0 eux<\/p>\n<p>Aaron retrouve son pote Ludo au centre nautique, qui encha\u00eene les grosses journ\u00e9es et est encore en n\u00e9gociations avec son assurance suite \u00e0 l&rsquo;incendie de sa boutique. Pour lui changer les id\u00e9es, Aaron l&rsquo;invite au barbecue organis\u00e9 \u00e0 la colocation. \u00c0 l&rsquo;h\u00f4pital, Aaron annonce \u00e0 Victoire avoir invit\u00e9 Ludo au barbecue. Il lui avoue que cela va lui faire du bien d&rsquo;avoir enfin un pote c\u00e9libataire avec lui en soir\u00e9e. En rentrant des couses, Aaron tombe sur Victoire et Fred en train de s&#8217;embrasser fougueusement. Cette vision lui rappelle, une nouvelle fois, qu&rsquo;il est c\u00e9libataire. Et cela le conforte dans l&rsquo;id\u00e9e d&rsquo;avoir invit\u00e9 Ludo au barbecue. Quelle n&rsquo;est pas sa surprise quand, le soir venu, il voit d\u00e9barquer Ludo avec Joyce, sa compagne ! Et les surprises ne s&rsquo;arr\u00eatent pas l\u00e0 : Ludo est un ancien pote de Victoire et Fred ! Pendant le d\u00eener, l&rsquo;ambiance est d\u00e9tendue et les convives titillent Aaron sur son c\u00e9libat.<\/p>\n<p>            Demain nous appartient en avance\u00a0: Marceau drague-t-il Violette ?<\/p>\n<p>Au Spoon, Lilou n&rsquo;en peut plus du silence d&rsquo;Octave. Violette r\u00e9torque qu&rsquo;il est sans doute bless\u00e9 par l&rsquo;attitude de Lilou vis-\u00e0-vis de Marceau. C&rsquo;est alors que ce dernier d\u00e9barque et leur propose un plan. Les filles acceptent sans savoir de quoi il s&rsquo;agit ! \u00c0 leur grande surprise, elles se retrouvent \u00e0 la f\u00eate foraine. Et ce n&rsquo;est pas tout : il a r\u00e9ussi \u00e0 convaincre le gardien de les laisser entrer alors que le parc est ferm\u00e9 ! Le jeune homme sort le grand jeu pour les \u00e9pater, et plus particuli\u00e8rement Violette. De retour au Spoon, Lilou et Violette tentent de savoir comment il a r\u00e9ussi \u00e0 les faire entrer dans la f\u00eate foraine ferm\u00e9e. Il avoue avoir convaincu le gardien en lui disant que Violette \u00e9tait atteinte de leuc\u00e9mie ! Une fois Marceau parti, Lilou glisse \u00e0 Violette qu&rsquo;il est \u00e0 fond sur elle.<\/p>\n<p>                        Demain nous appartient en avance\u00a0: Pierre accuse Micha\u00ebl d&rsquo;avoir attaqu\u00e9 son fils<\/p>\n<p>\u00c0 l&rsquo;h\u00f4pital, Chlo\u00e9 r\u00e9v\u00e8le \u00e0 Alex que c&rsquo;est bien Noor qui s&rsquo;est rendue compte de l&rsquo;insuffisance respiratoire de Manny. Micha\u00ebl \u00e9tait effectivement dans la chambre et n&rsquo;a rien fait. Marianne les interrompt pour leur annoncer que Judith va mieux. Mais cette sant\u00e9 retrouv\u00e9e signifie aussi qu&rsquo;elle va bient\u00f4t retourner en prison. Marianne glisse alors qu&rsquo;elle va trouver quelque chose pour la garder encore un peu. Peu apr\u00e8s, William d\u00e9barque dans le bureau de Marianne, \u00e9tonn\u00e9 par les derni\u00e8res analyses de Judith. Devant ses questions, Marianne para\u00eet vite g\u00ean\u00e9e puis met fin \u00e0 la discussion en d\u00e9cidant de la garder en observation. Dans le m\u00eame temps, Pierre se rend au commissariat et demande express\u00e9ment \u00e0 Karim \u00e0 ce que Micha\u00ebl ne soit plus en charge de l&rsquo;enqu\u00eate sur Manny. Il lui parle ce qu&rsquo;il s&rsquo;est pass\u00e9 dans la chambre de son fils \u00e0 l&rsquo;h\u00f4pital. Karim tente de le raisonner. Au m\u00eame moment, toujours suspicieux, William a fait ses recherches : les analyses de Judith semblent avoir \u00e9t\u00e9 falsifi\u00e9es. Il accuse Noor d&rsquo;avoir trafiqu\u00e9 les r\u00e9sultats. Elle nie fermement. Marianne, qui a tout entendu, demande \u00e0 William s&rsquo;il a des preuves avant d&rsquo;avouer discr\u00e8tement \u00eatre \u00e0 l&rsquo;origine de la falsification. Elle ne voulait pas voir Judith repartir en prison. Elle demande \u00e0 William de ne rien dire. Au commissariat, Micha\u00ebl appelle l&rsquo;h\u00f4pital pour savoir si Manny est r\u00e9veill\u00e9 avant que Karim ne l&rsquo;interrompe. Il veut lui parler mais Micha\u00ebl esquive et s&rsquo;en va. Quelques instants plus tard, Manny se r\u00e9veille enfin. Il est paniqu\u00e9, il veut partir. Heureusement Noor est l\u00e0 pour le rassurer. Au commissariat, Karim interroge Micha\u00ebl \u00e0 propos de l&rsquo;incident de la veille avec Manny. Il lui r\u00e9v\u00e8le alors que Pierre Dalvin a des soup\u00e7ons sur lui. Micha\u00ebl r\u00e9agit tr\u00e8s mal \u00e0 ces suspicions et le ton monte vite. Pour prouver sa bonne foi, il invite Karim \u00e0 l&rsquo;accompagner \u00e0 l&rsquo;h\u00f4pital pour interroger Manny, qui vient de se r\u00e9veiller.<\/p>\n<p>            Demain nous appartient : Manny accuse Judith du meurtre de Cyril !<\/p>\n<p>Interrog\u00e9 par Karim \u00e0 propos de son agression, Manny botte en touche. Il ne sait pas qui lui a fait \u00e7a. Il n&rsquo;a aucun souvenir. Il ne sait rien. Au fur et \u00e0 mesure des questions, Manny semble \u00eatre de plus en tendu, comme s&rsquo;il sentait un danger croissant. Quand Micha\u00ebl arrive dans sa chambre, Manny ne le quitte pas des yeux, sous pression. Puis quand Karim \u00e9voque les altercations entre Cyril et Judith, <a href=\"https:\/\/www.programme-tv.net\/news\/series-tv\/383201-demain-nous-appartient-en-avance-judith-est-arretee-pour-le-meurtre-du-dealer-le-resume-de-l-episode-1987-du-mardi-15-juillet-2025\/\" data-api-deeplink=\"teleloisirs:\/\/news\/383201\" target=\"_blank\" rel=\"noopener\">qui est la principale suspecte dans son meurtre<\/a>, Manny finit par l\u00e2cher : \u00ab\u00a0C&rsquo;est elle\u00a0\u00bb.<\/p>\n","protected":false},"excerpt":{"rendered":"Lundi 28\u00a0juillet 2025 dans Demain nous appartient sur TF1 &#8211; bient\u00f4t marqu\u00e9e par l&rsquo;arriv\u00e9e d&rsquo;une ancienne star de&hellip;\n","protected":false},"author":2,"featured_media":273595,"comment_status":"","ping_status":"","sticky":false,"template":"","format":"standard","meta":{"footnotes":""},"categories":[1356],"tags":[244,3598,5247,58,59,1011,27,5250,5249,5248,5246,5252,252,199,5251,1364],"class_list":{"0":"post-273594","1":"post","2":"type-post","3":"status-publish","4":"format-standard","5":"has-post-thumbnail","7":"category-television","8":"tag-commentaire","9":"tag-demain-nous-appartient","10":"tag-demain-nous-appartient-en-avance","11":"tag-divertissement","12":"tag-entertainment","13":"tag-fr","14":"tag-france","15":"tag-lorie","16":"tag-mytf1-max","17":"tag-ru00e9sumu00e9-demain-nous-appartient","18":"tag-ru00e9sumu00e9-en-avance-demain-nous-appartient","19":"tag-su00e9ries-mania","20":"tag-television","21":"tag-tf1","22":"tag-tu00e9lu00e9-loisirs","23":"tag-tv"},"share_on_mastodon":{"url":"https:\/\/pubeurope.com\/@fr\/114915728842204307","error":""},"_links":{"self":[{"href":"https:\/\/www.europesays.com\/fr\/wp-json\/wp\/v2\/posts\/273594","targetHints":{"allow":["GET"]}}],"collection":[{"href":"https:\/\/www.europesays.com\/fr\/wp-json\/wp\/v2\/posts"}],"about":[{"href":"https:\/\/www.europesays.com\/fr\/wp-json\/wp\/v2\/types\/post"}],"author":[{"embeddable":true,"href":"https:\/\/www.europesays.com\/fr\/wp-json\/wp\/v2\/users\/2"}],"replies":[{"embeddable":true,"href":"https:\/\/www.europesays.com\/fr\/wp-json\/wp\/v2\/comments?post=273594"}],"version-history":[{"count":0,"href":"https:\/\/www.europesays.com\/fr\/wp-json\/wp\/v2\/posts\/273594\/revisions"}],"wp:featuredmedia":[{"embeddable":true,"href":"https:\/\/www.europesays.com\/fr\/wp-json\/wp\/v2\/media\/273595"}],"wp:attachment":[{"href":"https:\/\/www.europesays.com\/fr\/wp-json\/wp\/v2\/media?parent=273594"}],"wp:term":[{"taxonomy":"category","embeddable":true,"href":"https:\/\/www.europesays.com\/fr\/wp-json\/wp\/v2\/categories?post=273594"},{"taxonomy":"post_tag","embeddable":true,"href":"https:\/\/www.europesays.com\/fr\/wp-json\/wp\/v2\/tags?post=273594"}],"curies":[{"name":"wp","href":"https:\/\/api.w.org\/{rel}","templated":true}]}}