{"id":273596,"date":"2025-07-25T20:20:10","date_gmt":"2025-07-25T20:20:10","guid":{"rendered":"https:\/\/www.europesays.com\/fr\/273596\/"},"modified":"2025-07-25T20:20:10","modified_gmt":"2025-07-25T20:20:10","slug":"il-a-pris-des-risques-personnels-cette-enorme-star-restee-fidele-a-francis-lalanne","status":"publish","type":"post","link":"https:\/\/www.europesays.com\/fr\/273596\/","title":{"rendered":"\u00ab\u00a0Il a pris des risques personnels\u00a0\u00bb : cette \u00e9norme star rest\u00e9e fid\u00e8le \u00e0 Francis Lalanne"},"content":{"rendered":"<p data-start=\"200\" data-end=\"647\">Depuis plusieurs<br \/>\n<strong>ann\u00e9es,<\/strong> <a href=\"https:\/\/www.closermag.fr\/people\/francis-lalanne-vous-pouvez-pas-cette-question-sur-son-cancer-a-laquelle-il-refuse-de-repondre-3566913\" target=\"_blank\" rel=\"noopener\"><br \/>\nFrancis Lalanne<\/a> a vu son image largement<br \/>\n<strong>bouscul\u00e9e<\/strong> dans les m\u00e9dias et le monde du<br \/>\nspectacle. Connue pour ses prises de position <strong>tranch\u00e9es et<br \/>\ncontrovers\u00e9es,<\/strong> la figure artistique aux multiples<br \/>\nengagements affirme aujourd\u2019hui avoir \u00e9t\u00e9 largement<br \/>\n<strong>abandonn\u00e9e<\/strong> par son entourage professionnel. Dans<br \/>\nl\u2019\u00e9mission de <a href=\"https:\/\/www.closermag.fr\/people\/pas-un-conseil-jordan-de-luxe-rembarre-par-bun-hay-mean-lors-de-son-ultime-interview-apres-une-phrase-aberrante-3562870\" target=\"_blank\" rel=\"noopener\"><br \/>\nJordan de Luxe<\/a>\u00a0diffus\u00e9e le 24 juillet, il est revenu sans<br \/>\nd\u00e9tour sur les <strong>cons\u00e9quences<\/strong> de ses engagements<br \/>\npublics.<\/p>\n<p data-start=\"649\" data-end=\"1079\">Le chanteur, po\u00e8te et ancien<br \/>\ncandidat engag\u00e9 se confie avec une certaine amertume : \u00ab\u00a0J\u2019ai<br \/>\n\u00e9t\u00e9 <strong>abandonn\u00e9 par tous mes amis. Comme des rats qui<br \/>\nquittent le navire.\u00a0\u00bb<\/strong> L\u2019artiste \u00e9voque une<br \/>\n<strong>solitude<\/strong> accentu\u00e9e par la peur que susciteraient<br \/>\nses convictions. \u00ab\u00a0<strong>Par peur d\u2019\u00eatre sur une photo avec<br \/>\nmoi, m\u00eame des amis de trente ans ont pr\u00e9f\u00e9r\u00e9<br \/>\ns\u2019\u00e9loigner<\/strong>.\u00a0\u00bb Pourtant, dans ce climat de rejet,<br \/>\nquelques figures continuent de lui tendre la main.<\/p>\n<p>Florent Pagny, l\u2019ami qui ne l\u2019a jamais l\u00e2ch\u00e9<\/p>\n<p>Alors que beaucoup prenaient leurs distances, <a href=\"https:\/\/www.closermag.fr\/people\/florent-pagny-face-au-cancer-le-chanteur-craint-toujours-le-pire-cest-la-que-je-sais-si-3534750\" target=\"_blank\" rel=\"noopener\"><br \/>\nFlorent Pagny<\/a> a fait le choix inverse. Interrog\u00e9 par Jordan de<br \/>\nLuxe sur leurs rapports, Francis Lalanne r\u00e9v\u00e8le. \u201c<strong>Il a<br \/>\npris des risques personnels, et \u00e7a m\u2019a profond\u00e9ment<br \/>\ntouch\u00e9<\/strong>.\u2019\u2019 Ce soutien, il l\u2019a mesur\u00e9 au moment o\u00f9 il a<br \/>\nrassembl\u00e9 60 artistes pour un collectif demandant la lib\u00e9ration de<br \/>\n<a href=\"https:\/\/www.closermag.fr\/people\/florent-pagny-cette-belle-nouvelle-quil-salue-apres-une-nouvelle-etape-franchie-dans-son-combat-contre-la-maladie-3503352\" target=\"_blank\" rel=\"noopener\"><br \/>\nPaul Watson<\/a>, militant \u00e9cologiste emprisonn\u00e9. \u201cFlorent a<br \/>\naccept\u00e9 d\u2019\u00eatre un peu la figure de proue artistique du projet.<br \/>\n<strong>Il l\u2019a fait, et je ne l\u2019oublierai<br \/>\njamais.<\/strong><strong>\u2019\u2019<\/strong><\/p>\n<p>Florent Pagny ne s\u2019est pas content\u00e9 d\u2019un simple nom sur une<br \/>\nliste. Il s\u2019est <strong>engag\u00e9<\/strong> publiquement, participant \u00e0<br \/>\nune \u00e9mission pour soutenir la cause. Et pourtant, il \u00e9tait mal \u00e0<br \/>\nl\u2019aise au d\u00e9but. \u201cIl m\u2019a dit : <strong>Francis, c\u2019est ta<br \/>\nchanson. Je ne comprends pas pourquoi tu restes en<br \/>\narri\u00e8re.<\/strong> Je lui ai r\u00e9pondu : Ce n\u2019est <strong>pas moi qui<br \/>\ncompte, c\u2019est la cause<\/strong><strong>.\u2019\u2019<\/strong><\/p>\n<p>Dieudonn\u00e9, un lien fraternel dans l\u2019adversit\u00e9 pour Francis<br \/>\nLalanne<\/p>\n<p data-start=\"1137\" data-end=\"1586\">En revenant sur sa relation<br \/>\navec <a href=\"https:\/\/www.closermag.fr\/people\/francis-lalanne-ce-sketch-de-dieudonne-qui-a-pese-dans-le-choix-de-son-traitement-illegal-contre-le-cancer-3566879\" target=\"_blank\" rel=\"noopener\"><br \/>\nDieudonn\u00e9<\/a>, Francis Lalanne a \u00e9t\u00e9 cat\u00e9gorique. \u00ab\u00a0Plus que<br \/>\njamais, <strong>nous sommes devenus des fr\u00e8res.<\/strong>\u00a0\u00bb Une<br \/>\nfraternit\u00e9 revendiqu\u00e9e et assum\u00e9e dans un monde artistique o\u00f9 le<br \/>\nsoutien entre personnalit\u00e9s peut vite vaciller. \u00ab\u00a0Quand on se<br \/>\nparle, on s\u00a0\u00bbappelle <strong>fr\u00e8re Dieudonn\u00e9, fr\u00e8re<br \/>\nFrancis<\/strong>.\u00a0\u00bb insiste-t-il.<\/p>\n<p data-start=\"1588\" data-end=\"1963\">\u00c0 ses yeux, cette fid\u00e9lit\u00e9 a<br \/>\nd\u2019autant plus de valeur qu\u2019elle se fait rare. \u00ab\u00a0<strong>Dans ce<br \/>\nm\u00e9tier, j\u2019ai \u00e9t\u00e9 abandonn\u00e9, mais lui est rest\u00e9<\/strong>.\u00a0\u00bb<br \/>\nAlors que d\u2019autres prennent leurs distances, Dieudonn\u00e9, lui-m\u00eame<br \/>\nhabitu\u00e9 aux controverses, assume publiquement leur proximit\u00e9.<\/p>\n","protected":false},"excerpt":{"rendered":"Depuis plusieurs ann\u00e9es, Francis Lalanne a vu son image largement bouscul\u00e9e dans les m\u00e9dias et le monde du&hellip;\n","protected":false},"author":2,"featured_media":273597,"comment_status":"","ping_status":"","sticky":false,"template":"","format":"standard","meta":{"footnotes":""},"categories":[1355],"tags":[548,41311,58,59,3109,1011,27,21301,1361,873],"class_list":{"0":"post-273596","1":"post","2":"type-post","3":"status-publish","4":"format-standard","5":"has-post-thumbnail","7":"category-musique","8":"tag-article-simple","9":"tag-dieudonne","10":"tag-divertissement","11":"tag-entertainment","12":"tag-florent-pagny","13":"tag-fr","14":"tag-france","15":"tag-francis-lalanne","16":"tag-music","17":"tag-musique"},"share_on_mastodon":{"url":"https:\/\/pubeurope.com\/@fr\/114915732712208958","error":""},"_links":{"self":[{"href":"https:\/\/www.europesays.com\/fr\/wp-json\/wp\/v2\/posts\/273596","targetHints":{"allow":["GET"]}}],"collection":[{"href":"https:\/\/www.europesays.com\/fr\/wp-json\/wp\/v2\/posts"}],"about":[{"href":"https:\/\/www.europesays.com\/fr\/wp-json\/wp\/v2\/types\/post"}],"author":[{"embeddable":true,"href":"https:\/\/www.europesays.com\/fr\/wp-json\/wp\/v2\/users\/2"}],"replies":[{"embeddable":true,"href":"https:\/\/www.europesays.com\/fr\/wp-json\/wp\/v2\/comments?post=273596"}],"version-history":[{"count":0,"href":"https:\/\/www.europesays.com\/fr\/wp-json\/wp\/v2\/posts\/273596\/revisions"}],"wp:featuredmedia":[{"embeddable":true,"href":"https:\/\/www.europesays.com\/fr\/wp-json\/wp\/v2\/media\/273597"}],"wp:attachment":[{"href":"https:\/\/www.europesays.com\/fr\/wp-json\/wp\/v2\/media?parent=273596"}],"wp:term":[{"taxonomy":"category","embeddable":true,"href":"https:\/\/www.europesays.com\/fr\/wp-json\/wp\/v2\/categories?post=273596"},{"taxonomy":"post_tag","embeddable":true,"href":"https:\/\/www.europesays.com\/fr\/wp-json\/wp\/v2\/tags?post=273596"}],"curies":[{"name":"wp","href":"https:\/\/api.w.org\/{rel}","templated":true}]}}