{"id":273608,"date":"2025-07-25T20:26:11","date_gmt":"2025-07-25T20:26:11","guid":{"rendered":"https:\/\/www.europesays.com\/fr\/273608\/"},"modified":"2025-07-25T20:26:11","modified_gmt":"2025-07-25T20:26:11","slug":"pernod-ricard-envisagerait-de-licencier-140-postes-de-son-siege-parisien","status":"publish","type":"post","link":"https:\/\/www.europesays.com\/fr\/273608\/","title":{"rendered":"Pernod-Ricard envisagerait de licencier 140 postes de son si\u00e8ge parisien"},"content":{"rendered":"<p>Le couperet est tomb\u00e9 pour le si\u00e8ge parisien de <a href=\"https:\/\/www.20minutes.fr\/economie\/4108566-20240905-face-polemique-pernod-ricard-renonce-sponsoriser-psg\" target=\"_blank\" class=\"color-ultramarine c-link\" rel=\"noopener\">Pernod-Ricard<\/a>. Pr\u00e8s de 140 postes devraient \u00eatre supprim\u00e9s, un signal fort de la crise qui frappe le secteur des <a href=\"https:\/\/www.20minutes.fr\/dossier\/spiritueux\" target=\"_blank\" class=\"color-ultramarine c-link\" rel=\"noopener\">spiritueux<\/a>. Selon <a href=\"https:\/\/www.20minutes.fr\/dossier\/le_monde\" target=\"_blank\" class=\"color-ultramarine c-link\" rel=\"noopener\">Le Monde<\/a>, le groupe a engag\u00e9 en juin un plan de r\u00e9organisation de grande ampleur, qui entra\u00eenera des d\u00e9parts \u00ab\u00a0l\u00e0 o\u00f9 cela est n\u00e9cessaire\u00a0\u00bb. Pernod-Ricard n\u2019a pas d\u00e9menti ces informations et insiste sur le fait que \u00ab\u00a0le dialogue social se poursuit\u00a0\u00bb.<\/p>\n<p>Situ\u00e9 derri\u00e8re la gare Saint-Lazare, le si\u00e8ge parisien perdrait 17\u00a0% de ses effectifs, essentiellement des cadres. Ces d\u00e9parts, cens\u00e9s se faire sur la base du volontariat, pourraient s\u2019accompagner de 30 suppressions de postes chez Martell \u00e0 <a href=\"https:\/\/www.20minutes.fr\/dossier\/cognac\" target=\"_blank\" class=\"color-ultramarine c-link\" rel=\"noopener\">Cognac<\/a>, tandis que les \u00e9quipes de G.H. Mumm en <a href=\"https:\/\/www.20minutes.fr\/dossier\/champagne\" target=\"_blank\" class=\"color-ultramarine c-link\" rel=\"noopener\">Champagne<\/a> restent dans l\u2019attente, sur fond de possibles cessions.<\/p>\n<\/p>\n<p>Toutes les divisions sont concern\u00e9es<\/p>\n<p>La <a href=\"https:\/\/www.20minutes.fr\/dossier\/restructuration\" target=\"_blank\" class=\"color-ultramarine c-link\" rel=\"noopener\">restructuration<\/a> pr\u00e9voit aussi un grand m\u00e9nage dans l\u2019organisation\u00a0: les cinq divisions actuelles seront fondues en deux p\u00f4les. La division \u00ab\u00a0Gold\u00a0\u00bb regroupera les <a href=\"https:\/\/www.20minutes.fr\/dossier\/alcool\" target=\"_blank\" class=\"color-ultramarine c-link\" rel=\"noopener\">alcools<\/a> de vieillissement, les eaux-de-vie de raisin et le champagne, tandis que \u00ab\u00a0Crystal\u00a0\u00bb rassemblera les alcools blancs et les ap\u00e9ritifs.<\/p>\n<p><a href=\"https:\/\/www.20minutes.fr\/dossier\/spiritueux\" target=\"_blank\" class=\"c-link c-btn c-btn--primary\" rel=\"noopener\">Notre dossier sur les spiritueux<\/a><\/p>\n<p>Cette refonte intervient dans un climat \u00e9conomique tendu. Fin avril, Pernod-Ricard a annonc\u00e9 un repli de 3\u00a0% de ses ventes trimestrielles, tomb\u00e9es \u00e0 2,3\u00a0milliards d\u2019euros, et maintenu sa pr\u00e9vision de baisse annuelle, pointant un contexte g\u00e9opolitique \u00ab\u00a0difficile\u00a0\u00bb. Le march\u00e9 mondial de l\u2019alcool est plomb\u00e9 par les tensions douani\u00e8res avec la <a href=\"https:\/\/www.20minutes.fr\/dossier\/chine\" target=\"_blank\" class=\"color-ultramarine c-link\" rel=\"noopener\">Chine<\/a> et les <a href=\"https:\/\/www.20minutes.fr\/monde\/etats-unis\/\" target=\"_blank\" class=\"color-ultramarine c-link\" rel=\"noopener\">Etats-Unis<\/a> ainsi que par l\u2019\u00e9volution des modes de consommation.<\/p>\n","protected":false},"excerpt":{"rendered":"Le couperet est tomb\u00e9 pour le si\u00e8ge parisien de Pernod-Ricard. Pr\u00e8s de 140 postes devraient \u00eatre supprim\u00e9s, un&hellip;\n","protected":false},"author":2,"featured_media":273609,"comment_status":"","ping_status":"","sticky":false,"template":"","format":"standard","meta":{"footnotes":""},"categories":[6],"tags":[47,5702,35,700,16954,33742,33,34,1011,27,662,414,626,15747,707],"class_list":{"0":"post-273608","1":"post","2":"type-post","3":"status-publish","4":"format-standard","5":"has-post-thumbnail","7":"category-economie","8":"tag-actualite","9":"tag-alcool","10":"tag-business","11":"tag-champagne","12":"tag-cognac","13":"tag-droits-de-douane-americains","14":"tag-economie","15":"tag-economy","16":"tag-fr","17":"tag-france","18":"tag-ile-de-france","19":"tag-licenciement","20":"tag-paris","21":"tag-plan-social","22":"tag-spiritueux"},"share_on_mastodon":{"url":"https:\/\/pubeurope.com\/@fr\/114915756229232943","error":""},"_links":{"self":[{"href":"https:\/\/www.europesays.com\/fr\/wp-json\/wp\/v2\/posts\/273608","targetHints":{"allow":["GET"]}}],"collection":[{"href":"https:\/\/www.europesays.com\/fr\/wp-json\/wp\/v2\/posts"}],"about":[{"href":"https:\/\/www.europesays.com\/fr\/wp-json\/wp\/v2\/types\/post"}],"author":[{"embeddable":true,"href":"https:\/\/www.europesays.com\/fr\/wp-json\/wp\/v2\/users\/2"}],"replies":[{"embeddable":true,"href":"https:\/\/www.europesays.com\/fr\/wp-json\/wp\/v2\/comments?post=273608"}],"version-history":[{"count":0,"href":"https:\/\/www.europesays.com\/fr\/wp-json\/wp\/v2\/posts\/273608\/revisions"}],"wp:featuredmedia":[{"embeddable":true,"href":"https:\/\/www.europesays.com\/fr\/wp-json\/wp\/v2\/media\/273609"}],"wp:attachment":[{"href":"https:\/\/www.europesays.com\/fr\/wp-json\/wp\/v2\/media?parent=273608"}],"wp:term":[{"taxonomy":"category","embeddable":true,"href":"https:\/\/www.europesays.com\/fr\/wp-json\/wp\/v2\/categories?post=273608"},{"taxonomy":"post_tag","embeddable":true,"href":"https:\/\/www.europesays.com\/fr\/wp-json\/wp\/v2\/tags?post=273608"}],"curies":[{"name":"wp","href":"https:\/\/api.w.org\/{rel}","templated":true}]}}