{"id":27361,"date":"2025-04-15T19:35:10","date_gmt":"2025-04-15T19:35:10","guid":{"rendered":"https:\/\/www.europesays.com\/fr\/27361\/"},"modified":"2025-04-15T19:35:10","modified_gmt":"2025-04-15T19:35:10","slug":"ladaipe-propose-une-formation-sur-la-strategie-de-defense-penale-a-nice-le","status":"publish","type":"post","link":"https:\/\/www.europesays.com\/fr\/27361\/","title":{"rendered":"L\u2019ADAIPE propose une formation sur la strat\u00e9gie de d\u00e9fense p\u00e9nale \u00e0 Nice le (\u2026)"},"content":{"rendered":"<p>                    <img loading=\"lazy\" decoding=\"async\" src=\"https:\/\/www.europesays.com\/fr\/wp-content\/uploads\/2025\/04\/5a0cfb9c377fde45ae440426299056.png\" class=\"img-responsive post-image\" width=\"680\" height=\"510\" alt=\"L'ADAIPE propose une (\u2026)\" title=\"L'ADAIPE propose une formation sur la strat\u00e9gie de d\u00e9fense p\u00e9nale \u00e0 Nice le 25 avril\"\/><\/p>\n<p class=\"chapo\">L\u2019Association des Avocats Int\u00e9ress\u00e9s par le Droit P\u00e9nal (ADA\u00cfPE) organise une formation professionnelle intitul\u00e9e \u00ab\u00a0Ma Strat\u00e9gie de D\u00e9fense P\u00e9nale\u00a0\u00bb le 25 avril 2025 \u00e0 16h30 \u00e0 la Biblioth\u00e8que de l\u2019Ordre, rue Alexandre Mari \u00e0 Nice.<\/p>\n<p>Dispens\u00e9e par le Bureau de l\u2019ADA\u00cfPE, cette formation permettra aux participants de valider trois heures de formation continue. <br class=\"texte\"\/><br \/>\nL\u2019inscription, <a href=\"https:\/\/www.helloasso.com\/associations\/association-des-avocats-interesses-par-le-droit-penal\/evenements\/ma-strategie-de-defense-penale\" class=\"spip_out\" rel=\"external nofollow noopener\" target=\"_blank\">obligatoire via la plateforme HelloAsso<\/a>, est gratuite pour les adh\u00e9rents 2025 et les \u00e9l\u00e8ves-avocats, tandis qu\u2019elle est fix\u00e9e \u00e0 25 \u20ac pour les non-adh\u00e9rents. Une participation en visioconf\u00e9rence est possible pour les professionnels ext\u00e9rieurs.<br class=\"autobr\"\/><br \/>\nLa formation sera suivie d\u2019un moment convivial autour d\u2019un ap\u00e9ritif. Un rendez-vous \u00e0 ne pas manquer pour les praticiens du droit p\u00e9nal soucieux de perfectionner leur strat\u00e9gie de d\u00e9fense.<\/p>\n<p><strong>Pour plus d\u2019informations <\/strong>\u00a0: <a href=\"https:\/\/www.petitesaffiches.fr\/cdn-cgi\/l\/email-protection\" class=\"__cf_email__\" data-cfemail=\"3b5a5f5a524b5e155a48485458525a4f5254557b5c565a525715585456\" rel=\"nofollow noopener\" target=\"_blank\">[email\u00a0protected]<\/a><\/p>\n<p><a href=\"https:\/\/www.helloasso.com\/associations\/association-des-avocats-interesses-par-le-droit-penal\/evenements\/ma-strategie-de-defense-penale\" class=\"spip_out spip_doc_lien\" rel=\"nofollow noopener\" target=\"_blank\"><\/p>\n<p>\t\t<img loading=\"lazy\" decoding=\"async\" src=\"https:\/\/www.europesays.com\/fr\/wp-content\/uploads\/2025\/04\/1744657609181.jpg\" width=\"800\" height=\"1131\" alt=\"\"\/><\/a><\/p>\n<p>Visuel de Une (d\u00e9tail)\u00a0: \u00a9ADAIPE<\/p>\n","protected":false},"excerpt":{"rendered":"L\u2019Association des Avocats Int\u00e9ress\u00e9s par le Droit P\u00e9nal (ADA\u00cfPE) organise une formation professionnelle intitul\u00e9e \u00ab\u00a0Ma Strat\u00e9gie de D\u00e9fense&hellip;\n","protected":false},"author":2,"featured_media":27362,"comment_status":"","ping_status":"","sticky":false,"template":"","format":"standard","meta":{"footnotes":""},"categories":[2819],"tags":[1111,11,2408,1777,674,1011,27,12,2401,882,25],"class_list":{"0":"post-27361","1":"post","2":"type-post","3":"status-publish","4":"format-standard","5":"has-post-thumbnail","7":"category-nice","8":"tag-actu","9":"tag-actualites","10":"tag-appels-d","11":"tag-eu","12":"tag-europe","13":"tag-fr","14":"tag-france","15":"tag-news","16":"tag-nice","17":"tag-provence-alpes-cote-dazur","18":"tag-republique-francaise"},"share_on_mastodon":{"url":"https:\/\/pubeurope.com\/@fr\/114343662504331159","error":""},"_links":{"self":[{"href":"https:\/\/www.europesays.com\/fr\/wp-json\/wp\/v2\/posts\/27361","targetHints":{"allow":["GET"]}}],"collection":[{"href":"https:\/\/www.europesays.com\/fr\/wp-json\/wp\/v2\/posts"}],"about":[{"href":"https:\/\/www.europesays.com\/fr\/wp-json\/wp\/v2\/types\/post"}],"author":[{"embeddable":true,"href":"https:\/\/www.europesays.com\/fr\/wp-json\/wp\/v2\/users\/2"}],"replies":[{"embeddable":true,"href":"https:\/\/www.europesays.com\/fr\/wp-json\/wp\/v2\/comments?post=27361"}],"version-history":[{"count":0,"href":"https:\/\/www.europesays.com\/fr\/wp-json\/wp\/v2\/posts\/27361\/revisions"}],"wp:featuredmedia":[{"embeddable":true,"href":"https:\/\/www.europesays.com\/fr\/wp-json\/wp\/v2\/media\/27362"}],"wp:attachment":[{"href":"https:\/\/www.europesays.com\/fr\/wp-json\/wp\/v2\/media?parent=27361"}],"wp:term":[{"taxonomy":"category","embeddable":true,"href":"https:\/\/www.europesays.com\/fr\/wp-json\/wp\/v2\/categories?post=27361"},{"taxonomy":"post_tag","embeddable":true,"href":"https:\/\/www.europesays.com\/fr\/wp-json\/wp\/v2\/tags?post=27361"}],"curies":[{"name":"wp","href":"https:\/\/api.w.org\/{rel}","templated":true}]}}