{"id":273681,"date":"2025-07-25T21:14:13","date_gmt":"2025-07-25T21:14:13","guid":{"rendered":"https:\/\/www.europesays.com\/fr\/273681\/"},"modified":"2025-07-25T21:14:13","modified_gmt":"2025-07-25T21:14:13","slug":"multimedia-la-france-le-royaume-uni-et-lallemagne-demandent-un-cessez-le-feu-immediat-a-gaza-et-rejettent-lannexion-israelienne-xinhua","status":"publish","type":"post","link":"https:\/\/www.europesays.com\/fr\/273681\/","title":{"rendered":"(Multim\u00e9dia) La France, le Royaume-Uni et l&rsquo;Allemagne demandent un cessez-le-feu imm\u00e9diat \u00e0 Gaza et rejettent l&rsquo;annexion isra\u00e9lienne &#8211; Xinhua"},"content":{"rendered":"<p><img decoding=\"async\" controls=\"controls\" src=\"https:\/\/www.europesays.com\/fr\/wp-content\/uploads\/2025\/07\/202507262298d81885334f9580393f2342e6da85_CbsbffF007008_20250726_CBMFN0A001.JPG\"\/>Des Palestiniens attendent de recevoir de la nourriture gratuite dans une cuisine caritative \u00e0 Gaza, le 24 juillet 2025. (Xinhua\/Rizek Abdeljawad)<\/p>\n<p><strong>Emmanuel Macron, le pr\u00e9sident fran\u00e7ais, Keir Starmer, le Premier ministre britannique, et Friedrich Merz, le chancelier allemand, ont publi\u00e9 vendredi un communiqu\u00e9 commun demandant un cessez-le-feu imm\u00e9diat \u00e0 Gaza, la lib\u00e9ration inconditionnelle de tous les otages et la lev\u00e9e des restrictions sur l&rsquo;aide humanitaire.<\/strong><\/p>\n<p>PARIS\/BERLIN, 25 juillet (Xinhua) &#8212; Emmanuel Macron, le pr\u00e9sident fran\u00e7ais, Keir Starmer, le Premier ministre britannique, et Friedrich Merz, le chancelier allemand, ont publi\u00e9 vendredi un communiqu\u00e9 commun demandant un cessez-le-feu imm\u00e9diat \u00e0 Gaza, la lib\u00e9ration inconditionnelle de tous les otages et la lev\u00e9e des restrictions sur l&rsquo;aide humanitaire.<\/p>\n<p>Selon le communiqu\u00e9, diffus\u00e9 \u00e0 l&rsquo;issue d&rsquo;un appel t\u00e9l\u00e9phonique entre les trois dirigeants, \u00ab\u00a0le temps est venu de mettre fin \u00e0 la guerre \u00e0 Gaza\u00a0\u00bb. Ils ont aussi soulign\u00e9 qu&rsquo;une tr\u00eave n\u00e9goci\u00e9e constitue \u00ab\u00a0la meilleure chance de rapatrier les otages, de mettre fin \u00e0 l&rsquo;angoisse de leurs familles et d&rsquo;apporter enfin un soulagement \u00e0 la population civile de Gaza\u00a0\u00bb.<\/p>\n<p>Le communiqu\u00e9 qualifie par ailleurs d&rsquo;inacceptable la catastrophe humanitaire \u00e0 Gaza et demande une action urgente pour r\u00e9pondre aux besoins les plus \u00e9l\u00e9mentaires de la population, notamment l&rsquo;acc\u00e8s \u00e0 la nourriture et \u00e0 l&rsquo;eau. \u00ab\u00a0Bloquer l&rsquo;aide humanitaire essentielle \u00e0 la population civile n&rsquo;est pas acceptable\u00a0\u00bb, ont d\u00e9clar\u00e9 les trois dirigeants, exhortant Isra\u00ebl \u00e0 lever imm\u00e9diatement les restrictions sur l&rsquo;acheminement de l&rsquo;aide et \u00e0 permettre aux Nations unies et aux organisations non gouvernementales humanitaires d&rsquo;op\u00e9rer sans entrave.<\/p>\n<p>\u00ab\u00a0Isra\u00ebl doit respecter les obligations qui lui incombent en vertu du droit international humanitaire\u00a0\u00bb, a soulign\u00e9 le communiqu\u00e9.<\/p>\n<p>Les trois dirigeants ont \u00e9galement exprim\u00e9 leur ferme opposition \u00e0 toute tentative de l&rsquo;Etat h\u00e9breu d&rsquo;imposer\u00a0sa souverainet\u00e9 sur les territoires palestiniens occup\u00e9s. Ils ont averti que les menaces d&rsquo;annexion, l&rsquo;expansion des colonies et les actes de violence des colons contre les Palestiniens compromettent gravement les perspectives d&rsquo;une solution n\u00e9goci\u00e9e \u00e0 deux Etats.<\/p>\n<p>Concernant l&rsquo;avenir, le communiqu\u00e9 a rappel\u00e9 que le Hamas doit \u00eatre d\u00e9sarm\u00e9 et exclu de toute gouvernance future de Gaza. Dans le m\u00eame temps, les trois dirigeants ont d\u00e9clar\u00e9 que le retrait des forces isra\u00e9liennes et la destitution de la direction du Hamas sont des \u00e9tapes essentielles vers une r\u00e9solution politique durable.<\/p>\n<p>La France, le Royaume-Uni et l&rsquo;Allemagne se sont en outre engag\u00e9s \u00e0 travailler avec leurs partenaires internationaux \u00e0 l&rsquo;\u00e9laboration d&rsquo;un plan pr\u00e9cis et cr\u00e9dible pour la prochaine phase \u00e0 Gaza. Ce plan, ont-ils affirm\u00e9, aura pour objectif de permettre l&rsquo;acheminement massif de l&rsquo;aide humanitaire, de r\u00e9tablir la stabilit\u00e9 et de jeter les bases d&rsquo;un dialogue politique renouvel\u00e9.<\/p>\n<p>Cet appel intervient au lendemain de l&rsquo;annonce par le pr\u00e9sident Macron de l&rsquo;intention de la France de reconna\u00eetre officiellement l&rsquo;Etat de Palestine lors de l&rsquo;Assembl\u00e9e g\u00e9n\u00e9rale de l&rsquo;ONU en septembre prochain. De son c\u00f4t\u00e9, tout en qualifiant la situation \u00e0 Gaza d'\u00a0\u00bbinacceptable\u00a0\u00bb, le chancelier allemand Merz a indiqu\u00e9 que l&rsquo;Allemagne n&rsquo;avait pas l&rsquo;intention de faire de m\u00eame dans l&rsquo;imm\u00e9diat.<\/p>\n","protected":false},"excerpt":{"rendered":"Des Palestiniens attendent de recevoir de la nourriture gratuite dans une cuisine caritative \u00e0 Gaza, le 24 juillet&hellip;\n","protected":false},"author":2,"featured_media":273682,"comment_status":"","ping_status":"","sticky":false,"template":"","format":"standard","meta":{"footnotes":""},"categories":[1587],"tags":[11,672,1804,1805,1803,1777,674,27,665,1801,12,1802,473],"class_list":{"0":"post-273681","1":"post","2":"type-post","3":"status-publish","4":"format-standard","5":"has-post-thumbnail","7":"category-allemagne","8":"tag-actualites","9":"tag-allemagne","10":"tag-bundesrepublik-deutschland","11":"tag-de","12":"tag-deutschland","13":"tag-eu","14":"tag-europe","15":"tag-france","16":"tag-gaza","17":"tag-germany","18":"tag-news","19":"tag-republique-federale-dallemagne","20":"tag-royaume-uni"},"share_on_mastodon":{"url":"https:\/\/pubeurope.com\/@fr\/114915945002822443","error":""},"_links":{"self":[{"href":"https:\/\/www.europesays.com\/fr\/wp-json\/wp\/v2\/posts\/273681","targetHints":{"allow":["GET"]}}],"collection":[{"href":"https:\/\/www.europesays.com\/fr\/wp-json\/wp\/v2\/posts"}],"about":[{"href":"https:\/\/www.europesays.com\/fr\/wp-json\/wp\/v2\/types\/post"}],"author":[{"embeddable":true,"href":"https:\/\/www.europesays.com\/fr\/wp-json\/wp\/v2\/users\/2"}],"replies":[{"embeddable":true,"href":"https:\/\/www.europesays.com\/fr\/wp-json\/wp\/v2\/comments?post=273681"}],"version-history":[{"count":0,"href":"https:\/\/www.europesays.com\/fr\/wp-json\/wp\/v2\/posts\/273681\/revisions"}],"wp:featuredmedia":[{"embeddable":true,"href":"https:\/\/www.europesays.com\/fr\/wp-json\/wp\/v2\/media\/273682"}],"wp:attachment":[{"href":"https:\/\/www.europesays.com\/fr\/wp-json\/wp\/v2\/media?parent=273681"}],"wp:term":[{"taxonomy":"category","embeddable":true,"href":"https:\/\/www.europesays.com\/fr\/wp-json\/wp\/v2\/categories?post=273681"},{"taxonomy":"post_tag","embeddable":true,"href":"https:\/\/www.europesays.com\/fr\/wp-json\/wp\/v2\/tags?post=273681"}],"curies":[{"name":"wp","href":"https:\/\/api.w.org\/{rel}","templated":true}]}}