{"id":273701,"date":"2025-07-25T21:25:16","date_gmt":"2025-07-25T21:25:16","guid":{"rendered":"https:\/\/www.europesays.com\/fr\/273701\/"},"modified":"2025-07-25T21:25:16","modified_gmt":"2025-07-25T21:25:16","slug":"motogp-brno-j3-ai-ogura-aprilia-14-ce-nest-pas-suffisant-on-est-loin-de-la-ou-on-veut-etre","status":"publish","type":"post","link":"https:\/\/www.europesays.com\/fr\/273701\/","title":{"rendered":"MotoGP, Brno J3, Ai Ogura (Aprilia\/14) : \u00ab\u00a0Ce n&rsquo;est pas suffisant, on est loin de l\u00e0 o\u00f9 on veut \u00eatre\u00a0\u00bb"},"content":{"rendered":"<p><strong>Ai Ogura a \u00e9volu\u00e9 dans le fond du classement \u00e0 Brno,<br \/>\nloin du top 5 de son co\u00e9quipier Ra\u00fal Fern\u00e1ndez, et se dit<br \/>\n\u00ab\u00a0pas vraiment content\u00a0\u00bb de son GP.<\/strong><\/p>\n<p>Apr\u00e8s un d\u00e9but de saison plus qu\u2019impressionnant, durant lequel<br \/>\nles projecteurs s\u2019\u00e9taient braqu\u00e9s sur lui, <strong>Ai<br \/>\nOgura<\/strong> conna\u00eet depuis deux mois une p\u00e9riode plus<br \/>\ncompliqu\u00e9e. Bless\u00e9 lors de la premi\u00e8re journ\u00e9e d\u2019essais du Grand<br \/>\nPrix de Grande-Bretagne fin-mai, le Japonais avait d\u00fb \u00eatre op\u00e9r\u00e9 du<br \/>\nhaut du tibia et avait manqu\u00e9 deux \u00e9preuves, celles de Silverstone<br \/>\net d\u2019Aragon. Malgr\u00e9 un retour un mois plus tard au Mugello, il n\u2019a<br \/>\ndepuis pas retrouv\u00e9 la comp\u00e9titivit\u00e9 dont il avait su faire preuve<br \/>\nlors des premiers Grand Prix.<\/p>\n<p>Il avait en effet toujours marqu\u00e9 des points \u00e0 chaque course et<br \/>\navait termin\u00e9 plus de la moiti\u00e9 d\u2019entre elles dans le top 10, sans<br \/>\noublier ses deux incroyables tops 5 d\u00e9croch\u00e9s lors du premier GP en<br \/>\nTha\u00eflande. Une performance remarqu\u00e9e pour des d\u00e9buts en MotoGP, et<br \/>\nqui avait largement impressionn\u00e9. Mais depuis son retour de<br \/>\nblessure, \u00e0 l\u2019inverse, il n\u2019a marqu\u00e9 des points qu\u2019\u00e0 deux reprises<br \/>\nsur les huit courses disput\u00e9es et n\u2019a termin\u00e9 qu\u2019une fois dans le<br \/>\ntop 10.<\/p>\n<p><img loading=\"lazy\" decoding=\"async\" class=\"aligncenter size-full wp-image-1314159\" src=\"https:\/\/www.europesays.com\/fr\/wp-content\/uploads\/2025\/07\/Ai-Ogura.jpg\" alt=\"Ai Ogura Brno\" width=\"800\" height=\"533\"  \/><\/p>\n<p>Le week-end dernier en R\u00e9publique Tch\u00e8que n\u2019a pas fait<br \/>\nexception. Sur le sec comme sur le mouill\u00e9, il a \u00e9volu\u00e9 dans les<br \/>\nderni\u00e8res places du classement, et s\u2019est qualifi\u00e9 21e et<br \/>\navant-dernier. Seulement 16e en course sprint, il est parvenu \u00e0<br \/>\nremonter jusqu\u2019au 14e rang en course principale le dimanche et \u00e0<br \/>\nmarquer deux points, mais cela reste <a href=\"https:\/\/www.paddock-gp.com\/motogp-brno-j3-raul-fernandez-aprilia-5-rebooste-par-davide-brivio-mon-meilleur-week-end-en-motogp\/\" target=\"_blank\" rel=\"noopener nofollow\">loin du top 5 de son co\u00e9quipier,<br \/>\nRa\u00fal Fern\u00e1ndez<\/a>.<\/p>\n<p>\u00ab\u00a0\u00c7a a encore \u00e9t\u00e9 un week-end difficile\u00a0\u00bb,<br \/>\na-t-il d\u00e9clar\u00e9. \u00ab\u00a0On a progress\u00e9 ce matin au warm-up, mais<br \/>\npendant la course, je suis rest\u00e9 coinc\u00e9 derri\u00e8re un pilote pendant<br \/>\nun bon bout de temps. Quand j\u2019\u00e9tais seul, le rythme \u00e9tait correct,<br \/>\nmais ce n\u2019\u00e9tait quand m\u00eame pas assez rapide. J\u2019ai pu gagner<br \/>\nquelques places, mais c\u2019est loin de l\u00e0 o\u00f9 on veut \u00eatre. Ce n\u2019est<br \/>\npas suffisant et je ne suis pas vraiment content du week-end. Mais<br \/>\nquelques points suppl\u00e9mentaires avant la pause estivale sont une<br \/>\nbonne chose. On peut maintenant se reposer un peu avant d\u2019aborder<br \/>\nla deuxi\u00e8me partie de la saison.\u00a0\u00bb<\/p>\n<p><strong>Ai Ogura<\/strong> va b\u00e9n\u00e9ficier de plusieurs semaines de<br \/>\npause pour revenir \u00e0 son meilleur niveau et repartir d\u2019une page<br \/>\nblanche en Autriche mi-ao\u00fbt afin de d\u00e9marrer au mieux sa deuxi\u00e8me<br \/>\npartie de saison.<\/p>\n<p><strong>R\u00e9sultats du Grand Prix de R\u00e9publique Tch\u00e8que<br \/>\n:<\/strong><\/p>\n<p><img loading=\"lazy\" decoding=\"async\" class=\"aligncenter size-full wp-image-1312898\" src=\"https:\/\/www.europesays.com\/fr\/wp-content\/uploads\/2025\/07\/Capture-decran-2025-07-20-161834.png\" alt=\"GP Brno\" width=\"796\" height=\"504\"  \/><\/p>\n<p>Cr\u00e9dit classement : <a href=\"https:\/\/www.motogp.com\/fr\" rel=\"nofollow noopener\" target=\"_blank\">MotoGP.com<\/a><\/p>\n","protected":false},"excerpt":{"rendered":"Ai Ogura a \u00e9volu\u00e9 dans le fond du classement \u00e0 Brno, loin du top 5 de son co\u00e9quipier&hellip;\n","protected":false},"author":2,"featured_media":273702,"comment_status":"","ping_status":"","sticky":false,"template":"","format":"standard","meta":{"footnotes":""},"categories":[1413],"tags":[1011,27,1457,1456,60],"class_list":{"0":"post-273701","1":"post","2":"type-post","3":"status-publish","4":"format-standard","5":"has-post-thumbnail","7":"category-moto","8":"tag-fr","9":"tag-france","10":"tag-moto","11":"tag-motocycle","12":"tag-sports"},"share_on_mastodon":{"url":"https:\/\/pubeurope.com\/@fr\/114915988137713076","error":""},"_links":{"self":[{"href":"https:\/\/www.europesays.com\/fr\/wp-json\/wp\/v2\/posts\/273701","targetHints":{"allow":["GET"]}}],"collection":[{"href":"https:\/\/www.europesays.com\/fr\/wp-json\/wp\/v2\/posts"}],"about":[{"href":"https:\/\/www.europesays.com\/fr\/wp-json\/wp\/v2\/types\/post"}],"author":[{"embeddable":true,"href":"https:\/\/www.europesays.com\/fr\/wp-json\/wp\/v2\/users\/2"}],"replies":[{"embeddable":true,"href":"https:\/\/www.europesays.com\/fr\/wp-json\/wp\/v2\/comments?post=273701"}],"version-history":[{"count":0,"href":"https:\/\/www.europesays.com\/fr\/wp-json\/wp\/v2\/posts\/273701\/revisions"}],"wp:featuredmedia":[{"embeddable":true,"href":"https:\/\/www.europesays.com\/fr\/wp-json\/wp\/v2\/media\/273702"}],"wp:attachment":[{"href":"https:\/\/www.europesays.com\/fr\/wp-json\/wp\/v2\/media?parent=273701"}],"wp:term":[{"taxonomy":"category","embeddable":true,"href":"https:\/\/www.europesays.com\/fr\/wp-json\/wp\/v2\/categories?post=273701"},{"taxonomy":"post_tag","embeddable":true,"href":"https:\/\/www.europesays.com\/fr\/wp-json\/wp\/v2\/tags?post=273701"}],"curies":[{"name":"wp","href":"https:\/\/api.w.org\/{rel}","templated":true}]}}