{"id":273705,"date":"2025-07-25T21:27:13","date_gmt":"2025-07-25T21:27:13","guid":{"rendered":"https:\/\/www.europesays.com\/fr\/273705\/"},"modified":"2025-07-25T21:27:13","modified_gmt":"2025-07-25T21:27:13","slug":"tdf-tour-de-france-sebastien-joly-un-top-5-sur-le-tour-on-signe-mais","status":"publish","type":"post","link":"https:\/\/www.europesays.com\/fr\/273705\/","title":{"rendered":"TDF. Tour de France &#8211; S\u00e9bastien Joly : \u00abUn top 5 sur le Tour, on signe mais&#8230;\u00bb"},"content":{"rendered":"<p>Cette derni\u00e8re \u00e9tape alpestre entre Albertville et La Plagne (93 km) fut une journ\u00e9e parfaite pour le collectif <strong>Decathlon AG2R La Mondiale<\/strong>. En effet, gr\u00e2ce \u00e0 une tactique de <strong>Red Bull BORA-Hansgrohe<\/strong> qui n\u2019a pas vraiment fonctionn\u00e9, l\u2019Autrichien <strong><a href=\"https:\/\/www.cyclismactu.net\/..\/news-tdf-route-tour-de-france-felix-gall-le-general-j-espere-qu-il-ne-bougera-plus-89225.html\" target=\"_blank\" rel=\"nofollow noopener\">Felix Gall<\/a><\/strong>\u00a0(Decathlon AG2R La Mondiale)\u00a0se retrouve 5e du classement g\u00e9n\u00e9ral ce soir. Une magnifique performance pour l\u2019\u00e9quipe fran\u00e7aise qui voulait \u00ab\u00a0entrer dans le top 5 du classement g\u00e9n\u00e9ral d\u00e8s 2026\u00a0\u00bb, comme l\u2019expliquait le patron de cette \u00e9quipe, <strong><a href=\"https:\/\/www.cyclismactu.net\/..\/news-tour-de-france-route-dominique-serieys-pour-gagner-un-grand-tour-on-a-une-pepite-88985.html\" target=\"_blank\" rel=\"nofollow noopener\">Dominique Serieys<\/a><\/strong>, \u00e0 notre micro de <strong>Cyclism&rsquo;Actu<\/strong> il y a quelques semaines et qui pourrait bien le faire dans 2 jours \u00e0 Paris. Bien que ce <strong>Tour de France<\/strong> 2025 ne soit pas encore termin\u00e9, le coureur autrichien de 27 ans conserve plus de trois minutes d\u2019avance sur le 6e du classement g\u00e9n\u00e9ral, le Norv\u00e9gien <strong>Tobias Halland Johannessen<\/strong> (Uno-X Mobility). Aux manettes de la formation <strong>Decathlon AG2R La Mondiale <\/strong>sur ce<strong> Tour de France<\/strong>, le directeur sportif <strong>S\u00e9bastien Joly<\/strong> s\u2019est exprim\u00e9 \u00e0 notre micro de <strong>Cyclism&rsquo;Actu<\/strong> sur la strat\u00e9gie mise en place lors de cette 19e \u00e9tape.<\/p>\n<p>\u00a0<\/p>\n<p><strong>\u00ab\u00a0On a voulu asphyxier Roglic d\u00e8s le pied de l\u2019ascension&#8230;\u00a0\u00bb<\/strong><\/p>\n<p>\u00ab\u00a0Aujourd\u2019hui, on savait qu\u2019avec cette \u00e9tape r\u00e9duite, avec le col des Saisies supprim\u00e9, la probabilit\u00e9 d\u2019une \u00e9chapp\u00e9e \u00e9tait relativement faible. Donc, naturellement, on \u00e9tait \u00e0 l\u2019aff\u00fbt. On a vu partir Roglic. Bruno [Armirail] a encore fait du tr\u00e8s bon boulot. Il a vraiment r\u00e9alis\u00e9 un travail incroyable durant ce Tour de France, que ce soit au d\u00e9part dans le Nord, dans les Pyr\u00e9n\u00e9es ou dans les Alpes. Ensuite, quand on a vu UAE rouler, surtout que Visma avait perdu beaucoup de bons coureurs, Jorgenson et compagnie, on savait que \u00e7a allait se jouer \u00e0 la p\u00e9dale. Avec les gros efforts que Roglic avait d\u00e9j\u00e0 fournis, on a voulu l\u2019asphyxier d\u00e8s le pied de l\u2019ascension, histoire de le d\u00e9moraliser. On a laiss\u00e9 UAE faire le travail au pied, puis on a pu se replacer. On a eu un tr\u00e8s beau travail de Callum [Scotson] et de Cl\u00e9ment [Berthet]. Et voil\u00e0, \u00e7a permet d\u2019int\u00e9grer ou de r\u00e9int\u00e9grer le top 5. OK, il n\u2019y a pas de victoire d\u2019\u00e9tape, mais un top 5 sur le Tour de France, l\u2019ann\u00e9e derni\u00e8re, on aurait sign\u00e9 tout de suite\u00a0\u00bb, explique le directeur sportif de 46 ans.<\/p>\n<p>\u00ab\u00a0Aujourd\u2019hui, c\u2019\u00e9tait un peu particulier. Arensman \u00e9tait tr\u00e8s fort, \u00e7a a donn\u00e9 un final particulier. Mais pour nous, la course n\u2019est pas termin\u00e9e. Demain, il y a une belle \u00e9tape de baroudeurs, et puis il y a Paris. Et Paris, je pense que certains, dont un certain \u00ab\u00a0Pogi\u00a0\u00bb, ont encore des id\u00e9es derri\u00e8re la t\u00eate. Je pense que gagner \u00e0 Paris avec le maillot jaune, \u00e7a doit \u00eatre assez cool, et je pense qu\u2019il a \u00e7a en t\u00eate. Apr\u00e8s, j\u2019imagine que si les conditions sont pluvieuses, les temps seront sans doute, ou peut-\u00eatre, neutralis\u00e9s. Mais en tout cas, on devrait avoir une belle course pour l\u2019\u00e9tape. C\u2019est l\u00e0 qu\u2019on voit aussi qu\u2019on a des \u00e9l\u00e9ments solides. Aujourd\u2019hui, Radio Tour nous donnait de bonnes infos, mais m\u00eame la t\u00e9l\u00e9 donnait des informations fiables sur Roglic. On a aussi des applications qui nous permettent de suivre et de g\u00e9rer tout \u00e7a. Quand on a senti que Roglic s\u2019\u00e9tait relev\u00e9, que les \u00e9carts \u00e9taient faits, l\u00e0, on lui a demand\u00e9 de faire tourner tout le monde, parce que d\u2019autres avaient aussi des int\u00e9r\u00eats communs. Et \u00e7a s\u2019est fait compl\u00e8tement naturellement. C\u2019est une question de bonne communication.\u00a0\u00bb<\/p>\n<p><strong>\u00ab\u00a0Quand on voit que, dans un groupe de 30 coureurs, il y en a cinq de chez nous&#8230;\u00a0\u00bb<\/strong><\/p>\n<p>\u00ab\u00a0C\u2019est ce que j\u2019\u00e9voquais avec Aur\u00e9lien [Paret-Peintre] : depuis deux ou trois jours, on avait vraiment accentu\u00e9 la communication \u00e0 l\u2019oreillette entre les coureurs et nous. \u00c7a para\u00eet simple, mais ce n\u2019est pas toujours \u00e9vident, avec la tension de la course. L\u00e0, depuis trois jours, on a vraiment \u00e9norm\u00e9ment am\u00e9lior\u00e9 cette communication. Et on sentait une vraie dynamique. Quand on voit que, dans un groupe de 30 coureurs, il y en a cinq de chez nous, \u00e7a montre une vraie d\u00e9termination, une tr\u00e8s bonne condition physique. Et c\u2019est aussi d\u00fb \u00e0 une excellente pr\u00e9paration en amont : gros travail au niveau de la pr\u00e9paration physique, de la nutrition\u2026 Ce sont plein de petits d\u00e9tails invisibles, mais sur lesquels on travaille \u00e9norm\u00e9ment depuis plusieurs mois.\u00a0Et on continue de progresser. Je ne vais pas vous mentir : si on avait pu gagner une \u00e9tape et faire le top 5, \u00e7a aurait \u00e9t\u00e9 un immense bonheur. C\u2019est toujours ce qu\u2019on recherche. Demain, il reste encore une \u00e9tape pour les baroudeurs. Paris, on sait que ce sera un peu particulier. Mais on a encore \u00e0 c\u0153ur de boucler ce Tour et de jouer cr\u00e2nement notre chance demain en \u00e9chapp\u00e9e\u00a0\u00bb, conclut<strong> S\u00e9bastien Joly<\/strong>, \u00e0 notre micro de <strong>Cyclism&rsquo;Actu<\/strong>.<\/p>\n<p>Tour de France &#8211; Classement de la 19\u00e8 \u00e9tape Tour de France &#8211; Classement g\u00e9n\u00e9ral provisoire apr\u00e8s la 19\u00e8 \u00e9tape<\/p>\n","protected":false},"excerpt":{"rendered":"Cette derni\u00e8re \u00e9tape alpestre entre Albertville et La Plagne (93 km) fut une journ\u00e9e parfaite pour le collectif&hellip;\n","protected":false},"author":2,"featured_media":273706,"comment_status":"","ping_status":"","sticky":false,"template":"","format":"standard","meta":{"footnotes":""},"categories":[1411],"tags":[1154,207,211,1011,27,209,60,210,212,208,213],"class_list":{"0":"post-273705","1":"post","2":"type-post","3":"status-publish","4":"format-standard","5":"has-post-thumbnail","7":"category-cyclisme","8":"tag-cycling","9":"tag-cyclisme","10":"tag-ffc","11":"tag-fr","12":"tag-france","13":"tag-route","14":"tag-sports","15":"tag-tour-de-france","16":"tag-uci","17":"tag-velo","18":"tag-world-tour"},"share_on_mastodon":{"url":"https:\/\/pubeurope.com\/@fr\/114915995996485956","error":""},"_links":{"self":[{"href":"https:\/\/www.europesays.com\/fr\/wp-json\/wp\/v2\/posts\/273705","targetHints":{"allow":["GET"]}}],"collection":[{"href":"https:\/\/www.europesays.com\/fr\/wp-json\/wp\/v2\/posts"}],"about":[{"href":"https:\/\/www.europesays.com\/fr\/wp-json\/wp\/v2\/types\/post"}],"author":[{"embeddable":true,"href":"https:\/\/www.europesays.com\/fr\/wp-json\/wp\/v2\/users\/2"}],"replies":[{"embeddable":true,"href":"https:\/\/www.europesays.com\/fr\/wp-json\/wp\/v2\/comments?post=273705"}],"version-history":[{"count":0,"href":"https:\/\/www.europesays.com\/fr\/wp-json\/wp\/v2\/posts\/273705\/revisions"}],"wp:featuredmedia":[{"embeddable":true,"href":"https:\/\/www.europesays.com\/fr\/wp-json\/wp\/v2\/media\/273706"}],"wp:attachment":[{"href":"https:\/\/www.europesays.com\/fr\/wp-json\/wp\/v2\/media?parent=273705"}],"wp:term":[{"taxonomy":"category","embeddable":true,"href":"https:\/\/www.europesays.com\/fr\/wp-json\/wp\/v2\/categories?post=273705"},{"taxonomy":"post_tag","embeddable":true,"href":"https:\/\/www.europesays.com\/fr\/wp-json\/wp\/v2\/tags?post=273705"}],"curies":[{"name":"wp","href":"https:\/\/api.w.org\/{rel}","templated":true}]}}