{"id":273711,"date":"2025-07-25T21:30:32","date_gmt":"2025-07-25T21:30:32","guid":{"rendered":"https:\/\/www.europesays.com\/fr\/273711\/"},"modified":"2025-07-25T21:30:32","modified_gmt":"2025-07-25T21:30:32","slug":"les-statues-de-paulette-nardal-et-dautres-femmes-celebres-installees-dans-le-18e-arrondissement-de-paris","status":"publish","type":"post","link":"https:\/\/www.europesays.com\/fr\/273711\/","title":{"rendered":"Les statues de Paulette Nardal et d&rsquo;autres femmes c\u00e9l\u00e8bres install\u00e9es dans le 18e arrondissement de Paris"},"content":{"rendered":"<p>Pour c\u00e9l\u00e9brer le premier anniversaire des JOP de Paris, une inauguration officielle doit se tenir ce samedi (26 juillet) mais les statues ont d\u00e9j\u00e0 \u00e9t\u00e9 install\u00e9es.<\/p>\n<p>La statue de Paulette Nardal en a fait du chemin, depuis les bords de Seine, il y a un an, puis la cour d&rsquo;honneur de l&rsquo;Assembl\u00e9e nationale. Sur cette rue de la Chapelle r\u00e9am\u00e9nag\u00e9e pour les Jeux olympiques, avec ses autres illustres et leurs quatre m\u00e8tres de haut, elle ne manque pas d&rsquo;attirer l&rsquo;attention, comme celle de <strong>Line<\/strong>.<\/p>\n<blockquote>\n<p>On savait que ces statues \u00e9taient l\u00e0. C&rsquo;est pour \u00e7a qu&rsquo;on est venu ici d&rsquo;ailleurs. Mais on les d\u00e9couvre et certaines femmes qu&rsquo;on ne conna\u00eet pas.<\/p>\n<\/blockquote>\n<p>Venue de Pantin, en banlieue parisienne avec son ami Martine, Line prend quelques minutes pour d\u00e9couvrir le panneau explicatif au pied de la statue de Paulette Nardal. Toutes deux saluent cette nouvelle installation des sculptures.<\/p>\n<blockquote>\n<p>Tant mieux, c&rsquo;est parfait, c&rsquo;est tr\u00e8s bien. Et puis, justement, on va avoir envie de s&rsquo;int\u00e9resser \u00e0 elle<\/p>\n<\/blockquote>\n<blockquote>\n<p>Moi, je trouve \u00e7a tr\u00e8s bien. En plus, sur cette cette esplanade, l\u00e0, \u00e7a a sa place, \u00e7a remplit l&rsquo;espace. Que ce soit dans le 18\u00e8me, c&rsquo;est bien aussi. Parce que tout est install\u00e9 dans le centre de Paris, dans le sud de Paris. Mais nous, on est du Nord.<\/p>\n<\/blockquote>\n<p>Une grande fiert\u00e9<\/p>\n<p>Parmi les riverains qui passent, <strong>Katie, Tony et H\u00e9l\u00e8ne, Guadeloup\u00e9ens<\/strong>, fiers de voir une telle repr\u00e9sentation dans le quartier. Ils donnent leur avis<\/p>\n<blockquote>\n<p>C&rsquo;est une super id\u00e9e. Guadeloupe-Martinique, c&rsquo;est pareil. Je suis tr\u00e8s contente de voir<\/p>\n<\/blockquote>\n<blockquote>\n<p>C&rsquo;est bien install\u00e9, c&rsquo;est bien. Une Antillaise, c&rsquo;est bien pour nous, pour l&rsquo;Outre-mer. Nous sommes fiers<\/p>\n<\/blockquote>\n<blockquote>\n<p>Nous sommes fiers. Non, mais c&rsquo;est bien pour notre pays. C&rsquo;est tr\u00e8s, tr\u00e8s bien. Nous sommes fiers de notre couleur en plus.<\/p>\n<\/blockquote>\n<p>Avec l&rsquo;implantation voulue p\u00e9renne de ces statues, la mairie de Paris, soutenue par le CIO, compte en plus de faire conna\u00eetre des figures souvent m\u00e9connues, renforcer davantage la repr\u00e9sentation des femmes dans l&rsquo;espace public.<\/p>\n","protected":false},"excerpt":{"rendered":"Pour c\u00e9l\u00e9brer le premier anniversaire des JOP de Paris, une inauguration officielle doit se tenir ce samedi (26&hellip;\n","protected":false},"author":2,"featured_media":273712,"comment_status":"","ping_status":"","sticky":false,"template":"","format":"standard","meta":{"footnotes":""},"categories":[1358],"tags":[1348,1384,1385,1386,58,59,1011,27],"class_list":{"0":"post-273711","1":"post","2":"type-post","3":"status-publish","4":"format-standard","5":"has-post-thumbnail","7":"category-arts-et-design","8":"tag-arts","9":"tag-arts-and-design","10":"tag-arts-et-design","11":"tag-design","12":"tag-divertissement","13":"tag-entertainment","14":"tag-fr","15":"tag-france"},"share_on_mastodon":{"url":"https:\/\/pubeurope.com\/@fr\/114916007843966660","error":""},"_links":{"self":[{"href":"https:\/\/www.europesays.com\/fr\/wp-json\/wp\/v2\/posts\/273711","targetHints":{"allow":["GET"]}}],"collection":[{"href":"https:\/\/www.europesays.com\/fr\/wp-json\/wp\/v2\/posts"}],"about":[{"href":"https:\/\/www.europesays.com\/fr\/wp-json\/wp\/v2\/types\/post"}],"author":[{"embeddable":true,"href":"https:\/\/www.europesays.com\/fr\/wp-json\/wp\/v2\/users\/2"}],"replies":[{"embeddable":true,"href":"https:\/\/www.europesays.com\/fr\/wp-json\/wp\/v2\/comments?post=273711"}],"version-history":[{"count":0,"href":"https:\/\/www.europesays.com\/fr\/wp-json\/wp\/v2\/posts\/273711\/revisions"}],"wp:featuredmedia":[{"embeddable":true,"href":"https:\/\/www.europesays.com\/fr\/wp-json\/wp\/v2\/media\/273712"}],"wp:attachment":[{"href":"https:\/\/www.europesays.com\/fr\/wp-json\/wp\/v2\/media?parent=273711"}],"wp:term":[{"taxonomy":"category","embeddable":true,"href":"https:\/\/www.europesays.com\/fr\/wp-json\/wp\/v2\/categories?post=273711"},{"taxonomy":"post_tag","embeddable":true,"href":"https:\/\/www.europesays.com\/fr\/wp-json\/wp\/v2\/tags?post=273711"}],"curies":[{"name":"wp","href":"https:\/\/api.w.org\/{rel}","templated":true}]}}